{"id":113608,"date":"2025-12-22T08:50:07","date_gmt":"2025-12-22T08:50:07","guid":{"rendered":"https:\/\/www.europesays.com\/se\/113608\/"},"modified":"2025-12-22T08:50:07","modified_gmt":"2025-12-22T08:50:07","slug":"fullt-utvecklad-brand-i-industribyggnad-i-arninge","status":"publish","type":"post","link":"https:\/\/www.europesays.com\/se\/113608\/","title":{"rendered":"Fullt utvecklad brand i industribyggnad i Arninge"},"content":{"rendered":"<p>R\u00e4ddningstj\u00e4nsten larmades om en brand i industribyggnad i Arninge strax efter klockan 08 p\u00e5 m\u00e5ndagen. <\/p>\n<p>\u2013 Det finns flera olika verksamheter i byggnaden. Just nu brinner det med full fart p\u00e5 taket och det handlar om en ganska stor insats, s\u00e4ger G\u00f6ran Norman vid R\u00e4ddningscentral mitt.<\/p>\n<p>Byggnaden har utrymts och ingen person ska ha kommit till skada. R\u00e4ddningstj\u00e4nsten bed\u00f6mer att insatsen kommer att ta \u00e5tta timmar. <\/p>\n<p>\u2013 Vi arbetar p\u00e5 att branden inte ska sprida sig, s\u00e4ger G\u00f6ran Norman.<\/p>\n<p>Texten uppdateras.<\/p>\n","protected":false},"excerpt":{"rendered":"R\u00e4ddningstj\u00e4nsten larmades om en brand i industribyggnad i Arninge strax efter klockan 08 p\u00e5 m\u00e5ndagen. \u2013 Det finns&hellip;\n","protected":false},"author":2,"featured_media":793,"comment_status":"","ping_status":"","sticky":false,"template":"","format":"standard","meta":{"footnotes":""},"categories":[14],"tags":[22,23,26,27,17,21,24,25,28,29,15,16,18,34,31,33,32,30,19,20,51,52,53,54],"class_list":{"0":"post-113608","1":"post","2":"type-post","3":"status-publish","4":"format-standard","5":"has-post-thumbnail","7":"category-varlden","8":"tag-breaking-news","9":"tag-breakingnews","10":"tag-featured-news","11":"tag-featurednews","12":"tag-headlines","13":"tag-huvudnyheter","14":"tag-latest-news","15":"tag-latestnews","16":"tag-main-news","17":"tag-mainnews","18":"tag-news","19":"tag-nyheter","20":"tag-rubriker","21":"tag-se","22":"tag-svenska","23":"tag-sverige","24":"tag-sweden","25":"tag-swedish","26":"tag-top-stories","27":"tag-topstories","28":"tag-varlden","29":"tag-world","30":"tag-world-news","31":"tag-worldnews"},"share_on_mastodon":{"url":"https:\/\/pubeurope.com\/@se\/115762366006989802","error":""},"_links":{"self":[{"href":"https:\/\/www.europesays.com\/se\/wp-json\/wp\/v2\/posts\/113608","targetHints":{"allow":["GET"]}}],"collection":[{"href":"https:\/\/www.europesays.com\/se\/wp-json\/wp\/v2\/posts"}],"about":[{"href":"https:\/\/www.europesays.com\/se\/wp-json\/wp\/v2\/types\/post"}],"author":[{"embeddable":true,"href":"https:\/\/www.europesays.com\/se\/wp-json\/wp\/v2\/users\/2"}],"replies":[{"embeddable":true,"href":"https:\/\/www.europesays.com\/se\/wp-json\/wp\/v2\/comments?post=113608"}],"version-history":[{"count":0,"href":"https:\/\/www.europesays.com\/se\/wp-json\/wp\/v2\/posts\/113608\/revisions"}],"wp:featuredmedia":[{"embeddable":true,"href":"https:\/\/www.europesays.com\/se\/wp-json\/wp\/v2\/media\/793"}],"wp:attachment":[{"href":"https:\/\/www.europesays.com\/se\/wp-json\/wp\/v2\/media?parent=113608"}],"wp:term":[{"taxonomy":"category","embeddable":true,"href":"https:\/\/www.europesays.com\/se\/wp-json\/wp\/v2\/categories?post=113608"},{"taxonomy":"post_tag","embeddable":true,"href":"https:\/\/www.europesays.com\/se\/wp-json\/wp\/v2\/tags?post=113608"}],"curies":[{"name":"wp","href":"https:\/\/api.w.org\/{rel}","templated":true}]}}