{"id":113609,"date":"2025-12-22T08:51:09","date_gmt":"2025-12-22T08:51:09","guid":{"rendered":"https:\/\/www.europesays.com\/se\/113609\/"},"modified":"2025-12-22T08:51:09","modified_gmt":"2025-12-22T08:51:09","slug":"tag-har-sparat-ut-i-krokom-vag-blockeras-trafik-och-vader-i-jul-2025-folj-senaste-nytt-svt-nyheter","status":"publish","type":"post","link":"https:\/\/www.europesays.com\/se\/113609\/","title":{"rendered":"T\u00e5g har sp\u00e5rat ut i Krokom \u2013 v\u00e4g blockeras \u2013 Trafik och v\u00e4der i jul 2025 \u2013 f\u00f6lj senaste nytt &#8211; SVT Nyheter"},"content":{"rendered":"<ol>\n<li><a href=\"https:\/\/news.google.com\/rss\/articles\/CBMivAFBVV95cUxNOEZreFRGMDBiQV9oM0c1UGpVSWxKdmtzN1VqMFlmQlkxb3hhaXdKQlRmdWZRcnNZWkd0eENsZHB5cU8xY3p5QzRqMExKXzYzam5QLWNPWno2MUNvNlJIc3lkUm04V2ZwRzlRUjNfTV9vOVpJNEdObUVwV1pjZVVKclV0dndGZEpub1F5UFB6c1ZrN0FaNE9jeDdydHJzQXhBa0tRNjRGQWxySThlNlo5SkFwUUZlQkhHanNrYw?oc=5\" target=\"_blank\" rel=\"nofollow noopener\">T\u00e5g har sp\u00e5rat ut i Krokom \u2013 v\u00e4g blockeras \u2013 Trafik och v\u00e4der i jul 2025 \u2013 f\u00f6lj senaste nytt<\/a>&nbsp;&nbsp;SVT Nyheter<\/li>\n<li><a href=\"https:\/\/news.google.com\/rss\/articles\/CBMifkFVX3lxTFBaaDd1ZlRxczBPV240Y2lYbWZvbEpSS3lZNGU0aXJHSGF5WGJVc294T0VQTmFGS0ZTdDVTNzBjZFk2YlZKQi1XTFdhMXM3OG1XNVlDeVUyMWhfcGIzaFFCMmF6UHRmMzlOUUlhMzZENUNGdUgzYnZTQ0ZYT1hVUQ?oc=5\" target=\"_blank\" rel=\"nofollow noopener\">Trafikverket: V\u00e4lj de h\u00e4r v\u00e4garna i jul<\/a>&nbsp;&nbsp;SVT Nyheter<\/li>\n<li><a href=\"https:\/\/news.google.com\/rss\/articles\/CBMilAFBVV95cUxNcHpjRHllT2ZZMkRMdExwUElGTTU4bUE3T2YyZ0lSSi1iVEtKN3ZTRVc0UlMydGRtaEpGLVRfbURpZDZKMnBJOFZJN1N4UG5BdDhEek55Q21QXzBTbDhPT0JIb3ltaHBvd012SjNLNUk5ZVd4NGpjYWtlem16cHI3SlBMRzJXQ1RyZVdyWjdRYXRKNHht?oc=5\" target=\"_blank\" rel=\"nofollow noopener\">Jultrafiken h\u00e5rdbevakas \u2013 fem v\u00e4gar mest olycksdrabbade<\/a>&nbsp;&nbsp;Sveriges Radio<\/li>\n<li><a href=\"https:\/\/news.google.com\/rss\/articles\/CBMilgFBVV95cUxQQzFsN2dMM0VHX0hQYlpBcDlpbXhlLUQtOG1UWkpBTUk4Y0FRc1RfT1htbkd4MGNmLXRYcDRQWXlxT1dNQzRNS1JsOExrMnpYbWVnRXRGZUF0TVBzOGt6dnMwRWs2dUo0anFzb3IweHA0bGZDVHJiOTQ4d1Z2WHZIc2dXQy1QNkQ1UDh3YVJxYkpFekdvN0E?oc=5\" target=\"_blank\" rel=\"nofollow noopener\">S\u00e5 blir trafiken i jul: \u201dFolk k\u00f6r inte f\u00f6rsiktigt\u201d<\/a>&nbsp;&nbsp;Aftonbladet<\/li>\n<li><a href=\"https:\/\/news.google.com\/rss\/articles\/CBMinAFBVV95cUxNNmNON2V1ZGNaQWZqRXRoemxkTndVaDNrTWlzbGlDajBkeFAweUxRR3BLdVk1MXlzLXlIRWRXak1Dal9xZWFOQmpzQ3Ryb0F1SUx3YXNuUTRmVGdmWVl5TjAyQ05ZQjExVEhWeHNsbGdyS2hPVmFWbTZ2ZHdFa0o0Qmtrck5lUWU2ZmNmSEFKLVUtbnpaMTVGcnZRci0?oc=5\" target=\"_blank\" rel=\"nofollow noopener\">Polisen varnar \u2013 inf\u00f6r pressade trafikhelgen: &#8221;V\u00e4lj en stor v\u00e4g&#8221;<\/a>&nbsp;&nbsp;Corren<\/li>\n<\/ol>\n","protected":false},"excerpt":{"rendered":"T\u00e5g har sp\u00e5rat ut i Krokom \u2013 v\u00e4g blockeras \u2013 Trafik och v\u00e4der i jul 2025 \u2013 f\u00f6lj&hellip;\n","protected":false},"author":2,"featured_media":110988,"comment_status":"","ping_status":"","sticky":false,"template":"","format":"standard","meta":{"footnotes":""},"categories":[12],"tags":[22,23,26,27,17,21,24,25,28,29,15,16,18,34,31,33,32,30,19,20],"class_list":{"0":"post-113609","1":"post","2":"type-post","3":"status-publish","4":"format-standard","5":"has-post-thumbnail","7":"category-sverige","8":"tag-breaking-news","9":"tag-breakingnews","10":"tag-featured-news","11":"tag-featurednews","12":"tag-headlines","13":"tag-huvudnyheter","14":"tag-latest-news","15":"tag-latestnews","16":"tag-main-news","17":"tag-mainnews","18":"tag-news","19":"tag-nyheter","20":"tag-rubriker","21":"tag-se","22":"tag-svenska","23":"tag-sverige","24":"tag-sweden","25":"tag-swedish","26":"tag-top-stories","27":"tag-topstories"},"share_on_mastodon":{"url":"https:\/\/pubeurope.com\/@se\/115762370162185240","error":""},"_links":{"self":[{"href":"https:\/\/www.europesays.com\/se\/wp-json\/wp\/v2\/posts\/113609","targetHints":{"allow":["GET"]}}],"collection":[{"href":"https:\/\/www.europesays.com\/se\/wp-json\/wp\/v2\/posts"}],"about":[{"href":"https:\/\/www.europesays.com\/se\/wp-json\/wp\/v2\/types\/post"}],"author":[{"embeddable":true,"href":"https:\/\/www.europesays.com\/se\/wp-json\/wp\/v2\/users\/2"}],"replies":[{"embeddable":true,"href":"https:\/\/www.europesays.com\/se\/wp-json\/wp\/v2\/comments?post=113609"}],"version-history":[{"count":0,"href":"https:\/\/www.europesays.com\/se\/wp-json\/wp\/v2\/posts\/113609\/revisions"}],"wp:featuredmedia":[{"embeddable":true,"href":"https:\/\/www.europesays.com\/se\/wp-json\/wp\/v2\/media\/110988"}],"wp:attachment":[{"href":"https:\/\/www.europesays.com\/se\/wp-json\/wp\/v2\/media?parent=113609"}],"wp:term":[{"taxonomy":"category","embeddable":true,"href":"https:\/\/www.europesays.com\/se\/wp-json\/wp\/v2\/categories?post=113609"},{"taxonomy":"post_tag","embeddable":true,"href":"https:\/\/www.europesays.com\/se\/wp-json\/wp\/v2\/tags?post=113609"}],"curies":[{"name":"wp","href":"https:\/\/api.w.org\/{rel}","templated":true}]}}