{"id":113610,"date":"2025-12-22T08:52:38","date_gmt":"2025-12-22T08:52:38","guid":{"rendered":"https:\/\/www.europesays.com\/se\/113610\/"},"modified":"2025-12-22T08:52:38","modified_gmt":"2025-12-22T08:52:38","slug":"senaste-hjalpleveranserna-till-ukraina-cornucopia","status":"publish","type":"post","link":"https:\/\/www.europesays.com\/se\/113610\/","title":{"rendered":"Senaste hj\u00e4lpleveranserna till Ukraina \u2013 Cornucopia?"},"content":{"rendered":"<p>\t\t\t1.9K<\/p>\n<p>Detta \u00e4r en g\u00e4startikel av Lena Wilder\u00e4ng.<\/p>\n<p>H\u00e4r kommer en uppdatering kring den hj\u00e4lpverksamheten som jag har bedrivit i Ukraina under h\u00f6sten och vintern 2025.<\/p>\n<p><img loading=\"lazy\" decoding=\"async\" width=\"2048\" height=\"1536\" src=\"https:\/\/www.europesays.com\/se\/wp-content\/uploads\/2025\/12\/lena-tag-ukraina-2048x1536.jpg\" alt=\"\" class=\"wp-image-166391\"  \/>Train across Ukraine, efter en leverans<\/p>\n<p>I september \u00e5kte jag till Kyiv med en dr\u00f6nardonation till frontn\u00e4ra f\u00f6rband. De resurser de stridande lyckas samla in blir mindre och mindre, b\u00e5de i Ukraina och utomlands, s\u00e5 det \u00e4r sv\u00e5rt att k\u00f6pa utrustning. Medan det \u00e4r billigare att f\u00e5 tag p\u00e5 FVP-dr\u00f6nare s\u00e5 beh\u00f6vs det fortfarande Mavics. Jag \u00e4r enormt tacksam f\u00f6r donationerna fr\u00e5n er l\u00e4sare, som gjorde det h\u00e4r m\u00f6jligt. Alla <a href=\"http:\/\/paypal.me\/lenawilderang\" rel=\"nofollow noopener\" target=\"_blank\">PayPal<\/a>-meddelanden med \u201dSlava Ukraini\u201d, \u201dUkraina hj\u00e4lp\u201d och s\u00e5 vidare, jag ser er, det \u00e4r ni som g\u00f6r det h\u00e4r m\u00f6jligt.<\/p>\n<p>Med mig till Ukraina hade jag \u00e4ven en stor resv\u00e4ska som kostade mer \u00e4n tv\u00e5 Mavics, eller snarare som ett begagnat fordon. Den var n\u00e4mligen helt fylld med tourniqu\u00e9er, hemostatiska f\u00f6rband och chest seals. De k\u00f6ptes in av en person som jobbar inom sjukv\u00e5rden i Sverige. Han vill f\u00f6rbli anonym, men jag vill \u00e4nd\u00e5 lyfta honom, f\u00f6r att sedan fullskaliga ockupationens start har han hj\u00e4lpt ukrainska flyktingar i Sverige, samt st\u00f6ttat ukrainska medics med utrustning. Den totala m\u00e4ngden st\u00f6d uppkommer till flera miljoner. Jag vet att det finns flera andra l\u00e4sare som har gjort exakt samma, utan att prata s\u00e4rskilt mycket om det eller exponeras publikt. Jag riktar h\u00e4r ett stort tack till er. Era insatser r\u00e4ddar liv. Det \u00e4r v\u00e4rt allt.<\/p>\n<p>Jag l\u00e4t bli att k\u00f6pa in ett fordon den h\u00e4r g\u00e5ngen, eftersom jag hade begr\u00e4nsat med tid. Jag kunde inte riskera k\u00f6erna runt gr\u00e4nsen, motorstrul eller annat. Jag hade endast n\u00e5gra timmar p\u00e5 plats f\u00f6r att tr\u00e4ffa mottagarna, och det var d\u00e4rf\u00f6r jag prioriterade s\u00e5dant som var efterfr\u00e5gat och v\u00e4rdefullt.<\/p>\n<p><img loading=\"lazy\" decoding=\"async\" width=\"2048\" height=\"1536\" src=\"https:\/\/www.europesays.com\/se\/wp-content\/uploads\/2025\/12\/koer-tagstation-polen-2048x1536.jpg\" alt=\"\" class=\"wp-image-166393\"  \/>K\u00f6er runt t\u00e5gstationen, p\u00e5 polska sidan<\/p>\n<p>Eftersom jag reste in med t\u00e5g den h\u00e4r g\u00e5ngen blev det lite annorlunda. Jag fick \u00e5ter igen uppleva det fullst\u00e4ndiga kaoset vid gr\u00e4nsen, men inte f\u00f6r humanit\u00e4ra fordon utan f\u00f6r t\u00e5gresen\u00e4rer. Vanligtvis \u00e4r det kvinnor och barn som reser in f\u00f6r att h\u00e4lsa p\u00e5 make, pappa, eller sina \u00e4ldre f\u00f6r\u00e4ldrar som inte har orken f\u00f6r att l\u00e4mna landet. Det \u00e4r de h\u00e4r m\u00e4nniskorna, ihop med humanit\u00e4ra medarbetare och journalister, som straffas av polackernas \u201dregler\u201d som \u00e4ndras n\u00e4stan dagligen och \u00e4r helt slumpartade beroende p\u00e5 dagsformen hos personalen. Nu fick folk v\u00e4nta utomhus i kylan i flera timmar, utan tillg\u00e5ng till vatten eller toaletter. Det blev till slut helt surrealistiskt, p\u00e5minde om andra v\u00e4rldskriget eller folkmordsk\u00f6er med sammanbitna mammor som darrar i kylan och sv\u00e4ljer t\u00e5rar, barn som viskar och fr\u00e5gar varf\u00f6r de inte kan f\u00e5 lite vatten, och skuggor som skriker fram order som inte f\u00e5r ifr\u00e5gas\u00e4ttas. \u00c4r det h\u00e4r Europa 2025? Var \u00e4r m\u00e4nskliga r\u00e4ttigheterna, var \u00e4r v\u00e4rdighet och service? Hur hanteras de s\u00e5rbara grupperna? Hur kunde det ha blivit s\u00e5h\u00e4r?<\/p>\n<p><img loading=\"lazy\" decoding=\"async\" width=\"2048\" height=\"1639\" src=\"https:\/\/www.europesays.com\/se\/wp-content\/uploads\/2025\/12\/koande-kvinna-barn-polen-ukraina-2048x1639.jpg\" alt=\"\" class=\"wp-image-166394\"  \/>Ett barn har tr\u00f6ttnat p\u00e5 att gr\u00e5ta, somnat i mammas armar efter flera timmars v\u00e4ntan i kylan<\/p>\n<p>N\u00e4r jag v\u00e4l satt p\u00e5 t\u00e5get s\u00e5 var vi hoppl\u00f6st f\u00f6rsenade, halva natten hade g\u00e5tt. Journalisten bredvid mig hade begr\u00e4nsat med dagar hon kunde spendera utanf\u00f6r Ukraina. Eftersom v\u00e4ntan str\u00e4ckte sig f\u00f6rbi midnatt, blev det allts\u00e5 en dag mindre f\u00f6r henne hos arbetsgivaren i Europa. \u201dJag f\u00f6rlorade precis ett dygn i gr\u00e4nsk\u00f6n\u201d, sa hon uppgivet. N\u00e5ja, hon f\u00e5r \u00e5tminstone betalt. Det f\u00e5r inte mammorna, och barnens f\u00f6rlorade s\u00f6mn ers\u00e4tts inte. Strax innan avg\u00e5ng fr\u00e5n ukrainska sidan f\u00e5r vi dessutom reda p\u00e5 att nattens bombningar har g\u00e5tt mot en viktig t\u00e5gf\u00f6rbindelsepunkt. Ukraina l\u00f6ser det s\u00e5 att det knappt \u00e4r n\u00e5gon f\u00f6rsening, kanske extra tjugo minuter p\u00e5 grund av omledning av t\u00e5g. Kommer n\u00e5gon mer t\u00e5gf\u00f6rbindelsepunkt bombas medan vi f\u00e4rdas fram i m\u00f6rkret? Det vet vi inte och kan inte g\u00f6ra s\u00e4rskilt mycket \u00e5t, s\u00e5 jag blundar och somnar. Dricksvatten har distribuerats gratis i t\u00e5gets bistro, och toaletterna \u00e4r rena. Vi k\u00f6r till och med in lite av f\u00f6rseningen som orsakades av polackerna.<\/p>\n<p><img loading=\"lazy\" decoding=\"async\" width=\"2048\" height=\"1536\" src=\"https:\/\/www.europesays.com\/se\/wp-content\/uploads\/2025\/12\/ukrainsk-jarnvag-2048x1536.jpg\" alt=\"\" class=\"wp-image-166399\"  \/>H\u00e4r passerar vi ett st\u00e4lle som bombades precis h\u00e4romdagen. J\u00e4rnv\u00e4gen \u00e4r ig\u00e5ng igen och godst\u00e5g st\u00e5r och v\u00e4ntar p\u00e5 sin tur i regnet.<\/p>\n<p>N\u00e4r jag kommer in i Kyiv \u00e4r det R\u00e4ddningstj\u00e4nstens dag. De \u00e4r stora p\u00e5 detta i Ukraina, n\u00e5got jag k\u00e4nner igen fr\u00e5n uppv\u00e4xten i Sovjet. Alla yrken och intressen skulle firas och hade d\u00e4rmed egna \u201ddagar\u201d. S\u00e5 \u00e4r det fortfarande, och m\u00e5nga svenskar f\u00e5r numera en \u201dgrattis p\u00e5 volont\u00e4rsdagen\u201d fr\u00e5n en ukrainsk bekant n\u00e4r de minst anar det.<\/p>\n<p>Den h\u00e4r dagen spenderas med kollegor fr\u00e5n R\u00e4ddningstj\u00e4nsten. Det \u00e4r ett k\u00e4rt \u00e5terseende. Och det blir v\u00e4ldigt speciellt eftersom de vill \u00f6verl\u00e4mna en utm\u00e4rkelse till mig. Det \u00e4r R\u00e4ddningstj\u00e4nstens medalj f\u00f6r volont\u00e4rer som har gjort en specifik insats, utm\u00e4rkelsen heter \u201dVolont\u00e4rens Mod\u201d. Jag tycker inte att jag har uppvisat s\u00e4rskilt mycket som utm\u00e4rker mig, det \u00e4r de som jobbar dagligdags i krigsdrabbade omr\u00e5den som ska f\u00e5 medaljer. Men jag tar emot det f\u00f6r alla h\u00e4r hemma som har gett st\u00f6d till Ukraina, som har gjort det m\u00f6jligt att \u00f6verl\u00e4mna all den hj\u00e4lpen som har transporterats till Ukrainas R\u00e4ddningstj\u00e4nst. Alla som har f\u00f6ljt bloggen, gett st\u00f6d, l\u00e4st boken, delat och spridit budskapet ni g\u00f6r en f\u00f6rtj\u00e4nta av en medalj \u2013 och nu har jag h\u00e4mtat ut den \u00e5t er.<\/p>\n<p><img loading=\"lazy\" decoding=\"async\" width=\"2048\" height=\"1536\" src=\"https:\/\/www.europesays.com\/se\/wp-content\/uploads\/2025\/12\/lena-wilderang-medalj-ukraina-2048x1536.jpg\" alt=\"\" class=\"wp-image-166395\"  \/>Medalj \u201cVolont\u00e4rens Mod\u201d. Den kommer g\u00f6ra sig v\u00e4ldigt fin bredvid Vita Korset som jag fick 2023.<\/p>\n<p>Jag f\u00e5r \u00e4ven en present av en ukrainsk kvinna som gjorde tovade dockor som skulle efterlikna mig och Lars. Helt fantastiskt handarbete! Och visst \u00e4r jag lite lik Hanna Hj\u00e4rta, fr\u00e5n omslaget till J\u00e4garhj\u00e4rta? Till och med kepsen (present fr\u00e5n en ukrainsk kollega) \u00e4r med!<\/p>\n<p><img loading=\"lazy\" decoding=\"async\" width=\"1536\" height=\"2048\" src=\"https:\/\/www.europesays.com\/se\/wp-content\/uploads\/2025\/12\/tovade-dockor-lena-och-lars-1536x2048.jpg\" alt=\"\" class=\"wp-image-166396\"  \/>Lena och Lars, 100% handgjort i UA.<\/p>\n<p>Under f\u00f6ljande m\u00e5naderna har jag i \u00f6vrigt f\u00f6rs\u00f6kt att fokusera p\u00e5 att samordna uppdrag i Ukraina ist\u00e4llet f\u00f6r att \u00e5ka sj\u00e4lv. Idag finns det s\u00e5 m\u00e5nga som vill dit och g\u00f6ra insats, det \u00e4r lika bra att de g\u00f6r det. Det har kommit riktigt fina m\u00f6jligheter att samarbeta med andra organisationer, vilket g\u00f6r mig v\u00e4ldigt glad. Jag \u00e4r ju en enda person, vilket g\u00f6r mig till en flaskhals ibland \u2013 jag har inte kapacitet till att besvara alla f\u00f6rfr\u00e5gningar eller fullf\u00f6lja alla projekt som hade beh\u00f6vt g\u00f6ras. Dessutom s\u00e5 m\u00e5ste jag ju jobba f\u00f6r att ha r\u00e5d med att \u00e5ka till Ukraina, d\u00e5 jag bekostar mina resor sj\u00e4lv, ur egen ficka och inte med n\u00e5gra donationspengar.<\/p>\n<p>En bekant fr\u00e5n en annan organisation skulle donera en brandbil till Ukraina \u2013 och jag fick f\u00f6rtroendet med att ordna fram mottagare samt rodda med lite av det praktiska. Transporten har g\u00e5tt bra och brandbilen g\u00f6r nytta i Charkivregionen, d\u00e4r det redan finns mycket svenska fordon och en hel del svensk utrustning som passar, tex slang och str\u00e5lr\u00f6r. V\u00e4ldigt glad f\u00f6r att kunna vara behj\u00e4lplig och mycket stolt \u00f6ver mina kollegor som gjorde en bra leverans.<\/p>\n<p>Ett annat samarbete blev med Power Up Ukraine, som via separata insatser ordnade generatorer och verktyg till n\u00e5gra som oms\u00e4tter dessa till att f\u00e4rre dr\u00f6narnedslag n\u00e5r Ukraina. De forts\u00e4tter, precis som ett flertal andra organisationer och individer, att leverera hj\u00e4lp till Ukraina, och de rapporterar \u00e4ven sj\u00e4lva. Kolla g\u00e4rna p\u00e5 deras webbsida och sociala medier!<\/p>\n<p>Ett v\u00e4ldigt trevligt projekt att avsluta var renoveringen av en svensk Scania som hade skickats till Ukraina redan 2022, men skadades under en insats. Den har brunnit ut, men b\u00e5de motorn och pumpen g\u00e5r att k\u00f6ra. D\u00e4remot fick m\u00e5nga andra delar ers\u00e4ttas. De letades fram och skickades till Charkiv. Sist ut var rullgardinerna till sk\u00e5pen bak. En sl\u00e4ckbil har det mesta av utrustningen, tex slang, i dessa sk\u00e5p \u2013 men om de inte g\u00e5r att st\u00e4nga s\u00e5 blir ju hela bilen obrukbar. Den har st\u00e5tt och v\u00e4ntat p\u00e5 att man skulle kunna ordna fram det hela. Det gick m\u00e5nga turer fram och tillbaka \u2013 till slut s\u00e5 var det n\u00e5gon som tyckte att det var nog, och klev fram och bekostade hela k\u00f6ret. Charkivs r\u00e4ddningstj\u00e4nst fick ta m\u00e5tt v\u00e4ldigt noga, och s\u00e5 tillverkades helt nya skydd. De kostade n\u00e4stan som en begagnad sl\u00e4ckbil. N\u00e4r man lyckades f\u00e5 dem p\u00e5 plats s\u00e5 passade de perfekt, och bilen kunde rulla iv\u00e4g p\u00e5 insats igen. Varje enhet r\u00e4knas, det finns inte o\u00e4ndligt med budget att ers\u00e4tta de brandbilar som blir s\u00f6nderbombade av ryssen. S\u00e5 den h\u00e4r bilen r\u00e4ddar liv i detta nu. Tack alla som hj\u00e4lptes \u00e5t.<\/p>\n<p><img loading=\"lazy\" decoding=\"async\" width=\"1080\" height=\"893\" src=\"https:\/\/www.europesays.com\/se\/wp-content\/uploads\/2025\/12\/mottagare-hjalp-7.jpg\" alt=\"\" class=\"wp-image-166398\"  \/>Stationschefen rappoorterar l\u00e4get och tackar f\u00f6r donationerna \u2013 nu \u00e4r brandbilen hel och redo f\u00f6r insats!<\/p>\n<p><img loading=\"lazy\" decoding=\"async\" width=\"2048\" height=\"894\" src=\"https:\/\/www.europesays.com\/se\/wp-content\/uploads\/2025\/12\/mottagare-ua-hjalp-2048x894.png\" alt=\"\" class=\"wp-image-166397\"  \/>En blandning av foton och screenshots. Trots mina uppmaningar om att skicka foton fr\u00e5n positionerna blir det allt som oftast tackvideos fr\u00e5n mottagarna som skickas, med uppr\u00e4kning av alla som hj\u00e4lpt till. Det h\u00f6r inte riktigt till bloggens format att publicera dessa, och dessutom vill ofta folk inte att man l\u00e4gger ut dem publikt, s\u00e5 jag f\u00e5r v\u00e4l klippa ihop n\u00e5gra bilder jag f\u00e5tt sedan september.<\/p>\n<p>Flera andra s\u00e5dana samarbeten har p\u00e5g\u00e5tt under h\u00f6sten och nu under vintern. Ibland har jag haft sv\u00e5rt att l\u00e4gga ner mobilen p\u00e5 grund av detta, \u00e4ven n\u00e4r jag varit i helt andra sammanhang. Men det kan det vara v\u00e4rt, eller hur? Jag brukar ibland skratta \u00e5t kritiken kring att \u201dungdomar nuf\u00f6rtiden\u201d inte l\u00e4gger ner sina sk\u00e4rmar. Ja, m\u00e5nga sitter faktiskt p\u00e5 tunnelbanan och heltidsarbetar i mobilen, eller heltidsstuderar, eller forskar, eller h\u00e5ller p\u00e5 med aktivism eller humanit\u00e4ra insatser. Det finns r\u00e4tt mycket att \u00e4gna sig \u00e5t, inte bara TikTok.<\/p>\n<p>N\u00e5ja. Nu \u00e4r det snart jul, och jag hade t\u00e4nkt att skicka in en julklapp till Ukraina. Det finns n\u00e5gra som har gett st\u00f6d kontinuerligt, och det finns n\u00e5gra som g\u00f6r eng\u00e5ngsinsatser. Ni vet vilka ni \u00e4r. Ni ska ha ett enormt tack, och jag hoppas att ni forts\u00e4tter ert fina arbete. Och ni som funderar p\u00e5 att g\u00f6ra n\u00e5got \u2013 skicka g\u00e4rna en liten slant till Jonas, eller OperationAid, eller PowerUp Ukraine. Eller direkt till mig <a href=\"http:\/\/paypal.me\/lenawilderang\" rel=\"nofollow noopener\" target=\"_blank\">via PayPal<\/a> s\u00e5 kommer jag g\u00f6ra mitt b\u00e4sta f\u00f6r att maximera effekten. Troligen blir det n\u00e5gra olika st\u00e4rkande punktinsatser i samband med jul och ny\u00e5r.<\/p>\n<p>Alla insatser kommer dokumenteras och postas p\u00e5 bloggen. Ibland tar det bara lite tid. F\u00f6rut s\u00e5 skrev jag en uppdatering p\u00e5 bloggen efter varje resa och varje leverans som hade gjorts. Idag skriver jag mer s\u00e4llan.<\/p>\n<p>Anledningarna till det \u00e4r flera. Dels s\u00e5 k\u00e4nner jag att det blev repetitivt med donationsreportage som var v\u00e4ldigt lika varandra. En bilresa in i Ukraina, beskrivningar av m\u00e4nnisko\u00f6den som har blivit f\u00f6rvridna och skadade till oigenk\u00e4nnlighet av kriget. Desperationen efter hj\u00e4lp, g\u00e4rna p\u00e5 h\u00f6gre politisk niv\u00e5 \u2013 samtidigt, en enorm tacksamhet f\u00f6r det lilla. T\u00e5rar, kramar. Bes\u00f6k p\u00e5 milit\u00e4rsjukhus som stinker sprit, svett och splitterskador, patienter som hade kunnat vara mina n\u00e4rmaste kollegor eller trognaste l\u00e4sare av bloggen. Begravningar.<\/p>\n<p>Jag har ju \u00e4ven <a href=\"https:\/\/www.bokus.com\/bok\/9789180024433\/solroseffekten-att-hjalpa-krigets-ukraina\/\" rel=\"nofollow noopener\" target=\"_blank\">skrivit en bok om det hela<\/a>. Jag har intervjuats, levererat kr\u00f6nikor, postat blogginl\u00e4gg. Jag har f\u00f6rel\u00e4st en massa, b\u00e5de f\u00f6r r\u00e4ddningstj\u00e4nstpersonal och beredskapsplanerare, ideella f\u00f6reningar och stora techf\u00f6retag. Men varje g\u00e5ng jag f\u00f6rel\u00e4ser \u00e4r det n\u00e5gon som uttrycker sin uppriktiga f\u00f6rv\u00e5ning \u00f6ver hur det \u201dfaktiskt\u201d \u00e4r i Ukraina. Jag kan inte komma \u00f6ver faktumet att fyra \u00e5r in i kriget s\u00e5 har folk inte tagit in l\u00e4get. Ja, trots b\u00f6cker, blogginl\u00e4gg och f\u00f6rel\u00e4sningar. Det b\u00f6rjar bli tjatigt. Jag vet inte vad jag kan g\u00f6ra mer? Knacka d\u00f6rr? Starta en YouTube-kanal? Lars sliter ocks\u00e5 f\u00f6r att skapa medvetenhet. Men det n\u00e5r l\u00e5ngt ifr\u00e5n alla, tyv\u00e4rr. Man kan bli utbr\u00e4nd f\u00f6r mindre.<\/p>\n<p>Tjatigt blir det ibland \u00e4ven n\u00e4r jag f\u00f6ljer samh\u00e4llsutvecklingen h\u00e4rhemma. Det \u00e4r brinnande krig i Europa och aggressorn rustar f\u00f6r att \u00f6ppna ytterligare en front v\u00e4sterut. De utvecklar dr\u00f6narteknologin, tillverkar dr\u00f6nare och ammunition i enorm takt, och tr\u00e4nar sina barn och ungdomar f\u00f6r milit\u00e4rverksamhet samtidigt som hela befolkningen blir hj\u00e4rntv\u00e4ttade, bl a med att de som bor i Europa \u00e4r onda och ska bek\u00e4mpas. Jag skulle g\u00e4rna vilja se en vassare utveckling i Sverige och Europa, speciellt nu n\u00e4r vi ser att USA har, ja, tappat det helt f\u00f6r att uttrycka det n\u00e5gorlunda milt. Det h\u00e5lls i konferenser, kunskapsm\u00f6ten och krisberedskapsveckor, men det k\u00e4nns som att vada i sirap. Folk kan v\u00e4l inte skylla p\u00e5 att de inte k\u00e4nner till hotet, eller p\u00e5 att de inte vet vad de ska g\u00f6ra?<\/p>\n<p><a href=\"https:\/\/www.thetimes.com\/comment\/columnists\/article\/sorry-ukraine-treated-you-shamefully-nslrszlbx\" rel=\"nofollow noopener\" target=\"_blank\">Den h\u00e4r kr\u00f6nikan fr\u00e5n The Times <\/a>summerar det hela ganska v\u00e4l. Den \u00e4r bakom betalv\u00e4gg, men en googling ger postningar med full citering i sociala medier. Jag ser bevis p\u00e5 detta varje g\u00e5ng jag \u00e4r i Ukraina och pratar med folk d\u00e4r.<\/p>\n<p>Ja, ut\u00f6ver frustrationen kring hur l\u00e5ngsamt det g\u00e5r i Sverige i v\u00e4rlden (inklusive allt drittsirkus) s\u00e5 finns det alla praktiska saker som g\u00f6r att jag m\u00e5ste skifta fokus ibland. Jobb och uppdrag m\u00e5ste fortfarande genomf\u00f6ras. Under augusti s\u00e5 var jag i Sierra Leone och jobbade som brandman p\u00e5 ett sjukhusskepp, jag \u00e5terkommer kring detta i en framtida artikel. Det var i varje fall min semester, trots att jag jobbade hela dagarna och hade jour dygnet runt under hela min tid ombord. Annars s\u00e5 f\u00e5r inte jag eller Lars s\u00e4rskilt mycket semester eller ledighet. Och med nuvarande arbetsbelastning s\u00e5 har jag tyv\u00e4rr helt enkelt inte kommit loss f\u00f6r att skriva bloggartiklar, utan prioriterat allt det praktiska, inklusive faktisk hj\u00e4lp till Ukraina. Det \u00e4r ju det som ger mest effekt. Jag hoppas att det \u00e4r okej att artiklarna kommer lite mer s\u00e4llan.<\/p>\n<p>Jag vill avsluta med att h\u00e4lsa fr\u00e5n alla mottagare p\u00e5 plats i Ukraina, som tycker att ni \u00e4r toppen.<\/p>\n<p>Forts\u00e4tt l\u00e4sa, f\u00f6lja, ta upp Ukraina som \u00e4mne, h\u00f6ras, agera. Det \u00e4r tillsammans som vi \u00e4r starka. Och visst smakar julgr\u00f6ten lite b\u00e4ttre n\u00e4r man har donerat till en bra sak?<\/p>\n<p>Glad kommande fj\u00e4rde advent, och allt det andra som sker d\u00e4romkring. Snart v\u00e4nder det.<\/p>\n<p><img loading=\"lazy\" decoding=\"async\" width=\"1170\" height=\"1160\" src=\"https:\/\/www.europesays.com\/se\/wp-content\/uploads\/2025\/12\/pansar-sonderbranda.jpg\" alt=\"\" class=\"wp-image-166402\"  \/>Skickar h\u00e4r ett gammalt foto p\u00e5 <a href=\"https:\/\/cornucopia.se\/2024\/08\/gastartikel-pa-besok-hos-pansaret-i-donbas\/\" rel=\"nofollow noopener\" target=\"_blank\">n\u00e5gra av pansargrabbarna jag bes\u00f6kte f\u00f6rra sommaren<\/a>. H\u00e4r har de tagit emot en tr\u00e4ff och vagnen b\u00f6rjade brinna. Men som jag har f\u00e5tt f\u00f6rklarat s\u00e5 \u00e4r det inte ett alternativ att l\u00e4mna vagnen och riskera att ryssen f\u00e5r den. Man riskerar g\u00e4rna tre liv f\u00f6r att r\u00e4dda ett fordon. F\u00f6raren (mitten) k\u00f6rde iv\u00e4g den brinnande vagnen till en n\u00e4rliggande skog f\u00f6r att ta skydd. Sedan p\u00e5b\u00f6rjade de det omfattande sl\u00e4ckarbetet. De lyckades r\u00e4dda den till slut. F\u00f6r info s\u00e5 \u00e4r de inte kvar p\u00e5 sina positioner, eller ens i sitt uppdrag l\u00e4ngre, trots sin skicklighet. Det mesta utk\u00e4mpas genom dr\u00f6nare nu och pansartrupper f\u00e5r helt enkelt skola om sig.<\/p>\n","protected":false},"excerpt":{"rendered":"1.9K Detta \u00e4r en g\u00e4startikel av Lena Wilder\u00e4ng. H\u00e4r kommer en uppdatering kring den hj\u00e4lpverksamheten som jag har&hellip;\n","protected":false},"author":2,"featured_media":113611,"comment_status":"","ping_status":"","sticky":false,"template":"","format":"standard","meta":{"footnotes":""},"categories":[5],"tags":[22,23,26,27,17,21,24,25,28,29,15,16,18,34,31,33,32,30,19,20],"class_list":{"0":"post-113610","1":"post","2":"type-post","3":"status-publish","4":"format-standard","5":"has-post-thumbnail","7":"category-rubriker","8":"tag-breaking-news","9":"tag-breakingnews","10":"tag-featured-news","11":"tag-featurednews","12":"tag-headlines","13":"tag-huvudnyheter","14":"tag-latest-news","15":"tag-latestnews","16":"tag-main-news","17":"tag-mainnews","18":"tag-news","19":"tag-nyheter","20":"tag-rubriker","21":"tag-se","22":"tag-svenska","23":"tag-sverige","24":"tag-sweden","25":"tag-swedish","26":"tag-top-stories","27":"tag-topstories"},"share_on_mastodon":{"url":"https:\/\/pubeurope.com\/@se\/115762374080073576","error":""},"_links":{"self":[{"href":"https:\/\/www.europesays.com\/se\/wp-json\/wp\/v2\/posts\/113610","targetHints":{"allow":["GET"]}}],"collection":[{"href":"https:\/\/www.europesays.com\/se\/wp-json\/wp\/v2\/posts"}],"about":[{"href":"https:\/\/www.europesays.com\/se\/wp-json\/wp\/v2\/types\/post"}],"author":[{"embeddable":true,"href":"https:\/\/www.europesays.com\/se\/wp-json\/wp\/v2\/users\/2"}],"replies":[{"embeddable":true,"href":"https:\/\/www.europesays.com\/se\/wp-json\/wp\/v2\/comments?post=113610"}],"version-history":[{"count":0,"href":"https:\/\/www.europesays.com\/se\/wp-json\/wp\/v2\/posts\/113610\/revisions"}],"wp:featuredmedia":[{"embeddable":true,"href":"https:\/\/www.europesays.com\/se\/wp-json\/wp\/v2\/media\/113611"}],"wp:attachment":[{"href":"https:\/\/www.europesays.com\/se\/wp-json\/wp\/v2\/media?parent=113610"}],"wp:term":[{"taxonomy":"category","embeddable":true,"href":"https:\/\/www.europesays.com\/se\/wp-json\/wp\/v2\/categories?post=113610"},{"taxonomy":"post_tag","embeddable":true,"href":"https:\/\/www.europesays.com\/se\/wp-json\/wp\/v2\/tags?post=113610"}],"curies":[{"name":"wp","href":"https:\/\/api.w.org\/{rel}","templated":true}]}}