{"id":113615,"date":"2025-12-22T08:59:09","date_gmt":"2025-12-22T08:59:09","guid":{"rendered":"https:\/\/www.europesays.com\/se\/113615\/"},"modified":"2025-12-22T08:59:09","modified_gmt":"2025-12-22T08:59:09","slug":"brev-till-tomten-visar-det-vill-barnen-ha","status":"publish","type":"post","link":"https:\/\/www.europesays.com\/se\/113615\/","title":{"rendered":"Brev till tomten visar \u2013 det vill barnen ha"},"content":{"rendered":"<p class=\"boxtextgrotesk-root_baa6 hyperion-css-7pajle\">Uppdaterad 09.44 | Publicerad 09.23<\/p>\n<p>share-arrowDela<\/p>\n<p>unsaveSpara<\/p>\n<p>expand-left<\/p>\n<p>helsk\u00e4rm<img decoding=\"async\" class=\"image-asset hyperion-css-u06ts1\" data-test-tag=\"image-asset\" src=\"https:\/\/www.europesays.com\/se\/wp-content\/uploads\/2025\/12\/bc419595-61e1-4bfc-85b8-af38fdd729ad\"  alt=\"S\u00e5 kallade Labubudockor toppar \u00f6nskelistorna till tomten. Arkivbild.\"  loading=\"eager\" fetchpriority=\"high\" style=\"aspect-ratio:1900 \/ 1267\"\/>S\u00e5 kallade Labubudockor toppar \u00f6nskelistorna till tomten. Arkivbild. Foto: Henrik Montgomery\/TT<\/p>\n<p class=\"hyperion-css-1v9qo5x\">Varje \u00e5r f\u00e5r jultomten i Tomteboda omkring 20\u00a0000 brev fr\u00e5n barn i Sverige. \u00d6nskelistorna pr\u00e4glas i \u00e5r av varum\u00e4rken med stor spridning p\u00e5 Tiktok och Youtube, skriver Postnord i ett pressmeddelande.<\/p>\n<p class=\"hyperion-css-1v9qo5x\">Men \u00e4ven en del mer klassiska leksaker finns med.<\/p>\n<p class=\"hyperion-css-1v9qo5x\">Listan toppas av den kinesiska Labubudockan, som f\u00f6ljs av lego. \u00c4ven leksaksbilar, squishies, \u202fmobiltelefoner och Elsa-prylar (fr\u00e5n filmen Frost) finns p\u00e5 topp-fem-listan.<\/p>\n<p class=\"hyperion-css-1v9qo5x\">\u201dMitt i stormen av nya trender som sprids blixtsnabbt i sociala medier s\u00e5 st\u00e5r sig klassikerna. Lego och bilar \u00e4r lika heta 2025 som de var p\u00e5 70-talet\u201d, s\u00e4ger Hanna Nydahl, samlingsansvarig p\u00e5 Postmuseum.<\/p>\n<p class=\"hyperion-css-1v9qo5x\">Ett urval av alla \u00f6nskelistor bevaras av Postmuseum f\u00f6r att dokumentera v\u00e5r samtidshistoria.<\/p>\n","protected":false},"excerpt":{"rendered":"Uppdaterad 09.44 | Publicerad 09.23 share-arrowDela unsaveSpara expand-left helsk\u00e4rmS\u00e5 kallade Labubudockor toppar \u00f6nskelistorna till tomten. Arkivbild. Foto: Henrik&hellip;\n","protected":false},"author":2,"featured_media":113616,"comment_status":"","ping_status":"","sticky":false,"template":"","format":"standard","meta":{"footnotes":""},"categories":[12],"tags":[22,23,26,27,17,21,24,25,28,29,15,16,18,34,31,33,32,30,19,20],"class_list":{"0":"post-113615","1":"post","2":"type-post","3":"status-publish","4":"format-standard","5":"has-post-thumbnail","7":"category-sverige","8":"tag-breaking-news","9":"tag-breakingnews","10":"tag-featured-news","11":"tag-featurednews","12":"tag-headlines","13":"tag-huvudnyheter","14":"tag-latest-news","15":"tag-latestnews","16":"tag-main-news","17":"tag-mainnews","18":"tag-news","19":"tag-nyheter","20":"tag-rubriker","21":"tag-se","22":"tag-svenska","23":"tag-sverige","24":"tag-sweden","25":"tag-swedish","26":"tag-top-stories","27":"tag-topstories"},"share_on_mastodon":{"url":"https:\/\/pubeurope.com\/@se\/115762401733114553","error":""},"_links":{"self":[{"href":"https:\/\/www.europesays.com\/se\/wp-json\/wp\/v2\/posts\/113615","targetHints":{"allow":["GET"]}}],"collection":[{"href":"https:\/\/www.europesays.com\/se\/wp-json\/wp\/v2\/posts"}],"about":[{"href":"https:\/\/www.europesays.com\/se\/wp-json\/wp\/v2\/types\/post"}],"author":[{"embeddable":true,"href":"https:\/\/www.europesays.com\/se\/wp-json\/wp\/v2\/users\/2"}],"replies":[{"embeddable":true,"href":"https:\/\/www.europesays.com\/se\/wp-json\/wp\/v2\/comments?post=113615"}],"version-history":[{"count":0,"href":"https:\/\/www.europesays.com\/se\/wp-json\/wp\/v2\/posts\/113615\/revisions"}],"wp:featuredmedia":[{"embeddable":true,"href":"https:\/\/www.europesays.com\/se\/wp-json\/wp\/v2\/media\/113616"}],"wp:attachment":[{"href":"https:\/\/www.europesays.com\/se\/wp-json\/wp\/v2\/media?parent=113615"}],"wp:term":[{"taxonomy":"category","embeddable":true,"href":"https:\/\/www.europesays.com\/se\/wp-json\/wp\/v2\/categories?post=113615"},{"taxonomy":"post_tag","embeddable":true,"href":"https:\/\/www.europesays.com\/se\/wp-json\/wp\/v2\/tags?post=113615"}],"curies":[{"name":"wp","href":"https:\/\/api.w.org\/{rel}","templated":true}]}}