{"id":113617,"date":"2025-12-22T09:00:09","date_gmt":"2025-12-22T09:00:09","guid":{"rendered":"https:\/\/www.europesays.com\/se\/113617\/"},"modified":"2025-12-22T09:00:09","modified_gmt":"2025-12-22T09:00:09","slug":"julens-viktigaste-telefonlista-svedala-kommun","status":"publish","type":"post","link":"https:\/\/www.europesays.com\/se\/113617\/","title":{"rendered":"Julens viktigaste (telefon)lista &#8211; Svedala kommun"},"content":{"rendered":"<p>                <a href=\"https:\/\/www.svedala.se\/paverka\/nyheter\/\" class=\"backtolist rs_skip_always\" rel=\"nofollow noopener\" target=\"_blank\">Tillbaka till nyhetslistan<\/a><\/p>\n<p>&#13;<br \/>\n                Publicerad 2025-12-22 kl 09:45&#13;\n            <\/p>\n<p><img loading=\"lazy\" decoding=\"async\" src=\"https:\/\/www.europesays.com\/se\/wp-content\/uploads\/2025\/12\/julens-viktigaste-lista.jpg\" alt=\"\" width=\"840\" height=\"332\"\/>    <\/p>\n<p class=\"maincontent__ingress\">Jul- och ny\u00e5rshelgerna \u00e4r f\u00f6r m\u00e5nga en gl\u00e4djens tid. Men f\u00f6r en del kan det vara en jobbig och sv\u00e5r tid. D\u00e4rf\u00f6r har vi h\u00e4r samlat viktiga telefonnummer f\u00f6r dig som beh\u00f6ver hj\u00e4lp och st\u00f6d.<\/p>\n<p>Julens viktigaste (telefon)lista:<\/p>\n<p>Var r\u00e4dd om dig och varandra. V\u00e5ga fr\u00e5ga och v\u00e5ga ber\u00e4tta, det finns hj\u00e4lp att f\u00e5!<\/p>\n","protected":false},"excerpt":{"rendered":"Tillbaka till nyhetslistan &#13; Publicerad 2025-12-22 kl 09:45&#13; Jul- och ny\u00e5rshelgerna \u00e4r f\u00f6r m\u00e5nga en gl\u00e4djens tid. Men&hellip;\n","protected":false},"author":2,"featured_media":113618,"comment_status":"","ping_status":"","sticky":false,"template":"","format":"standard","meta":{"footnotes":""},"categories":[5],"tags":[22,23,26,27,17,21,24,25,28,29,15,16,18,34,31,33,32,30,19,20],"class_list":{"0":"post-113617","1":"post","2":"type-post","3":"status-publish","4":"format-standard","5":"has-post-thumbnail","7":"category-rubriker","8":"tag-breaking-news","9":"tag-breakingnews","10":"tag-featured-news","11":"tag-featurednews","12":"tag-headlines","13":"tag-huvudnyheter","14":"tag-latest-news","15":"tag-latestnews","16":"tag-main-news","17":"tag-mainnews","18":"tag-news","19":"tag-nyheter","20":"tag-rubriker","21":"tag-se","22":"tag-svenska","23":"tag-sverige","24":"tag-sweden","25":"tag-swedish","26":"tag-top-stories","27":"tag-topstories"},"share_on_mastodon":{"url":"https:\/\/pubeurope.com\/@se\/115762405395231412","error":""},"_links":{"self":[{"href":"https:\/\/www.europesays.com\/se\/wp-json\/wp\/v2\/posts\/113617","targetHints":{"allow":["GET"]}}],"collection":[{"href":"https:\/\/www.europesays.com\/se\/wp-json\/wp\/v2\/posts"}],"about":[{"href":"https:\/\/www.europesays.com\/se\/wp-json\/wp\/v2\/types\/post"}],"author":[{"embeddable":true,"href":"https:\/\/www.europesays.com\/se\/wp-json\/wp\/v2\/users\/2"}],"replies":[{"embeddable":true,"href":"https:\/\/www.europesays.com\/se\/wp-json\/wp\/v2\/comments?post=113617"}],"version-history":[{"count":0,"href":"https:\/\/www.europesays.com\/se\/wp-json\/wp\/v2\/posts\/113617\/revisions"}],"wp:featuredmedia":[{"embeddable":true,"href":"https:\/\/www.europesays.com\/se\/wp-json\/wp\/v2\/media\/113618"}],"wp:attachment":[{"href":"https:\/\/www.europesays.com\/se\/wp-json\/wp\/v2\/media?parent=113617"}],"wp:term":[{"taxonomy":"category","embeddable":true,"href":"https:\/\/www.europesays.com\/se\/wp-json\/wp\/v2\/categories?post=113617"},{"taxonomy":"post_tag","embeddable":true,"href":"https:\/\/www.europesays.com\/se\/wp-json\/wp\/v2\/tags?post=113617"}],"curies":[{"name":"wp","href":"https:\/\/api.w.org\/{rel}","templated":true}]}}