{"id":113622,"date":"2025-12-22T09:08:11","date_gmt":"2025-12-22T09:08:11","guid":{"rendered":"https:\/\/www.europesays.com\/se\/113622\/"},"modified":"2025-12-22T09:08:11","modified_gmt":"2025-12-22T09:08:11","slug":"nationell-informationssatsning-om-hedersrelaterat-vald-och-fortryck","status":"publish","type":"post","link":"https:\/\/www.europesays.com\/se\/113622\/","title":{"rendered":"Nationell informationssatsning om hedersrelaterat v\u00e5ld och f\u00f6rtryck"},"content":{"rendered":"<p>&#13;<br \/>\nRegeringen ger i uppdrag till Barnombudsmannen att bist\u00e5 J\u00e4mst\u00e4lldhetsmyndigheten i en nationell informationssatsning 2026\u20132028, om hedersrelaterat v\u00e5ld och f\u00f6rtryck riktad till yrkesverksamma och allm\u00e4nheten. Barnombudsmannen f\u00e5r fr\u00e5n och med 2026 ocks\u00e5 en permanent h\u00f6jning av sitt f\u00f6rvaltningsanslag.  <\/p>\n<p>\u2013 Alla barn har r\u00e4tt till trygghet och frihet fr\u00e5n alla former av v\u00e5ld. Med denna satsning \u00f6kar vi kunskapen hos yrkesverksamma och allm\u00e4nheten, s\u00e5 att fler barn f\u00e5r det skydd och st\u00f6d de har r\u00e4tt till. Genom att h\u00f6ja Barnombudsmannens anslag st\u00e4rker regeringen myndighetens kapacitet och deras l\u00e5ngsiktiga arbete f\u00f6r att st\u00e4rka barns r\u00e4ttigheter och efterlevnaden av barnkonventionen, s\u00e4ger socialtj\u00e4nstminister Camilla Waltersson Gr\u00f6nvall.\u00a0<\/p>\n<p>I uppdraget ing\u00e5r att informera om g\u00e4llande lagstiftning och st\u00f6dprocesser f\u00f6r v\u00e5ldsutsatta barn. Barnombudsmannen ska \u00e4ven bidra i arbetet med att inventera, uppdatera och genomf\u00f6ra utbildningar till yrkesverksamma f\u00f6r att motverka hedersrelaterat v\u00e5ld och f\u00f6rtryck inklusive bortf\u00f6randen i hederskontexter. Syftet \u00e4r att s\u00e4kerst\u00e4lla att det finns utbildningar riktade till samtliga relevanta verksamheter och m\u00e5lgrupper som m\u00f6ter barn, med fokus p\u00e5 skola och socialtj\u00e4nst. Uppdraget ska ha ett s\u00e4rskilt fokus p\u00e5 barn i s\u00e5rbara situationer. \u00a0<\/p>\n<p>J\u00e4mst\u00e4lldhetsmyndigheten samordnar arbetet och ska l\u00e4mna en muntlig delredovisning den 18 augusti 2026 och den 30 mars 2027, och en samlad slutredovisning den 16 februari 2029 till Regeringskansliet. \u00a0<\/p>\n<p>H\u00f6jning av Barnombudsmannens anslag\u00a0<\/p>\n<p>Barnombudsmannen f\u00e5r fr\u00e5n och med 2026 en permanent h\u00f6jning av sitt f\u00f6rvaltningsanslag f\u00f6r att s\u00e4kra Barnombudsmannens oberoende roll, st\u00e4rka myndighetens kapacitet och l\u00e5ngsiktiga arbete. F\u00f6rvaltningsanslaget h\u00f6js med 12 miljoner kronor. \u00a0<\/p>\n<p>De medel som nu tillf\u00f6rs myndighetens f\u00f6rvaltningsanslag kommer att f\u00e5 stor betydelse f\u00f6r myndighetens m\u00f6jligheter att, i \u00e4nnu st\u00f6rre utstr\u00e4ckning \u00e4n som redan g\u00f6rs idag, fokusera p\u00e5 sitt k\u00e4rnuppdrag och d\u00e4rigenom st\u00e4rka myndighetens kapacitet och l\u00e5ngsiktiga arbete vilket i slut\u00e4ndan ska st\u00e4rka barns r\u00e4ttigheter i Sverige och efterlevnaden av barnkonventionen.\u00a0<\/p>\n","protected":false},"excerpt":{"rendered":"&#13; Regeringen ger i uppdrag till Barnombudsmannen att bist\u00e5 J\u00e4mst\u00e4lldhetsmyndigheten i en nationell informationssatsning 2026\u20132028, om hedersrelaterat v\u00e5ld&hellip;\n","protected":false},"author":2,"featured_media":67452,"comment_status":"","ping_status":"","sticky":false,"template":"","format":"standard","meta":{"footnotes":""},"categories":[5],"tags":[22,23,26,27,17,21,24,25,28,29,15,16,18,34,31,33,32,30,19,20],"class_list":{"0":"post-113622","1":"post","2":"type-post","3":"status-publish","4":"format-standard","5":"has-post-thumbnail","7":"category-rubriker","8":"tag-breaking-news","9":"tag-breakingnews","10":"tag-featured-news","11":"tag-featurednews","12":"tag-headlines","13":"tag-huvudnyheter","14":"tag-latest-news","15":"tag-latestnews","16":"tag-main-news","17":"tag-mainnews","18":"tag-news","19":"tag-nyheter","20":"tag-rubriker","21":"tag-se","22":"tag-svenska","23":"tag-sverige","24":"tag-sweden","25":"tag-swedish","26":"tag-top-stories","27":"tag-topstories"},"share_on_mastodon":{"url":"https:\/\/pubeurope.com\/@se\/115762436694714377","error":""},"_links":{"self":[{"href":"https:\/\/www.europesays.com\/se\/wp-json\/wp\/v2\/posts\/113622","targetHints":{"allow":["GET"]}}],"collection":[{"href":"https:\/\/www.europesays.com\/se\/wp-json\/wp\/v2\/posts"}],"about":[{"href":"https:\/\/www.europesays.com\/se\/wp-json\/wp\/v2\/types\/post"}],"author":[{"embeddable":true,"href":"https:\/\/www.europesays.com\/se\/wp-json\/wp\/v2\/users\/2"}],"replies":[{"embeddable":true,"href":"https:\/\/www.europesays.com\/se\/wp-json\/wp\/v2\/comments?post=113622"}],"version-history":[{"count":0,"href":"https:\/\/www.europesays.com\/se\/wp-json\/wp\/v2\/posts\/113622\/revisions"}],"wp:featuredmedia":[{"embeddable":true,"href":"https:\/\/www.europesays.com\/se\/wp-json\/wp\/v2\/media\/67452"}],"wp:attachment":[{"href":"https:\/\/www.europesays.com\/se\/wp-json\/wp\/v2\/media?parent=113622"}],"wp:term":[{"taxonomy":"category","embeddable":true,"href":"https:\/\/www.europesays.com\/se\/wp-json\/wp\/v2\/categories?post=113622"},{"taxonomy":"post_tag","embeddable":true,"href":"https:\/\/www.europesays.com\/se\/wp-json\/wp\/v2\/tags?post=113622"}],"curies":[{"name":"wp","href":"https:\/\/api.w.org\/{rel}","templated":true}]}}