{"id":113629,"date":"2025-12-22T09:16:10","date_gmt":"2025-12-22T09:16:10","guid":{"rendered":"https:\/\/www.europesays.com\/se\/113629\/"},"modified":"2025-12-22T09:16:10","modified_gmt":"2025-12-22T09:16:10","slug":"brand-pa-tak-i-industribyggnad-i-taby","status":"publish","type":"post","link":"https:\/\/www.europesays.com\/se\/113629\/","title":{"rendered":"Brand p\u00e5 tak i industribyggnad i T\u00e4by"},"content":{"rendered":"<p class=\"ort\">Arninge<\/p>\n<p class=\"text\">Branden ska ha startat p\u00e5 taket strax efter klockan \u00e5tta p\u00e5 morgonen. <\/p>\n<p class=\"text\">Det \u00e4r en fullt utvecklad brand och r\u00e4ddningstj\u00e4nsten arbetar nu med att f\u00f6rhindra spridning i byggnaden och till n\u00e4rliggande byggnader, n\u00e5got <a target=\"_blank\" rel=\"noopener nofollow\" href=\"https:\/\/www.sverigesradio.se\/artikel\/fullt-utvecklad-brand-pa-tak-i-taby-industribyggnad-i-lagor\">P4 Stockholm<\/a> var f\u00f6rst att ber\u00e4tta om. <\/p>\n<p>Inte under kontroll  <\/p>\n<p class=\"text\">Det \u00e4r en stor insats med flera enheter p\u00e5 platsen. <\/p>\n<p class=\"text\">\u2013 Vi har 40 personer p\u00e5 plats och branden \u00e4r inte under kontroll, s\u00e4ger G\u00f6ran Norman, ledningsoperat\u00f6r p\u00e5 r\u00e4ddningstj\u00e4nsten till Mitt i. <\/p>\n<p class=\"text\">Det \u00e4r stor r\u00f6kutveckling och f\u00f6rutom r\u00e4ddningstj\u00e4nst \u00e4r polis och sjukv\u00e5rd p\u00e5 plats. I nul\u00e4get finns det inga uppgifter om skador.<\/p>\n<p class=\"text\">Enligt r\u00e4ddningstj\u00e4nsten kommer sl\u00e4ckningsarbetet p\u00e5g\u00e5 hela dagen. <\/p>\n<p class=\"text\">\u2013 Vi kommer h\u00e5lla p\u00e5 minst \u00e5tta timmar till, s\u00e4ger G\u00f6ran Norman. <\/p>\n","protected":false},"excerpt":{"rendered":"Arninge Branden ska ha startat p\u00e5 taket strax efter klockan \u00e5tta p\u00e5 morgonen. Det \u00e4r en fullt utvecklad&hellip;\n","protected":false},"author":2,"featured_media":113630,"comment_status":"","ping_status":"","sticky":false,"template":"","format":"standard","meta":{"footnotes":""},"categories":[5],"tags":[22,23,26,27,17,21,24,25,28,29,15,16,18,34,31,33,32,30,19,20],"class_list":{"0":"post-113629","1":"post","2":"type-post","3":"status-publish","4":"format-standard","5":"has-post-thumbnail","7":"category-rubriker","8":"tag-breaking-news","9":"tag-breakingnews","10":"tag-featured-news","11":"tag-featurednews","12":"tag-headlines","13":"tag-huvudnyheter","14":"tag-latest-news","15":"tag-latestnews","16":"tag-main-news","17":"tag-mainnews","18":"tag-news","19":"tag-nyheter","20":"tag-rubriker","21":"tag-se","22":"tag-svenska","23":"tag-sverige","24":"tag-sweden","25":"tag-swedish","26":"tag-top-stories","27":"tag-topstories"},"share_on_mastodon":{"url":"https:\/\/pubeurope.com\/@se\/115762468172907349","error":""},"_links":{"self":[{"href":"https:\/\/www.europesays.com\/se\/wp-json\/wp\/v2\/posts\/113629","targetHints":{"allow":["GET"]}}],"collection":[{"href":"https:\/\/www.europesays.com\/se\/wp-json\/wp\/v2\/posts"}],"about":[{"href":"https:\/\/www.europesays.com\/se\/wp-json\/wp\/v2\/types\/post"}],"author":[{"embeddable":true,"href":"https:\/\/www.europesays.com\/se\/wp-json\/wp\/v2\/users\/2"}],"replies":[{"embeddable":true,"href":"https:\/\/www.europesays.com\/se\/wp-json\/wp\/v2\/comments?post=113629"}],"version-history":[{"count":0,"href":"https:\/\/www.europesays.com\/se\/wp-json\/wp\/v2\/posts\/113629\/revisions"}],"wp:featuredmedia":[{"embeddable":true,"href":"https:\/\/www.europesays.com\/se\/wp-json\/wp\/v2\/media\/113630"}],"wp:attachment":[{"href":"https:\/\/www.europesays.com\/se\/wp-json\/wp\/v2\/media?parent=113629"}],"wp:term":[{"taxonomy":"category","embeddable":true,"href":"https:\/\/www.europesays.com\/se\/wp-json\/wp\/v2\/categories?post=113629"},{"taxonomy":"post_tag","embeddable":true,"href":"https:\/\/www.europesays.com\/se\/wp-json\/wp\/v2\/tags?post=113629"}],"curies":[{"name":"wp","href":"https:\/\/api.w.org\/{rel}","templated":true}]}}