{"id":113636,"date":"2025-12-22T09:23:08","date_gmt":"2025-12-22T09:23:08","guid":{"rendered":"https:\/\/www.europesays.com\/se\/113636\/"},"modified":"2025-12-22T09:23:08","modified_gmt":"2025-12-22T09:23:08","slug":"stod-for-att-lamna-hedersrelaterat-vald-eller-fortryck","status":"publish","type":"post","link":"https:\/\/www.europesays.com\/se\/113636\/","title":{"rendered":"St\u00f6d f\u00f6r att l\u00e4mna hedersrelaterat v\u00e5ld eller f\u00f6rtryck"},"content":{"rendered":"<p>&#13;<br \/>\nRegeringen ger Myndigheten f\u00f6r familjer\u00e4tt och f\u00f6r\u00e4ldraskapsst\u00f6d (MFoF) i uppdrag att bidra i arbetet med \u00f6kad kunskap om behov hos de som vill l\u00e4mna relationer d\u00e4r hedersrelaterat v\u00e5ld eller f\u00f6rtryck f\u00f6rekommer. <\/p>\n<p>\u2212 Att l\u00e4mna en relation pr\u00e4glad av hedersrelaterat v\u00e5ld eller f\u00f6rtryck \u00e4r ofta f\u00f6renat med stora risker och sv\u00e5ra hinder. F\u00f6r att kunna ge r\u00e4tt st\u00f6d och skydd beh\u00f6ver vi f\u00f6rst\u00e5 behoven hos dem som tar det steget. Genom MFoF:s uppdrag att bist\u00e5 Socialstyrelsen st\u00e4rker vi kunskapen och s\u00e4kerst\u00e4ller att st\u00f6det blir tryggt, r\u00e4ttss\u00e4kert och anpassat till individens situation, s\u00e4ger socialtj\u00e4nstminister Camilla Waltersson Gr\u00f6nvall. \u00a0<\/p>\n<p>\u2013 Hedersrelaterat v\u00e5ld och f\u00f6rtryck h\u00f6r inte hemma i v\u00e5rt samh\u00e4lle. Den som tar steget att l\u00e4mna en s\u00e5dan situation ska kunna lita p\u00e5 att samh\u00e4llet st\u00e5r bakom med st\u00f6d och skydd. Genom det h\u00e4r uppdraget st\u00e4rker vi kunskapen och ser till att insatserna blir tr\u00e4ffs\u00e4kra och effektiva, s\u00e5 att fler kan leva i trygghet och frihet, s\u00e4ger socialminister Jakob Forssmed.\u00a0<\/p>\n<p>MFoF ska bist\u00e5 Socialstyrelsen i uppdraget att utveckla kunskap om informations-, st\u00f6d- och skyddsbehovet hos dessa personer. MFoF ska \u00e4ven bist\u00e5 med kunskap och omh\u00e4nderta resultatet inom ramen f\u00f6r sitt arbete, bland annat vid information om fr\u00e5gor som r\u00f6r v\u00e5rdnad, boende och umg\u00e4nge. \u00a0<\/p>\n<p>I regeringens regleringsbrev f\u00f6r 2026 framg\u00e5r att MFoF under 2026 f\u00e5r anv\u00e4nda 500 000 kronor f\u00f6r uppdraget. \u00a0<br \/>\u00a0<\/p>\n","protected":false},"excerpt":{"rendered":"&#13; Regeringen ger Myndigheten f\u00f6r familjer\u00e4tt och f\u00f6r\u00e4ldraskapsst\u00f6d (MFoF) i uppdrag att bidra i arbetet med \u00f6kad kunskap&hellip;\n","protected":false},"author":2,"featured_media":67452,"comment_status":"","ping_status":"","sticky":false,"template":"","format":"standard","meta":{"footnotes":""},"categories":[12],"tags":[22,23,26,27,17,21,24,25,28,29,15,16,18,34,31,33,32,30,19,20],"class_list":{"0":"post-113636","1":"post","2":"type-post","3":"status-publish","4":"format-standard","5":"has-post-thumbnail","7":"category-sverige","8":"tag-breaking-news","9":"tag-breakingnews","10":"tag-featured-news","11":"tag-featurednews","12":"tag-headlines","13":"tag-huvudnyheter","14":"tag-latest-news","15":"tag-latestnews","16":"tag-main-news","17":"tag-mainnews","18":"tag-news","19":"tag-nyheter","20":"tag-rubriker","21":"tag-se","22":"tag-svenska","23":"tag-sverige","24":"tag-sweden","25":"tag-swedish","26":"tag-top-stories","27":"tag-topstories"},"share_on_mastodon":{"url":"https:\/\/pubeurope.com\/@se\/115762495737285268","error":""},"_links":{"self":[{"href":"https:\/\/www.europesays.com\/se\/wp-json\/wp\/v2\/posts\/113636","targetHints":{"allow":["GET"]}}],"collection":[{"href":"https:\/\/www.europesays.com\/se\/wp-json\/wp\/v2\/posts"}],"about":[{"href":"https:\/\/www.europesays.com\/se\/wp-json\/wp\/v2\/types\/post"}],"author":[{"embeddable":true,"href":"https:\/\/www.europesays.com\/se\/wp-json\/wp\/v2\/users\/2"}],"replies":[{"embeddable":true,"href":"https:\/\/www.europesays.com\/se\/wp-json\/wp\/v2\/comments?post=113636"}],"version-history":[{"count":0,"href":"https:\/\/www.europesays.com\/se\/wp-json\/wp\/v2\/posts\/113636\/revisions"}],"wp:featuredmedia":[{"embeddable":true,"href":"https:\/\/www.europesays.com\/se\/wp-json\/wp\/v2\/media\/67452"}],"wp:attachment":[{"href":"https:\/\/www.europesays.com\/se\/wp-json\/wp\/v2\/media?parent=113636"}],"wp:term":[{"taxonomy":"category","embeddable":true,"href":"https:\/\/www.europesays.com\/se\/wp-json\/wp\/v2\/categories?post=113636"},{"taxonomy":"post_tag","embeddable":true,"href":"https:\/\/www.europesays.com\/se\/wp-json\/wp\/v2\/tags?post=113636"}],"curies":[{"name":"wp","href":"https:\/\/api.w.org\/{rel}","templated":true}]}}