{"id":113637,"date":"2025-12-22T09:24:08","date_gmt":"2025-12-22T09:24:08","guid":{"rendered":"https:\/\/www.europesays.com\/se\/113637\/"},"modified":"2025-12-22T09:24:08","modified_gmt":"2025-12-22T09:24:08","slug":"nar-sakerhet-gar-fore-rattvisa-riskerar-freden-att-ga-forlorad","status":"publish","type":"post","link":"https:\/\/www.europesays.com\/se\/113637\/","title":{"rendered":"N\u00e4r s\u00e4kerhet g\u00e5r f\u00f6re r\u00e4ttvisa riskerar freden att g\u00e5 f\u00f6rlorad"},"content":{"rendered":"<p>\n                    Ledarna f\u00f6r ett antal av EU:s l\u00e4nder i Berlin den 15 december. Foto: Marcus Schreiber\/AP\/TT\n            <\/p>\n<p class=\"article__sublead\">En h\u00e5llbar fred m\u00e5ste bygga p\u00e5 r\u00e4ttvisa, f\u00f6rsoning och demokrati. Allt annat riskerar bara att skapa en falsk trygghet, skriver Mikael Bertilsson ang\u00e5ende en eventuell l\u00f6sning p\u00e5 kriget i Ukraina.<\/p>\n<p class=\"article__paragraph\">N\u00e4r statsminister Ulf Kristersson beskriver m\u00f6tet i Berlin som \u201dett viktigt steg mot en h\u00e5llbar fred\u201d l\u00e5ter det som om v\u00e4rlden \u00e4ntligen n\u00e4rmar sig en l\u00f6sning p\u00e5 kriget i Ukraina. Men bakom orden g\u00f6mmer sig en farlig f\u00f6renkling. Fred \u00e4r inte ett diplomatiskt tillst\u00e5nd som kan beslutas fram \u2013 det \u00e4r en politisk och moralisk process som kr\u00e4ver mod, ansvar och l\u00e5ngsiktighet.<\/p>\n<p class=\"article__paragraph\"><strong>I den europeiska debatten<\/strong> har \u201ds\u00e4kerhet\u201d blivit ett magiskt ord. Allt kan motiveras i dess namn: vapenst\u00f6d, upprustning, milit\u00e4r integration. Men n\u00e4r s\u00e4kerheten s\u00e4tts f\u00f6re r\u00e4ttvisan riskerar freden att bli en parentes mellan tv\u00e5 krig. Europas ledare s\u00e4ger sig vilja bygga en h\u00e5llbar fred, men samtalen handlar mest om garantier, territorier och geopolitik \u2013 inte om m\u00e4nniskor, skuld och f\u00f6rsoning.<\/p>\n<p class=\"article__paragraph\">Att st\u00e4rka Ukrainas sj\u00e4lvf\u00f6rsvar \u00e4r b\u00e5de moraliskt och strategiskt r\u00e4tt. Men parallellt beh\u00f6vs en tydlig plan f\u00f6r hur Europa ska bidra till \u00e5teruppbyggnad, ansvar och r\u00e4ttvisa. En fred som inte bygger p\u00e5 uppr\u00e4ttelse kommer bara att frysa konflikter, inte l\u00f6sa dem. Den som talar om fred m\u00e5ste ocks\u00e5 v\u00e5ga tala om de civila som f\u00f6rlorat allt \u2013 om barnen som v\u00e4xer upp bland ruiner, och om hur krigets psykiska och sociala s\u00e5r kan l\u00e4ka.<\/p>\n<p class=\"article__paragraph\">Kristersson talar om ett \u201dmomentum\u201d f\u00f6r fred. Men momentum r\u00e4cker inte. Det kr\u00e4vs en vilja att tala klarspr\u00e5k \u2013 om krigsbrott, om sanning, och om vad Europa faktiskt \u00e4r berett att f\u00f6rsvara. Om freden ska bli h\u00e5llbar m\u00e5ste den bottna i v\u00e4rden, inte bara i maktbalans.<\/p>\n<p class=\"article__paragraph\"><strong>Sverige har historiskt <\/strong>varit en r\u00f6st f\u00f6r dialog, folkr\u00e4tt och internationellt samarbete. I dag riskerar den traditionen att ers\u00e4ttas av ett spr\u00e5k som reducerar fred till milit\u00e4r strategi. Det \u00e4r inte fel att tala om f\u00f6rsvar, men det \u00e4r farligt att sluta tala om fred.<\/p>\n<p class=\"article__paragraph\">Medierna spelar ocks\u00e5 en roll. N\u00e4r varje framsteg m\u00e4ts i milit\u00e4ra termer och varje f\u00f6rlust tolkas som svaghet, f\u00f6rsvinner utrymmet f\u00f6r samtal om diplomati och civila initiativ. Det \u00e4r som om sj\u00e4lva id\u00e9n om fred blivit misst\u00e4nkliggjord. Men Europas framtid avg\u00f6rs inte bara av hur m\u00e5nga vapen som skickas \u2013 utan av vilken moralisk kompass som v\u00e4gleder besluten.<\/p>\n<p class=\"article__paragraph\">Vi beh\u00f6ver \u00e5terer\u00f6vra f\u00f6rm\u00e5gan att se fred som n\u00e5got aktivt \u2013 som kr\u00e4ver ledarskap och mod, inte bara uttalanden. Om Europa menar allvar med orden i Berlin m\u00e5ste n\u00e4sta steg handla om r\u00e4ttvisa, f\u00f6rsoning och demokrati. Annars blir den \u201dh\u00e5llbara freden\u201d bara \u00e4nnu en rubrik bland andra \u2013 medan v\u00e5ldet forts\u00e4tter i nya former.<\/p>\n","protected":false},"excerpt":{"rendered":"Ledarna f\u00f6r ett antal av EU:s l\u00e4nder i Berlin den 15 december. Foto: Marcus Schreiber\/AP\/TT En h\u00e5llbar fred&hellip;\n","protected":false},"author":2,"featured_media":113638,"comment_status":"","ping_status":"","sticky":false,"template":"","format":"standard","meta":{"footnotes":""},"categories":[5],"tags":[22,23,26,27,17,21,24,25,28,29,15,16,18,34,31,33,32,30,19,20],"class_list":{"0":"post-113637","1":"post","2":"type-post","3":"status-publish","4":"format-standard","5":"has-post-thumbnail","7":"category-rubriker","8":"tag-breaking-news","9":"tag-breakingnews","10":"tag-featured-news","11":"tag-featurednews","12":"tag-headlines","13":"tag-huvudnyheter","14":"tag-latest-news","15":"tag-latestnews","16":"tag-main-news","17":"tag-mainnews","18":"tag-news","19":"tag-nyheter","20":"tag-rubriker","21":"tag-se","22":"tag-svenska","23":"tag-sverige","24":"tag-sweden","25":"tag-swedish","26":"tag-top-stories","27":"tag-topstories"},"share_on_mastodon":{"url":"https:\/\/pubeurope.com\/@se\/115762499600909923","error":""},"_links":{"self":[{"href":"https:\/\/www.europesays.com\/se\/wp-json\/wp\/v2\/posts\/113637","targetHints":{"allow":["GET"]}}],"collection":[{"href":"https:\/\/www.europesays.com\/se\/wp-json\/wp\/v2\/posts"}],"about":[{"href":"https:\/\/www.europesays.com\/se\/wp-json\/wp\/v2\/types\/post"}],"author":[{"embeddable":true,"href":"https:\/\/www.europesays.com\/se\/wp-json\/wp\/v2\/users\/2"}],"replies":[{"embeddable":true,"href":"https:\/\/www.europesays.com\/se\/wp-json\/wp\/v2\/comments?post=113637"}],"version-history":[{"count":0,"href":"https:\/\/www.europesays.com\/se\/wp-json\/wp\/v2\/posts\/113637\/revisions"}],"wp:featuredmedia":[{"embeddable":true,"href":"https:\/\/www.europesays.com\/se\/wp-json\/wp\/v2\/media\/113638"}],"wp:attachment":[{"href":"https:\/\/www.europesays.com\/se\/wp-json\/wp\/v2\/media?parent=113637"}],"wp:term":[{"taxonomy":"category","embeddable":true,"href":"https:\/\/www.europesays.com\/se\/wp-json\/wp\/v2\/categories?post=113637"},{"taxonomy":"post_tag","embeddable":true,"href":"https:\/\/www.europesays.com\/se\/wp-json\/wp\/v2\/tags?post=113637"}],"curies":[{"name":"wp","href":"https:\/\/api.w.org\/{rel}","templated":true}]}}