{"id":113645,"date":"2025-12-22T09:31:10","date_gmt":"2025-12-22T09:31:10","guid":{"rendered":"https:\/\/www.europesays.com\/se\/113645\/"},"modified":"2025-12-22T09:31:10","modified_gmt":"2025-12-22T09:31:10","slug":"nattvandra-pa-nyarsafton-nykoping-se","status":"publish","type":"post","link":"https:\/\/www.europesays.com\/se\/113645\/","title":{"rendered":"Nattvandra p\u00e5 ny\u00e5rsafton \u2013 nykoping.se"},"content":{"rendered":"<p>Ny\u00e5rsafton n\u00e4rmar sig och vi beh\u00f6ver hj\u00e4lpas \u00e5t f\u00f6r att skapa en trygg och rolig kv\u00e4ll f\u00f6r v\u00e5ra ungdomar. Var med och nattvandra, antingen som privatperson eller som f\u00f6rening.<\/p>\n<p>F\u00f6rra \u00e5ret var det m\u00e5nga unga p\u00e5 vallarna som drack alkohol och m\u00e5dde d\u00e5ligt. Polisen upplevde kv\u00e4llen som st\u00f6kig och s\u00e5g m\u00e5nga ungdomar i behov av hj\u00e4lp fr\u00e5n en vuxen.\u00a0<\/p>\n<p>Ung Arena, S\u00f6rmlandskustens r\u00e4ddningstj\u00e4nst, Polisen och Region S\u00f6rmland kommer att finnas p\u00e5 plats, i den m\u00e5n det \u00e4r m\u00f6jligt, p\u00e5 vallarna under ny\u00e5rskv\u00e4llen.\u00a0<\/p>\n<p>Bidra till en trygg ny\u00e5rsafton<\/p>\n<p>Att ha trygga vuxna runt v\u00e5ra ungdomar \u00e4r en framg\u00e5ngsfaktor f\u00f6r en lugn och lyckad kv\u00e4ll. Det kommer att finnas ett trygghetst\u00e4lt vid parkeringen utanf\u00f6r Tovastugan. D\u00e4r finns personal p\u00e5 plats, varmt att dricka, n\u00e5got att \u00e4ta och m\u00f6jlighet till f\u00f6rsta hj\u00e4lpen.<\/p>\n<ul>\n<li>Samling 22.00 vid t\u00e4ltet (ber\u00e4knat slut vid 01.00)<\/li>\n<li>Du som <strong>privatperson<\/strong> anm\u00e4ler ditt intresse att nattvandra till <a href=\"https:\/\/www.nykoping.se\/arkiv\/nyheter\/nattvandra-pa-nyarsafton2\/mailto:fritid@nykoping.se\" rel=\"nofollow noopener\" target=\"_blank\">fritid@nykoping.se<\/a> &#8211; senast 30 december<\/li>\n<li>Ni som <strong>f\u00f6rening<\/strong> anm\u00e4ler ert intresse att nattvandra till <a href=\"https:\/\/www.nykoping.se\/arkiv\/nyheter\/nattvandra-pa-nyarsafton2\/mailto:forening@nykoping.se\" rel=\"nofollow noopener\" target=\"_blank\">forening@nykoping.se<\/a> &#8211; senast 30 december.<\/li>\n<li>Vi ser g\u00e4rna att ni som \u00e4r med \u00e4r \u00f6ver 20 \u00e5r.<\/li>\n<li>Reflexv\u00e4star finns i t\u00e4ltet.<\/li>\n<li>Dryck och tilltugg finns i t\u00e4ltet under kv\u00e4llen.<\/li>\n<\/ul>\n<p>Tj\u00e4na pengar till f\u00f6reningen<\/p>\n<p>Nattvandringen \u00e4r ett samarbete med S\u00f6rmlands sparbank. Om ni som f\u00f6rening st\u00e4ller upp och nattvandrar f\u00e5r ni 1000 kr per person\/per f\u00f6rening, och om ni \u00e4r 5 eller fler f\u00e5r ni 10.000 kronor.<\/p>\n<p>OBS! Detta g\u00e4ller endast f\u00f6reningar. Du som engagerar dig som privatperson f\u00e5r inte betalt f\u00f6r att nattvandra.<\/p>\n<p>Vi hoppas att du som vuxen vill vara med oss och skapa en lugn och trygg kv\u00e4ll f\u00f6r v\u00e5ra ungdomar!<\/p>\n<p><a href=\"https:\/\/www.nykoping.se\/kommun--politik\/trygghet-och-sakerhet\/brottsforebyggande-arbete\/nattvandring\/\" rel=\"nofollow noopener\" target=\"_blank\">L\u00e4s mer om nattvandring p\u00e5 kommunens webbplats.<\/a><\/p>\n","protected":false},"excerpt":{"rendered":"Ny\u00e5rsafton n\u00e4rmar sig och vi beh\u00f6ver hj\u00e4lpas \u00e5t f\u00f6r att skapa en trygg och rolig kv\u00e4ll f\u00f6r v\u00e5ra&hellip;\n","protected":false},"author":2,"featured_media":2786,"comment_status":"","ping_status":"","sticky":false,"template":"","format":"standard","meta":{"footnotes":""},"categories":[12],"tags":[22,23,26,27,17,21,24,25,28,29,15,16,18,34,31,33,32,30,19,20],"class_list":{"0":"post-113645","1":"post","2":"type-post","3":"status-publish","4":"format-standard","5":"has-post-thumbnail","7":"category-sverige","8":"tag-breaking-news","9":"tag-breakingnews","10":"tag-featured-news","11":"tag-featurednews","12":"tag-headlines","13":"tag-huvudnyheter","14":"tag-latest-news","15":"tag-latestnews","16":"tag-main-news","17":"tag-mainnews","18":"tag-news","19":"tag-nyheter","20":"tag-rubriker","21":"tag-se","22":"tag-svenska","23":"tag-sverige","24":"tag-sweden","25":"tag-swedish","26":"tag-top-stories","27":"tag-topstories"},"share_on_mastodon":{"url":"https:\/\/pubeurope.com\/@se\/115762527275826559","error":""},"_links":{"self":[{"href":"https:\/\/www.europesays.com\/se\/wp-json\/wp\/v2\/posts\/113645","targetHints":{"allow":["GET"]}}],"collection":[{"href":"https:\/\/www.europesays.com\/se\/wp-json\/wp\/v2\/posts"}],"about":[{"href":"https:\/\/www.europesays.com\/se\/wp-json\/wp\/v2\/types\/post"}],"author":[{"embeddable":true,"href":"https:\/\/www.europesays.com\/se\/wp-json\/wp\/v2\/users\/2"}],"replies":[{"embeddable":true,"href":"https:\/\/www.europesays.com\/se\/wp-json\/wp\/v2\/comments?post=113645"}],"version-history":[{"count":0,"href":"https:\/\/www.europesays.com\/se\/wp-json\/wp\/v2\/posts\/113645\/revisions"}],"wp:featuredmedia":[{"embeddable":true,"href":"https:\/\/www.europesays.com\/se\/wp-json\/wp\/v2\/media\/2786"}],"wp:attachment":[{"href":"https:\/\/www.europesays.com\/se\/wp-json\/wp\/v2\/media?parent=113645"}],"wp:term":[{"taxonomy":"category","embeddable":true,"href":"https:\/\/www.europesays.com\/se\/wp-json\/wp\/v2\/categories?post=113645"},{"taxonomy":"post_tag","embeddable":true,"href":"https:\/\/www.europesays.com\/se\/wp-json\/wp\/v2\/tags?post=113645"}],"curies":[{"name":"wp","href":"https:\/\/api.w.org\/{rel}","templated":true}]}}