{"id":113667,"date":"2025-12-22T09:54:09","date_gmt":"2025-12-22T09:54:09","guid":{"rendered":"https:\/\/www.europesays.com\/se\/113667\/"},"modified":"2025-12-22T09:54:09","modified_gmt":"2025-12-22T09:54:09","slug":"vapenvilan-hastades-fram-for-trumps-skull","status":"publish","type":"post","link":"https:\/\/www.europesays.com\/se\/113667\/","title":{"rendered":"Vapenvilan hastades fram f\u00f6r Trumps skull"},"content":{"rendered":"<p>Den brutna vapenvilan mellan Thailand och Kambodja hastades fram f\u00f6r att vara redo att skrivas under av USA:s president Donald Trump n\u00e4r han bes\u00f6kte regionen i oktober. Det s\u00e4ger Thailands utrikesminister Sihasak Phuangketkeow enligt AFP.<\/p>\n<p>\u2013 Jag menar: ju tidigare desto b\u00e4ttre, men ibland beh\u00f6ver vi verkligen s\u00e4tta oss ned s\u00e5 att det vi kommer \u00f6verens om verkligen h\u00e5ller och respekteras, s\u00e4ger Phuangketkeow.<\/p>\n<p>Den vapenvila som skrevs under i oktober pausades f\u00f6ljande m\u00e5nad. Sedan dess har minst 60 personer d\u00f6dats i strider mellan Thailand och Kambodja, och minst en halv miljon m\u00e4nniskor har tvingats fly. <\/p>\n<p>Omni \u00e4r politiskt obundna och oberoende. Vi str\u00e4var efter att ge fler perspektiv p\u00e5 nyheterna. Har du fr\u00e5gor eller synpunkter kring v\u00e5r rapportering? <a href=\"https:\/\/omni.se\/thailand-vapenvilan-hastades-fram-for-trumps-skull\/a\/mailto:redaktion@omni.se\" class=\"ArticleActions_contactLink__W2F1M\" rel=\"nofollow noopener\" target=\"_blank\">Kontakta redaktionen<\/a><\/p>\n","protected":false},"excerpt":{"rendered":"Den brutna vapenvilan mellan Thailand och Kambodja hastades fram f\u00f6r att vara redo att skrivas under av USA:s&hellip;\n","protected":false},"author":2,"featured_media":113668,"comment_status":"","ping_status":"","sticky":false,"template":"","format":"standard","meta":{"footnotes":""},"categories":[14],"tags":[387,420,22,23,385,26,27,17,21,1885,24,25,28,29,15,16,18,34,31,33,32,30,1886,19,20,386,51,52,53,54],"class_list":{"0":"post-113667","1":"post","2":"type-post","3":"status-publish","4":"format-standard","5":"has-post-thumbnail","7":"category-varlden","8":"tag-amerikansk-politik","9":"tag-asien","10":"tag-breaking-news","11":"tag-breakingnews","12":"tag-donald-trump","13":"tag-featured-news","14":"tag-featurednews","15":"tag-headlines","16":"tag-huvudnyheter","17":"tag-kambodja","18":"tag-latest-news","19":"tag-latestnews","20":"tag-main-news","21":"tag-mainnews","22":"tag-news","23":"tag-nyheter","24":"tag-rubriker","25":"tag-se","26":"tag-svenska","27":"tag-sverige","28":"tag-sweden","29":"tag-swedish","30":"tag-thailand","31":"tag-top-stories","32":"tag-topstories","33":"tag-trumps-usa","34":"tag-varlden","35":"tag-world","36":"tag-world-news","37":"tag-worldnews"},"share_on_mastodon":{"url":"https:\/\/pubeurope.com\/@se\/115762618175747822","error":""},"_links":{"self":[{"href":"https:\/\/www.europesays.com\/se\/wp-json\/wp\/v2\/posts\/113667","targetHints":{"allow":["GET"]}}],"collection":[{"href":"https:\/\/www.europesays.com\/se\/wp-json\/wp\/v2\/posts"}],"about":[{"href":"https:\/\/www.europesays.com\/se\/wp-json\/wp\/v2\/types\/post"}],"author":[{"embeddable":true,"href":"https:\/\/www.europesays.com\/se\/wp-json\/wp\/v2\/users\/2"}],"replies":[{"embeddable":true,"href":"https:\/\/www.europesays.com\/se\/wp-json\/wp\/v2\/comments?post=113667"}],"version-history":[{"count":0,"href":"https:\/\/www.europesays.com\/se\/wp-json\/wp\/v2\/posts\/113667\/revisions"}],"wp:featuredmedia":[{"embeddable":true,"href":"https:\/\/www.europesays.com\/se\/wp-json\/wp\/v2\/media\/113668"}],"wp:attachment":[{"href":"https:\/\/www.europesays.com\/se\/wp-json\/wp\/v2\/media?parent=113667"}],"wp:term":[{"taxonomy":"category","embeddable":true,"href":"https:\/\/www.europesays.com\/se\/wp-json\/wp\/v2\/categories?post=113667"},{"taxonomy":"post_tag","embeddable":true,"href":"https:\/\/www.europesays.com\/se\/wp-json\/wp\/v2\/tags?post=113667"}],"curies":[{"name":"wp","href":"https:\/\/api.w.org\/{rel}","templated":true}]}}