{"id":113669,"date":"2025-12-22T09:55:14","date_gmt":"2025-12-22T09:55:14","guid":{"rendered":"https:\/\/www.europesays.com\/se\/113669\/"},"modified":"2025-12-22T09:55:14","modified_gmt":"2025-12-22T09:55:14","slug":"kvinnorna-som-dodats-2025","status":"publish","type":"post","link":"https:\/\/www.europesays.com\/se\/113669\/","title":{"rendered":"Kvinnorna som d\u00f6dats 2025"},"content":{"rendered":"<p><img decoding=\"async\" class=\"image-asset hyperion-css-n6kkq1\" data-test-tag=\"image-asset\" src=\"https:\/\/www.europesays.com\/se\/wp-content\/uploads\/2025\/12\/1766397309_8_c17a9745-bdf8-4f18-9c47-6db6861cea5b\"  alt=\"\"  loading=\"lazy\" fetchpriority=\"auto\" style=\"aspect-ratio:1900 \/ 1900\"\/><img decoding=\"async\" class=\"image-asset hyperion-css-n6kkq1\" data-test-tag=\"image-asset\" src=\"https:\/\/www.europesays.com\/se\/wp-content\/uploads\/2025\/12\/1766397309_477_231d2671-1ed8-48e5-a259-ccec615f0430\"  alt=\"\"  loading=\"lazy\" fetchpriority=\"auto\" style=\"aspect-ratio:1900 \/ 1900\"\/>share-arrowDela<\/p>\n<p>unsaveSpara<\/p>\n<p>expand-left<\/p>\n<p>helsk\u00e4rm<img decoding=\"async\" class=\"image-asset hyperion-css-u06ts1\" data-test-tag=\"image-asset\" src=\"https:\/\/www.europesays.com\/se\/wp-content\/uploads\/2025\/12\/9cedced7-93a3-404b-a4bf-831ab9acb306\"  alt=\"Annelie, Emma, Valentine och Marine \u2013 fyra av tolv som tros ha m\u00f6rdats under 2025 av en man de haft en relation med.\"  loading=\"eager\" fetchpriority=\"high\" style=\"aspect-ratio:1200 \/ 627\"\/>Annelie, Emma, Valentine och Marine \u2013 fyra av tolv som tros ha m\u00f6rdats under 2025 av en man de haft en relation med.<\/p>\n<p class=\"hyperion-css-1shl3oz\" data-test-tag=\"lead-text\">Valentine hade tidigare anm\u00e4lt sin make f\u00f6r misshandel.<\/p>\n<p class=\"hyperion-css-1shl3oz\" data-test-tag=\"lead-text\">Kvinnan i Karlskrona likas\u00e5.<\/p>\n<p class=\"hyperion-css-1shl3oz\" data-test-tag=\"lead-text\">Nu \u00e4r de tv\u00e5 av tolv kvinnor som i \u00e5r tros ha m\u00f6rdats av en man de haft en relation med.<\/p>\n<p class=\"hyperion-css-1v9qo5x\">Det beskrivs som en global kris \u2013 att 137 flickor och kvinnor, enligt siffror fr\u00e5n FN, d\u00f6das varje dag n\u00e5gonstans i v\u00e4rlden av en familjemedlem eller en sl\u00e4kting.<\/p>\n<p class=\"hyperion-css-1v9qo5x\">Morden \u00e4r den yttersta formen av v\u00e5ld inom n\u00e4ra relation som \u00e4r ett l\u00e5ngt mer utbrett problem. Socialstyrelsen uppskattar att minst 75\u00a0000 kvinnor i Sverige uts\u00e4tts f\u00f6r n\u00e5gon form av partnerv\u00e5ld varje \u00e5r men m\u00f6rkertalet tros vara stort. <\/p>\n<p class=\"hyperion-css-1v9qo5x\">Och <a data-test-tag=\"internal-link\" href=\"https:\/\/www.aftonbladet.se\/nyheter\/a\/kE5QQv\/varningstecken-da-ar-relationen-destruktiv\" class=\"hyperion-css-15jkft9\" rel=\"nofollow noopener\" target=\"\" aria-label=\"under jul- och ny\u00e5rshelgerna \u00f6kar v\u00e5ldet. \">under jul- och ny\u00e5rshelgerna \u00f6kar v\u00e5ldet. <\/a><\/p>\n<p>FAKTAH\u00e4r kan du f\u00e5 hj\u00e4lp och st\u00f6d<\/p>\n<p class=\"hyperion-css-jonaf8\">\u00c4r du eller n\u00e5gon i din n\u00e4rhet utsatt f\u00f6r v\u00e5ld i en n\u00e4ra relation? H\u00e4r \u00e4r ett urval st\u00e4llen du kan v\u00e4nda dig till f\u00f6r att f\u00e5 hj\u00e4lp och st\u00f6d.<\/p>\n<p class=\"hyperion-css-jonaf8\"><strong>Viktigt: Ring alltid 112 vid akuta h\u00e4ndelser. <\/strong>Du kan \u00e4ven n\u00e5 socialtj\u00e4nsten eller socialjouren i din kommun via larmnumret.<\/p>\n<ul class=\"hyperion-css-e9gx76\" data-test-tag=\"list\">\n<li class=\"hyperion-css-1d843yr\"><strong>Kvinnofridslinjen (020-50\u00a050\u00a050, dygnet runt)<\/strong><br \/>En nationell st\u00f6dtelefon f\u00f6r dig som utsatts f\u00f6r fysiskt, psykiskt och sexuellt v\u00e5ld. \u00c4ven anh\u00f6riga och v\u00e4nner \u00e4r v\u00e4lkomna att ringa.<\/li>\n<li class=\"hyperion-css-1d843yr\"><strong>Alla kvinnors hus (08-644\u00a009\u00a020, m\u00e5n\u2013fre kl 9\u201317)<\/strong><br \/>Erbjuder tillf\u00e4lligt skyddat boende f\u00f6r personer som utsatts f\u00f6r v\u00e5ld i n\u00e4ra relation och hedersrelaterat v\u00e5ld. Tar emot kvinnor, m\u00e4n, deras barn och medf\u00f6ljande djur med placering via socialtj\u00e4nsten.<\/li>\n<li class=\"hyperion-css-1d843yr\"><strong><a aria-label=\"Roks\" class=\"default hyperion-css-15jkft9\" href=\"http:\/\/roks.se\/\" rel=\"noopener nofollow noreferrer\" data-test-tag=\"external-link\" target=\"_blank\">Roks<\/a><\/strong><br \/>Riksorganisationen f\u00f6r kvinnojourer och tjejjourer i Sverige samlar jourer i hela Sverige, varav vissa erbjuder skyddat boende. Hitta en jour n\u00e4rmast dig via Roks hemsida. Klicka p\u00e5 \u201dhitta en jour\u201d.<\/li>\n<li class=\"hyperion-css-1d843yr\"><strong><a aria-label=\"Unizon\" class=\"default hyperion-css-15jkft9\" href=\"http:\/\/unizonjourer.se\/\" rel=\"noopener nofollow noreferrer\" data-test-tag=\"external-link\" target=\"_blank\">Unizon<\/a><\/strong><br \/>Samlar \u00f6ver 150 kvinnojourer, tjejjourer och andra st\u00f6dverksamheter. P\u00e5 hemsidan finns kontaktuppgifter till jourer i hela Sverige, varav vissa erbjuder skyddat boende. Klicka p\u00e5 \u201dhitta jour\u201d.<\/li>\n<li class=\"hyperion-css-1d843yr\"><strong><a aria-label=\"Terrafem\" class=\"default hyperion-css-15jkft9\" href=\"http:\/\/terrafem.org\/\" rel=\"noopener nofollow noreferrer\" data-test-tag=\"external-link\" target=\"_blank\">Terrafem<\/a><\/strong><br \/>N\u00e4tverk f\u00f6r kvinnors r\u00e4tt mot m\u00e4ns v\u00e5ld.<strong> Jourtelefon: 020-52\u00a010\u00a010. <\/strong>R\u00e5dgivning p\u00e5 70 olika spr\u00e5k, \u00e4ven juridisk r\u00e5dgivning<strong>.<\/strong><\/li>\n<li class=\"hyperion-css-1d843yr\"><a class=\"default hyperion-css-15jkft9\" href=\"http:\/\/www.brottsofferjouren.se\/\" rel=\"noopener nofollow noreferrer\" data-test-tag=\"external-link\" target=\"_blank\"><strong>Brottsofferjouren <\/strong><\/a><strong>(116\u00a0006, alla dagar kl 9\u201319)<\/strong><br \/>Ger st\u00f6d till brottsutsatta, vittnen och anh\u00f6riga.<\/li>\n<li class=\"hyperion-css-1d843yr\"><a class=\"default hyperion-css-15jkft9\" href=\"https:\/\/qjouren.se\/\" rel=\"noopener nofollow noreferrer\" data-test-tag=\"external-link\" target=\"_blank\"><strong>Qjouren <\/strong><\/a><strong>(08-644\u00a020\u00a032)<\/strong><br \/>En kvinnojour f\u00f6r v\u00e5ldsutsatta kvinnor med erfarenheter av missbruk och prostitution.<\/li>\n<li class=\"hyperion-css-1d843yr\"><strong>RFSL st\u00f6dmottagning (020-34\u00a013\u00a016, torsdagar kl 9\u201312)<\/strong><br \/>St\u00f6d till hbtqi-personer som blivit utsatta f\u00f6r kr\u00e4nkningar, hot och v\u00e5ld. RFSL st\u00f6dmottagning driver \u00e4ven ett skyddat boende i Stockholmsomr\u00e5det.<\/li>\n<li class=\"hyperion-css-1d843yr\"><strong>Socialtj\u00e4nsten<\/strong><br \/>Om du vill prata med n\u00e5gon som arbetar p\u00e5 socialtj\u00e4nsten kan du ringa v\u00e4xeln i din kommun och be att f\u00e5 bli kopplad till socialtj\u00e4nsten.<\/li>\n<li class=\"hyperion-css-1d843yr\"><a class=\"default hyperion-css-15jkft9\" href=\"http:\/\/bris.se\/\" rel=\"noopener nofollow noreferrer\" data-test-tag=\"external-link\" target=\"_blank\"><strong>Bris <\/strong><\/a><strong>(Telefon: 116\u00a0111, eller via chatt p\u00e5<\/strong><a class=\"default hyperion-css-15jkft9\" href=\"http:\/\/bris.se\/\" rel=\"noopener nofollow noreferrer\" data-test-tag=\"external-link\" target=\"_blank\"><strong> bris.se<\/strong><\/a><strong>)<\/strong><br \/>Alla barn kan f\u00e5 hj\u00e4lp via Bris, Barnens r\u00e4tt i samh\u00e4llet.<\/li>\n<li class=\"hyperion-css-1d843yr\"><strong>Jourhavande pr\u00e4st (112)<\/strong><br \/>Kan hj\u00e4lpa med akut samtals- och krisst\u00f6d: Ring 112 och be om att f\u00e5 bli kopplad till jourhavande pr\u00e4st.<\/li>\n<li class=\"hyperion-css-1d843yr\"><strong><a aria-label=\"Ungarelationer.se\" class=\"default hyperion-css-15jkft9\" href=\"http:\/\/ungarelationer.se\/\" rel=\"noopener nofollow noreferrer\" data-test-tag=\"external-link\" target=\"_blank\">Ungarelationer.se<\/a><\/strong><br \/>En st\u00f6dplattform f\u00f6r unga (15\u201320-\u00e5ringar) som uts\u00e4tts f\u00f6r v\u00e5ld i sina partnerrelationer, erbjuder chatt varje kv\u00e4ll kl 20\u201322.<\/li>\n<li class=\"hyperion-css-1d843yr\"><a class=\"default hyperion-css-15jkft9\" href=\"https:\/\/nkjt.se\/\" rel=\"noopener nofollow noreferrer\" data-test-tag=\"external-link\" target=\"_blank\"><strong>NKJT<\/strong><\/a><strong> (<\/strong><a class=\"default hyperion-css-15jkft9\" href=\"https:\/\/www.aftonbladet.se\/nyheter\/a\/zOLwab\/mailto:stod@nationellkvinnojour.se\" rel=\"noopener nofollow noreferrer\" data-test-tag=\"external-link\" target=\"_blank\"><strong>stod@nationellkvinnojour.se<\/strong><\/a><strong>)<\/strong><\/li>\n<li class=\"hyperion-css-1d843yr\">Kvinnojouren f\u00f6r d\u00f6va, h\u00f6rselskadade, d\u00f6vblinda och andra tecken\u00adspr\u00e5kiga kvinnor som blivit utsatta f\u00f6r v\u00e5ld i n\u00e4ra relationer och i samh\u00e4llet. P\u00e5 deras hemsida kan man chatta och \u00e4ven ringa deras digitala jour.<\/li>\n<li class=\"hyperion-css-1d843yr\"><strong>GAPF (070-000 93 28, dygnet runt)<\/strong><\/li>\n<li class=\"hyperion-css-1d843yr\">Pela och Fadimes nationella st\u00f6djour v\u00e4nder sig till dig som \u00e4r utsatt, yrkesverksam eller om n\u00e5gon i din n\u00e4rhet \u00e4r utsatt f\u00f6r hedersrelaterat v\u00e5ld och f\u00f6rtryck. Vi hj\u00e4lper dig i kontakter med myndigheter och erbjuder olika former av st\u00f6dinsatser utifr\u00e5n dina behov.\u00a0<\/li>\n<\/ul>\n<p class=\"hyperion-css-jonaf8\"><a class=\"default hyperion-css-15jkft9\" href=\"https:\/\/valjattsluta.se\/\" rel=\"noopener nofollow noreferrer\" data-test-tag=\"external-link\" target=\"_blank\"><strong>V\u00e4lj att sluta\u00a0<\/strong><\/a><strong>(020-555\u00a0666, m\u00e5ndag-fredag kl 8.30-16, eller via chatt p\u00e5 v\u00e4ljattsluta.se)<\/strong><br \/>V\u00e4lj att sluta \u00e4r en nationell st\u00f6dlinje f\u00f6r dig som vill f\u00e5 hj\u00e4lp att f\u00f6r\u00e4ndra ett kontrollerande eller v\u00e5ldsamt beteende. St\u00f6dlinjen finansieras och drivs av Socialstyrelsen, i samverkan med Manscentrum Stockholm.<\/p>\n<p>L\u00e4s merStress, alkohol och isolering<\/p>\n<p class=\"hyperion-css-1v9qo5x\">Statistik fr\u00e5n Brottsf\u00f6rebyggande r\u00e5det, Br\u00e5, visar att flest anm\u00e4lningar om v\u00e5ld i n\u00e4ra relation g\u00f6rs i januari. Det \u00e4r ocks\u00e5 efter julhelgen som fler v\u00e4nder sig till kvinnojourerna. Enligt experter beror det \u00f6kade v\u00e5ldet under julen p\u00e5 fler orsaker: stress, alkohol, att man \u00e4r mer isolerade med varandra eller f\u00f6r att man v\u00e4ljer att stanna kvar i relationen under julen f\u00f6r barnens skull.<\/p>\n<p class=\"hyperion-css-1v9qo5x\">\u2013 Man \u00e4r hemma med varandra d\u00e5, man har inte ett jobb man kan fly undan till. Och alkoholkonsumtionen \u00f6kar ofta under l\u00e5nghelgerna, har \u00c5sa Witkowski, sakkunnig kvinnofrid\u00a0Unizon tidigare ber\u00e4ttat.<\/p>\n<p class=\"hyperion-css-1v9qo5x\">Men \u00e4ven om v\u00e5ldet \u00f6kar under ledigheterna p\u00e5g\u00e5r det \u00e5ret om.<\/p>\n<p class=\"hyperion-css-1v9qo5x\">Hittills utreds tolv \u00e4renden d\u00e4r en man misst\u00e4nks ha m\u00f6rdat en kvinna han haft en relation med.<\/p>\n<p>26 januari, Str\u00f6mstad: <\/p>\n<p>expand-left<\/p>\n<p>helsk\u00e4rm<img decoding=\"async\" class=\"image-asset hyperion-css-u06ts1\" data-test-tag=\"image-asset\" src=\"https:\/\/www.europesays.com\/se\/wp-content\/uploads\/2025\/12\/333a0b09-8035-4d6f-8775-7387ef7d2698\"  alt=\"Martine \u00d8lstad Moflag, 39, var varm, sn\u00e4ll och bra p\u00e5 att laga mat. Hon dr\u00f6mde om att skaffa barn och hade rest till Tj\u00e4rn\u00f6 i Str\u00f6mstad tillsammans med sin f\u00e4stman f\u00f6r att planera deras stundande br\u00f6llop. Ist\u00e4llet d\u00f6dades hon.\"  loading=\"eager\" fetchpriority=\"high\" style=\"aspect-ratio:1890 \/ 1414\"\/>Martine \u00d8lstad Moflag, 39, var varm, sn\u00e4ll och bra p\u00e5 att laga mat. Hon dr\u00f6mde om att skaffa barn och hade rest till Tj\u00e4rn\u00f6 i Str\u00f6mstad tillsammans med sin f\u00e4stman f\u00f6r att planera deras stundande br\u00f6llop. Ist\u00e4llet d\u00f6dades hon.<\/p>\n<p class=\"hyperion-css-1v9qo5x\">39-\u00e5riga norskan Martine \u00d8lstad Moflag och hennes pojkv\u00e4n hade \u00e5kt till sommarstugan i Tj\u00e4rn\u00f6 i Str\u00f6mstad f\u00f6r att planera sitt kommande br\u00f6llop. Ut\u00e5t sett verkade paret lyckligt men pojkv\u00e4nnen i 45-\u00e5rs\u00e5ldern hade visat upp aggressiva tendenser \u2013 och han hade tidigare varit v\u00e5ldsam och kontrollerade mot f\u00f6re detta partners.<\/p>\n<p class=\"hyperion-css-1v9qo5x\">Den 26 januari ringde pojkv\u00e4nnen polisen och larmade om att Martine var d\u00f6d och han greps misst\u00e4nkt f\u00f6r att ha strypt henne till d\u00f6ds.<\/p>\n<p>expand-left<\/p>\n<p>helsk\u00e4rm<img decoding=\"async\" class=\"image-asset hyperion-css-u06ts1\" data-test-tag=\"image-asset\" src=\"https:\/\/www.europesays.com\/se\/wp-content\/uploads\/2025\/12\/7c431bff-c1e7-4801-a97a-d72386b81237\"  alt=\"Den misst\u00e4nkte g\u00e4rningsmannen. \"  loading=\"eager\" fetchpriority=\"high\" style=\"aspect-ratio:950 \/ 1319\"\/>Den misst\u00e4nkte g\u00e4rningsmannen. Foto: Polisen<\/p>\n<p class=\"hyperion-css-1v9qo5x\">I slutet av maj \u00e5talades han f\u00f6r mord men precis innan r\u00e4tteg\u00e5ngen skulle starta hittades han d\u00f6d i nederslafen i v\u00e5ningss\u00e4ngen p\u00e5 h\u00e4ktet. Det visade sig att han tagit sitt eget liv.<\/p>\n<p class=\"hyperion-css-1v9qo5x\">Martine \u00d8lstad Moflags anh\u00f6riga beskriver henne som en varm och sn\u00e4ll m\u00e4nniska som dr\u00f6mde om att skaffa barn.<\/p>\n<p>17 februari, T\u00e4by: <\/p>\n<p>expand-left<\/p>\n<p>helsk\u00e4rm<img decoding=\"async\" class=\"image-asset hyperion-css-u06ts1\" data-test-tag=\"image-asset\" src=\"https:\/\/www.europesays.com\/se\/wp-content\/uploads\/2025\/12\/e8949468-2211-4492-9cfa-d83ae673cdee\"  alt=\"\"  loading=\"eager\" fetchpriority=\"high\" style=\"aspect-ratio:400 \/ 400\"\/><\/p>\n<p class=\"hyperion-css-1v9qo5x\">Polisen \u00e5ker till bostaden i T\u00e4by och knackar p\u00e5 efter att flera personer blivit oroade n\u00e4r de inte h\u00f6rt av kvinnan i 45-\u00e5rs\u00e5ldern.<\/p>\n<p class=\"hyperion-css-1v9qo5x\">N\u00e4r polisen tar sig in i l\u00e4genheten hittar de kvinnan och hennes drygt 20 \u00e5r \u00e4ldre make d\u00f6da, till f\u00f6ljd av stickv\u00e5ld mot halsen.<\/p>\n<p class=\"hyperion-css-1v9qo5x\">Polisen misst\u00e4nker att det \u00e4r mannen som d\u00f6dat kvinnan innan han tagit sitt eget liv. <\/p>\n<p class=\"hyperion-css-1v9qo5x\">Kvinnan arbetade som tekniker och beskrivs av v\u00e4nner och bekanta som en glad och positiv person, men att hon tiden innan mordet var n\u00e5got d\u00e4mpad. Paret var gifta men skulle skilja sig och hade skrivit sig p\u00e5 olika adresser. Mannen m\u00e5dde psykiskt d\u00e5ligt tiden innan mordet. Han ska ha haft d\u00e5lig ekonomi men inga k\u00e4nda missbruksproblem eller n\u00e5gon historik av v\u00e5ldsbrott. <\/p>\n<p class=\"hyperion-css-1v9qo5x\">Utredningen \u00e4r nedlagd eftersom den misst\u00e4nkte g\u00e4rningsmannen \u00e4r d\u00f6d.<\/p>\n<p>31 juli, Norrk\u00f6ping: <\/p>\n<p>expand-left<\/p>\n<p>helsk\u00e4rm<img decoding=\"async\" class=\"image-asset hyperion-css-u06ts1\" data-test-tag=\"image-asset\" src=\"https:\/\/www.europesays.com\/se\/wp-content\/uploads\/2025\/12\/58d0474f-f9ca-4d73-ade4-335fb391d5f1\"  alt=\"Emma har varit f\u00f6rsvunnen i \u00f6ver ett \u00e5r.\"  loading=\"eager\" fetchpriority=\"high\" style=\"aspect-ratio:1237 \/ 1232\"\/>Emma har varit f\u00f6rsvunnen i \u00f6ver ett \u00e5r. Foto: Privat<\/p>\n<p class=\"hyperion-css-1v9qo5x\">20-\u00e5riga Emma s\u00e5gs sista g\u00e5ngen den 31 juli ifjol. N\u00e5gra dagar senare pratade hon med sin mamma p\u00e5 telefonen, allt l\u00e4t d\u00e5 normalt. Men sedan slutade hon pl\u00f6tsligt att svara. \u00d6ver ett \u00e5r har g\u00e5tt d\u00e5 Emma varit sp\u00e5rl\u00f6st f\u00f6rsvunnen.<\/p>\n<p class=\"hyperion-css-1v9qo5x\">\u00c5klagaren i \u00e4rendet tror inte att hon l\u00e4ngre \u00e4r vid liv.<\/p>\n<p class=\"hyperion-css-1v9qo5x\">N\u00e4r hon i s\u00e5 fall dog, och hur, \u00e4r \u00e4nnu oklart.<\/p>\n<p class=\"hyperion-css-1v9qo5x\">Ett gift par, d\u00e4r mannen i paret hade en relation med Emma, h\u00e4ktades misst\u00e4nkta f\u00f6r m\u00e4nniskorov. Mannen \u00e4r fortfarande misst\u00e4nkt f\u00f6r att ha med Emmas f\u00f6rsvinnande att g\u00f6ra.<\/p>\n<p class=\"hyperion-css-1v9qo5x\">\u2013 Vi lever i en mardr\u00f6m. Det \u00e4r ett helvete som vi g\u00e5r igenom, har <a data-test-tag=\"internal-link\" href=\"https:\/\/www.aftonbladet.se\/nyheter\/a\/zAwvWb\/emma-20-forsvunnen-i-norrkoping-gift-par-misstanks\" class=\"hyperion-css-15jkft9\" rel=\"nofollow noopener\" target=\"\" aria-label=\"Emmas mamma tidigare sagt till Aftonbladet.\">Emmas mamma tidigare sagt till Aftonbladet.<\/a><\/p>\n<p>15 mars, Grythyttan: <\/p>\n<p>expand-left<\/p>\n<p>helsk\u00e4rm<img decoding=\"async\" class=\"image-asset hyperion-css-u06ts1\" data-test-tag=\"image-asset\" src=\"https:\/\/www.europesays.com\/se\/wp-content\/uploads\/2025\/12\/1c0faba9-b6ce-4d3b-a835-c19b1e6c7e29\"  alt=\"Annelie f\u00f6rsvann i december. Hon hittades m\u00e5nader senare d\u00f6d. \u201dVi k\u00e4nde r\u00e4tt omg\u00e5ende att n\u00e5gonting inte stod r\u00e4tt till\u201d, s\u00e4ger hennes storebror.\"  loading=\"eager\" fetchpriority=\"high\" style=\"aspect-ratio:1170 \/ 1166\"\/>Annelie f\u00f6rsvann i december. Hon hittades m\u00e5nader senare d\u00f6d. \u201dVi k\u00e4nde r\u00e4tt omg\u00e5ende att n\u00e5gonting inte stod r\u00e4tt till\u201d, s\u00e4ger hennes storebror. Foto: Privat<\/p>\n<p class=\"hyperion-css-1v9qo5x\">I mitten av mars hittades den 46-\u00e5riga tv\u00e5barnsmamman Annelie d\u00f6d, i ett vattendrag i naturomr\u00e5det i H\u00e4llefors.<\/p>\n<p class=\"hyperion-css-1v9qo5x\">D\u00e5 hade hon varit f\u00f6rsvunnen i flera m\u00e5nader och efters\u00f6kts av anh\u00f6riga och polis.<\/p>\n<p class=\"hyperion-css-1v9qo5x\">Efter att hon hittats d\u00f6d greps henne sambo misst\u00e4nkt f\u00f6r mord och han har suttit h\u00e4ktad sedan dess.<\/p>\n<p class=\"hyperion-css-1v9qo5x\">Mannen nekar till brott och \u00e5tal v\u00e4ntas den 30 december.<\/p>\n<p>2 maj, G\u00f6teborg: <\/p>\n<p>expand-left<\/p>\n<p>helsk\u00e4rm<img decoding=\"async\" class=\"image-asset hyperion-css-u06ts1\" data-test-tag=\"image-asset\" src=\"https:\/\/www.europesays.com\/se\/wp-content\/uploads\/2025\/12\/1766397311_738_c89ab926-8a09-4fc4-86e5-211d8e378acb\"  alt=\"Mordmisst\u00e4nkte mannen. R\u00e4tteg\u00e5ngen inleddes den 17 december.\"  loading=\"eager\" fetchpriority=\"high\" style=\"aspect-ratio:652 \/ 359\"\/>Mordmisst\u00e4nkte mannen. R\u00e4tteg\u00e5ngen inleddes den 17 december. Foto: Polisen<\/p>\n<p class=\"hyperion-css-1v9qo5x\">Den 52-\u00e5riga fyrabarnsmamman lyckades sj\u00e4lv larma polis och ambulans.<\/p>\n<p class=\"hyperion-css-1v9qo5x\">N\u00e4r de kom till l\u00e4genhetsomr\u00e5det i G\u00f6teborg kunde hon sj\u00e4lv ber\u00e4tta vem som attackerat henne och hur.<\/p>\n<p class=\"hyperion-css-1v9qo5x\">\u2013 Han har slagit mig och f\u00f6rs\u00f6kt strypa mig. Jag fick ingen luft och svimmade&#8230; Jag trodde att jag skulle d\u00f6, sa hon i den film som patrullens kroppskameror spelade in.<\/p>\n<p class=\"hyperion-css-1v9qo5x\">P\u00e5 v\u00e4g till sjukhuset blev hon snabbt s\u00e4mre och gled snart in i en medvetsl\u00f6shet hon aldrig vaknade upp fr\u00e5n. Den man hon namngav var en 38-\u00e5ring som hon hade en relation med.<\/p>\n<p class=\"hyperion-css-1v9qo5x\">38-\u00e5ringen, som nekar till brott, \u00e4r tidigare d\u00f6md f\u00f6r dr\u00e5p och f\u00f6rs\u00f6k till dr\u00e5p och hade bara n\u00e5gra m\u00e5nader tidigare l\u00e4mnat en r\u00e4ttspsykiatrisk klinik. Enligt kvinnans egna uppgifter var den h\u00e4r majdagen inte f\u00f6rsta g\u00e5ngen som han misshandlade henne.<\/p>\n<p class=\"hyperion-css-1v9qo5x\">Dom faller den 5 januari.<\/p>\n<p class=\"hyperion-css-1v9qo5x\">arrow <a data-test-tag=\"internal-link\" href=\"https:\/\/www.aftonbladet.se\/nyheter\/a\/9pmm8M\/52-ariga-kvinnan-hann-namnge-sin-egen-mordare\" class=\"hyperion-css-15jkft9\" rel=\"nofollow noopener\" target=\"\" aria-label=\"L\u00e4s mer om kvinnan h\u00e4r\">L\u00e4s mer om kvinnan h\u00e4r<\/a><\/p>\n<p>9 maj, V\u00e4ster\u00e5s:  <\/p>\n<p class=\"hyperion-css-1v9qo5x\">I maj <a data-test-tag=\"internal-link\" href=\"https:\/\/www.aftonbladet.se\/nyheter\/a\/1M1q4K\/pappans-sms-efter-knivhuggen-forlat\" class=\"hyperion-css-15jkft9\" rel=\"nofollow noopener\" target=\"\" aria-label=\"larmades polisen till ett parhus i V\u00e4ster\u00e5s\">larmades polisen till ett parhus i V\u00e4ster\u00e5s<\/a> efter att ett barn ringt 112 och sagt att hans pappa precis hade attackerat hans mamma.<\/p>\n<p class=\"hyperion-css-1v9qo5x\">Utanf\u00f6r bostaden hittades mamman sedan sv\u00e5rt skadad. Hon hade huggits 35 g\u00e5nger med en morakniv och f\u00f6rdes till sjukhus f\u00f6r v\u00e5rd.<\/p>\n<p class=\"hyperion-css-1v9qo5x\">Polisen tog upp jakten p\u00e5 den 38-\u00e5rige utpekade g\u00e4rningsmannen, den knivskadade kvinnans exman. N\u00e4r polisen \u00e5kte till hans bostad s\u00e5g de honom fly fr\u00e5n ett f\u00f6nster. Inne i huset hittades hans nuvarande flickv\u00e4n, en trebarnsmamma, d\u00f6d. <\/p>\n<p>expand-left<\/p>\n<p>helsk\u00e4rm<img decoding=\"async\" class=\"image-asset hyperion-css-u06ts1\" data-test-tag=\"image-asset\" src=\"https:\/\/www.europesays.com\/se\/wp-content\/uploads\/2025\/12\/d1e6631b-2b2e-45f4-8b87-9c1e8e1b5e9a\"  alt=\"Polisinsats efter mord och mordf\u00f6rs\u00f6k i V\u00e4ster\u00e5s.\"  loading=\"eager\" fetchpriority=\"high\" style=\"aspect-ratio:1900 \/ 1267\"\/>Polisinsats efter mord och mordf\u00f6rs\u00f6k i V\u00e4ster\u00e5s. Foto: Bj\u00f6rn Lindahl<\/p>\n<p class=\"hyperion-css-1v9qo5x\">Mannen hittades i en klippskreva med sv\u00e5ra skador som han hade \u00e5samkat sig sj\u00e4lv.<\/p>\n<p class=\"hyperion-css-1v9qo5x\">I november d\u00f6mdes han till r\u00e4ttspsykiatrisk v\u00e5rd f\u00f6r mordet p\u00e5 sin nuvarande flickv\u00e4n och f\u00f6rs\u00f6k till mord p\u00e5 sin f\u00f6re detta fru. Han d\u00f6mdes \u00e4ven f\u00f6r flera fall av barnfridsbrott d\u00e5 han och exfruns barn var hemma n\u00e4r han misst\u00e4nks ha g\u00e5tt till attack med kniven.<\/p>\n<p><img decoding=\"async\" class=\"image-asset hyperion-css-u06ts1\" data-test-tag=\"image-asset\" src=\"https:\/\/www.europesays.com\/se\/wp-content\/uploads\/2025\/12\/aeb5c8c8-5185-44f9-84b6-30d7a09535f9\"  alt=\"Den 38-\u00e5riga mannen misst\u00e4nks f\u00f6rst ha m\u00f6rdat sin nuvarande flickv\u00e4n innan han \u00e5kte hem till sina tre barns mamma och h\u00f6gg henne. Hon \u00f6verlevde attacken, enligt \u00e5talet av rena tillf\u00e4lligheter.\"  loading=\"eager\" fetchpriority=\"high\" style=\"aspect-ratio:400 \/ 245\"\/>Den 38-\u00e5riga mannen misst\u00e4nks f\u00f6rst ha m\u00f6rdat sin nuvarande flickv\u00e4n innan han \u00e5kte hem till sina tre barns mamma och h\u00f6gg henne. Hon \u00f6verlevde attacken, enligt \u00e5talet av rena tillf\u00e4lligheter. Foto: Polisen<\/p>\n<p class=\"hyperion-css-1v9qo5x\">Den m\u00f6rdade kvinnan blev bara 37 \u00e5r och efterl\u00e4mnar tre sm\u00e5 barn. <\/p>\n<p class=\"hyperion-css-1v9qo5x\">Domen \u00e4r \u00f6verklagad till hovr\u00e4tten.<\/p>\n<p class=\"hyperion-css-1v9qo5x\">arrow <a data-test-tag=\"internal-link\" href=\"https:\/\/www.aftonbladet.se\/nyheter\/a\/vgElEw\/misstanks-ha-knivskurit-tva-kvinnor-nu-faller-domen\" class=\"hyperion-css-15jkft9\" rel=\"nofollow noopener\" target=\"\" aria-label=\"L\u00e4s mer om fallet h\u00e4r\">L\u00e4s mer om fallet h\u00e4r<\/a><\/p>\n<p>21 augusti, Stockholm:<\/p>\n<p>expand-left<\/p>\n<p>helsk\u00e4rm<img decoding=\"async\" class=\"image-asset hyperion-css-u06ts1\" data-test-tag=\"image-asset\" src=\"https:\/\/www.europesays.com\/se\/wp-content\/uploads\/2025\/12\/d483ff58-8cdd-424d-b53f-8ebee3db6e9c\"  alt=\"Ruslan beskriver sin mamma Valentine som en stark kvinna som g\u00e4rna hj\u00e4lpte m\u00e4nniskor i n\u00f6d.\"  loading=\"eager\" fetchpriority=\"high\" style=\"aspect-ratio:816 \/ 1126\"\/>Ruslan beskriver sin mamma Valentine som en stark kvinna som g\u00e4rna hj\u00e4lpte m\u00e4nniskor i n\u00f6d. Foto: Privat<\/p>\n<p class=\"hyperion-css-1v9qo5x\">45-\u00e5riga Valentine och hennes make evakuerades fr\u00e5n krigets Ukraina.<\/p>\n<p class=\"hyperion-css-1v9qo5x\">H\u00e4r skulle maken, som skadats i kriget, v\u00e5rdas f\u00f6r sina skador. Sedan skulle de \u00e5terv\u00e4nda till hemlandet.<\/p>\n<p class=\"hyperion-css-1v9qo5x\">Men maken var, enligt Aftonbladets uppgifter, sv\u00e5rt m\u00e4rkt av kriget, inte bara fysiskt. Valentines son Ruslan har i efterhand f\u00e5tt veta att hans mamma efter en kort tid i Sverige en kv\u00e4ll tvingades s\u00f6ka skydd hos grannar efter att maken misst\u00e4nktes ha varit v\u00e5ldsam.<\/p>\n<p class=\"hyperion-css-1v9qo5x\">Den 21 augusti misst\u00e4nks Valentines man ha utsatt henne f\u00f6r omfattande v\u00e5ld.<\/p>\n<p class=\"hyperion-css-1v9qo5x\">Mannen g\u00f6r vissa medgivanden men nekar till att ha m\u00f6rdat Valentine.<\/p>\n<p class=\"hyperion-css-1v9qo5x\">Valentines kropp \u00e4r nu \u00e5terf\u00f6rd till Zaporizjzja i Ukraina d\u00e4r Ruslan och hennes familj s\u00f6rjer henne.<\/p>\n<p class=\"hyperion-css-1v9qo5x\">\u2013 Mamma hade sina problem men hon var trots det positiv och hj\u00e4lpsam, en stark person med en stark personlighet. Vi \u00e4r m\u00e5nga som saknar henne nu.<\/p>\n<p class=\"hyperion-css-1v9qo5x\">\u00c5tal ska v\u00e4ckas den 8 januari.<\/p>\n<p class=\"hyperion-css-1v9qo5x\">arrow <a data-test-tag=\"internal-link\" href=\"https:\/\/www.aftonbladet.se\/nyheter\/a\/KME7qe\/valentine-evakuerades-fran-kriget-kan-ha-blivit-mordad-i-sverige\" class=\"hyperion-css-15jkft9\" rel=\"nofollow noopener\" target=\"\" aria-label=\"L\u00e4s mer om Valentine h\u00e4r\">L\u00e4s mer om Valentine h\u00e4r<\/a><\/p>\n<p>1 september \u2013 2 oktober, V\u00e4nersborg: <\/p>\n<p>expand-left<\/p>\n<p>helsk\u00e4rm<img decoding=\"async\" class=\"image-asset hyperion-css-u06ts1\" data-test-tag=\"image-asset\" src=\"https:\/\/www.europesays.com\/se\/wp-content\/uploads\/2025\/12\/9532f6e4-39f7-46ce-a505-e2c9b4673294\"  alt=\"\"  loading=\"eager\" fetchpriority=\"high\" style=\"aspect-ratio:400 \/ 400\"\/><\/p>\n<p class=\"hyperion-css-1v9qo5x\">En man i 65-\u00e5rs\u00e5ldern misst\u00e4nktes f\u00f6r grov misshandel efter att han ska ha slagit sin son med en kofot.<\/p>\n<p class=\"hyperion-css-1v9qo5x\">Under tiden som mannen satt anh\u00e5llen hittades en kvinna som varit f\u00f6rsvunnen d\u00f6d i n\u00e4rheten av mannens bostad.<\/p>\n<p class=\"hyperion-css-1v9qo5x\">Hon var i 45-\u00e5rs\u00e5ldern och hade under sommaren bott hemma hos mannen. <\/p>\n<p class=\"hyperion-css-1v9qo5x\">Mannen sitter nu h\u00e4ktad misst\u00e4nkt b\u00e5de f\u00f6r grov misshandel av sin son och f\u00f6r att ha m\u00f6rdat kvinnan. Han f\u00f6rnekar b\u00e5da brotten.<\/p>\n<p class=\"hyperion-css-1v9qo5x\">Mannen \u00e4r sedan tidigare d\u00f6md f\u00f6r misshandel av den nu d\u00f6da kvinnan. 2022 upps\u00f6kte hon en v\u00e5rdcentral med ett stort antal skador \u00f6ver hela sin kropp efter att mannen \u201dslagit henne besinningsl\u00f6st\u201d.<\/p>\n<p class=\"hyperion-css-1v9qo5x\">Utredningen g\u00e4llande mord p\u00e5g\u00e5r och \u00e5tal ska v\u00e4ckas den 16 januari.<\/p>\n<p>9 september, Staffanstorp:<\/p>\n<p>expand-left<\/p>\n<p>helsk\u00e4rm<img decoding=\"async\" class=\"image-asset hyperion-css-u06ts1\" data-test-tag=\"image-asset\" src=\"https:\/\/www.europesays.com\/se\/wp-content\/uploads\/2025\/12\/9e1788cd-97b8-4231-801a-7b949f88c9f4\"  alt=\"\"  loading=\"eager\" fetchpriority=\"high\" style=\"aspect-ratio:400 \/ 400\"\/><\/p>\n<p class=\"hyperion-css-1v9qo5x\">En 94-\u00e5rig kvinna hittas sv\u00e5rt skadad av hemtj\u00e4nsten och f\u00f6rs till sjukhus med ambulans. Hon avlider senare p\u00e5 sjukhuset.<\/p>\n<p class=\"hyperion-css-1v9qo5x\">I bostaden befinner sig den 92-\u00e5rige mannen, kvinnans sambo, som grips. Han sitter sedan dess h\u00e4ktad misst\u00e4nkt f\u00f6r mord.<\/p>\n<p class=\"hyperion-css-1v9qo5x\">Mannen sitter fortfarande h\u00e4ktad misst\u00e4nkt f\u00f6r mord och \u00e5tal ska v\u00e4ckas den 30 december.<\/p>\n<p>24 oktober, Sigtuna:<\/p>\n<p>expand-left<\/p>\n<p>helsk\u00e4rm<img decoding=\"async\" class=\"image-asset hyperion-css-u06ts1\" data-test-tag=\"image-asset\" src=\"https:\/\/www.europesays.com\/se\/wp-content\/uploads\/2025\/12\/30672f1a-ba9c-4803-b7dd-223928c5af2c\"  alt=\"F\u00f6r tio \u00e5r sedan hittades en kvinna d\u00f6d i en vak i Sigtunafj\u00e4rden.\"  loading=\"eager\" fetchpriority=\"high\" style=\"aspect-ratio:1396 \/ 858\"\/>F\u00f6r tio \u00e5r sedan hittades en kvinna d\u00f6d i en vak i Sigtunafj\u00e4rden. Foto: Urban Andersson<\/p>\n<p class=\"hyperion-css-1v9qo5x\">F\u00f6r tio \u00e5r sedan hittades en kvinna d\u00f6d i en vak i Sigtunafj\u00e4rden.<\/p>\n<p class=\"hyperion-css-1v9qo5x\">Tv\u00e5 dagar efter att kvinnan hittades i det ist\u00e4ckta vattnet inkom <a data-test-tag=\"internal-link\" href=\"https:\/\/www.aftonbladet.se\/nyheter\/a\/l1Qoqk\/sigtunaparet-hade-ansokt-om-skilsmassa\" class=\"hyperion-css-15jkft9\" rel=\"nofollow noopener\" target=\"\" aria-label=\"postade handlingar till tingsr\u00e4tten som hon och hennes make undertecknat\">postade handlingar till tingsr\u00e4tten som hon och hennes make undertecknat<\/a> d\u00e4r de ans\u00f6kte om skilsm\u00e4ssa. De undertecknade handlingarna hade troligtvis skickats in fredagen hon f\u00f6rsvann eller dagen innan, och kom fram med posten till tingsr\u00e4tten p\u00e5 m\u00e5ndagen n\u00e4r kvinnan redan var d\u00f6d.<\/p>\n<p class=\"hyperion-css-1v9qo5x\">Polisen misst\u00e4nkte tidigt att hon kunde ha m\u00f6rdats och hennes man anh\u00f6lls samma kv\u00e4ll och satt sedan h\u00e4ktad i en dryg m\u00e5nad misst\u00e4nkt f\u00f6r mordet.<\/p>\n<p class=\"hyperion-css-1v9qo5x\">Nu, ett decennium senare, har mannen gripits p\u00e5 nytt och sitter \u00e5terigen h\u00e4ktad f\u00f6r mordet.<\/p>\n<p class=\"hyperion-css-1v9qo5x\">Vad det \u00e4r som gett ett s\u00e5dant genombrott i \u00e4rendet att mannen kunnat gripas igen, \u00e4r \u00e5klagaren i \u00e4rendet f\u00f6rtegen om.<\/p>\n<p class=\"hyperion-css-1v9qo5x\">Mannen nekar d\u00e5 som nu till brott och \u00e5tal planeras att v\u00e4ckas den 15 januari.<\/p>\n<p>3 november, V\u00e4ster\u00e5s: <\/p>\n<p>expand-left<\/p>\n<p>helsk\u00e4rm<img decoding=\"async\" class=\"image-asset hyperion-css-u06ts1\" data-test-tag=\"image-asset\" src=\"https:\/\/www.europesays.com\/se\/wp-content\/uploads\/2025\/12\/a9f4095c-ea4f-4a35-ba5f-9e7e33f27618\"  alt=\"Mamman och hennes vuxna son attackerades mitt i radhusomr\u00e5det. \"  loading=\"eager\" fetchpriority=\"high\" style=\"aspect-ratio:1900 \/ 1267\"\/>Mamman och hennes vuxna son attackerades mitt i radhusomr\u00e5det. Foto: Anna T\u00e4rnhuvud<\/p>\n<p class=\"hyperion-css-1v9qo5x\">En boende i radhusomr\u00e5det S\u00f6dra Gryta i V\u00e4ster\u00e5s h\u00f6rde f\u00f6rst ett h\u00f6gljutt br\u00e5k och sedan, efter n\u00e5gra sekunder, ett rop p\u00e5 hj\u00e4lp.<\/p>\n<p class=\"hyperion-css-1v9qo5x\">I bostaden hittades en kvinna i 50-\u00e5rs\u00e5ldern och hennes son skadade. Kvinnan dog av sina skador.<\/p>\n<p class=\"hyperion-css-1v9qo5x\">Fyra personer frihetsber\u00f6vades, varav en var kvinnans make. Maken \u00e4r misst\u00e4nkt f\u00f6r mord och mordf\u00f6rs\u00f6k men de tre andra har nu sl\u00e4ppts.<\/p>\n<p class=\"hyperion-css-1v9qo5x\">Den nu d\u00f6da kvinnan och den mordmisst\u00e4nkte mannen flyttade nyligen is\u00e4r och den 23 september i \u00e5r skickade hon in en skilsm\u00e4ssoans\u00f6kan.<\/p>\n<p class=\"hyperion-css-1v9qo5x\">Maken har tidigare d\u00f6mts f\u00f6r att ha ut\u00f6vat v\u00e5ld mot henne. I utredningar som Aftonbladet tagit del av framg\u00e5r det att familjen levt i en hederskontext och s\u00e5 sent som i v\u00e5ras d\u00f6mdes den nu misst\u00e4nkte mannen f\u00f6r f\u00e4ngelse i fem m\u00e5nader f\u00f6r misshandel mot kvinnan.<\/p>\n<p class=\"hyperion-css-1v9qo5x\">\u2013 Jag kommer aldrig l\u00e5ta dig vara ifred f\u00f6rr\u00e4n jag har d\u00f6dat dig, ska mannen ha sagt under misshandeln, ber\u00e4ttade kvinnan i polisf\u00f6rh\u00f6r. <\/p>\n<p class=\"hyperion-css-1v9qo5x\">\u00c5tal ska v\u00e4ckas den 22 december.<\/p>\n<p>FAKTAMAN: Hit kan du v\u00e4nda dig om du vill ha hj\u00e4lp med v\u00e5ldsamt beteende:<\/p>\n<p class=\"hyperion-css-jonaf8\">square1<a aria-label=\" V\u00e4lj att sluta\" class=\"default hyperion-css-15jkft9\" href=\"https:\/\/valjattsluta.se\" rel=\"noopener nofollow noreferrer\" data-test-tag=\"external-link\" target=\"_blank\"> V\u00e4lj att sluta<\/a> \u2013 Prata anonymt med erfarna r\u00e5dgivare som hj\u00e4lper dig vidare. Genom att ringa V\u00e4lj att sluta kan du f\u00e5 hj\u00e4lp att f\u00f6r\u00e4ndra ett kontrollerande eller v\u00e5ldsamt beteende mot dina n\u00e4rst\u00e5ende. <\/p>\n<p class=\"hyperion-css-jonaf8\">Telefon: 020-555\u00a0666.<\/p>\n<p class=\"hyperion-css-jonaf8\">square1 <a aria-label=\"Nationella mansjouren\" class=\"default hyperion-css-15jkft9\" href=\"https:\/\/www.mansjouren.se\" rel=\"noopener nofollow noreferrer\" data-test-tag=\"external-link\" target=\"_blank\">Nationella mansjouren<\/a> \u2013 P\u00e5 Mansjouren finns m\u00f6jlighet att ha samtal om exempelvis v\u00e5ld, b\u00e5de som utsatt och som ut\u00f6vare.<\/p>\n<p class=\"hyperion-css-jonaf8\">Telefon: 08-30\u00a030\u00a020.<\/p>\n<p class=\"hyperion-css-jonaf8\">square1 <a aria-label=\"Rikskriscentrum\" class=\"default hyperion-css-15jkft9\" href=\"https:\/\/rikskriscentrum.se\" rel=\"noopener nofollow noreferrer\" data-test-tag=\"external-link\" target=\"_blank\">Rikskriscentrum<\/a> \u2013<strong> <\/strong>en riksorganisation f\u00f6r professionellt behandlingsarbete mot v\u00e5ld i n\u00e4ra relationer. <a aria-label=\"info@rikskriscentrum.se\" class=\"default hyperion-css-15jkft9\" href=\"https:\/\/www.aftonbladet.se\/nyheter\/a\/zOLwab\/mailto:info@rikskriscentrum.se\" rel=\"noopener nofollow noreferrer\" data-test-tag=\"external-link\" target=\"_blank\">info@rikskriscentrum.se<\/a><\/p>\n<p class=\"hyperion-css-jonaf8\">square1 Socialstyrelsen har tagit fram st\u00f6dmaterial f\u00f6r yrkesverksamma som kommer i kontakt med personer som ut\u00f6var v\u00e5ld. <\/p>\n<p class=\"hyperion-css-jonaf8\"><a aria-label=\"Socialstyrelsens st\u00f6dmaterial\" class=\"default hyperion-css-15jkft9\" href=\"https:\/\/www.socialstyrelsen.se\/kunskapsstod-och-regler\/omraden\/vald-och-brott\/vald-i-nara-relationer\/valdsutovare\/\" rel=\"noopener noreferrer nofollow\" data-test-tag=\"external-link\" target=\"_blank\">Socialstyrelsens st\u00f6dmaterial<\/a><\/p>\n<p class=\"hyperion-css-jonaf8\"><a aria-label=\"Socialstyrelsens handbok V\u00e5ld\" class=\"default hyperion-css-15jkft9\" href=\"https:\/\/www.socialstyrelsen.se\/globalassets\/sharepoint-dokument\/artikelkatalog\/handbocker\/2016-6-37.pdf\" rel=\"noopener noreferrer nofollow\" data-test-tag=\"external-link\" target=\"_blank\">Socialstyrelsens handbok V\u00e5ld<\/a><\/p>\n<p class=\"hyperion-css-jonaf8\">square1 Yngre personer kan v\u00e4nda sig till Ungdomsmottagningen eller st\u00f6dchattar som <a aria-label=\"killar.se \" class=\"default hyperion-css-15jkft9\" href=\"https:\/\/killar.se\/\" rel=\"noopener nofollow noreferrer\" data-test-tag=\"external-link\" target=\"_blank\">killar.se <\/a>och<a aria-label=\" ungarelationer.se\" class=\"default hyperion-css-15jkft9\" href=\"https:\/\/ungarelationer.se\/\" rel=\"noopener nofollow noreferrer\" data-test-tag=\"external-link\" target=\"_blank\"> ungarelationer.se<\/a>, vilka ocks\u00e5 har samtalsmottagningar.<\/p>\n<p>L\u00e4s mer27 november, Karlskrona: <\/p>\n<p>expand-left<\/p>\n<p>helsk\u00e4rm<img decoding=\"async\" class=\"image-asset hyperion-css-u06ts1\" data-test-tag=\"image-asset\" src=\"https:\/\/www.europesays.com\/se\/wp-content\/uploads\/2025\/12\/13598a71-d18f-4c28-92eb-268bee08b636\"  alt=\"Ett helt kvarter uppges vara avsp\u00e4rrat efter h\u00e4ndelsen. \"  loading=\"eager\" fetchpriority=\"high\" style=\"aspect-ratio:1900 \/ 1431\"\/>Ett helt kvarter uppges vara avsp\u00e4rrat efter h\u00e4ndelsen. Foto: Suzanne Wernersson\/TT\/ Linslusfoto<\/p>\n<p class=\"hyperion-css-1v9qo5x\">Det var vid lunchtid en novemberdag som polis larmades till en adress i Karlskrona. <\/p>\n<p class=\"hyperion-css-1v9qo5x\">D\u00e4r hittades en kvinna i 50-\u00e5rs\u00e5ldern sv\u00e5rt knivskuren utomhus. Hon f\u00f6rdes till sjukhus med ambulans, men hennes liv gick inte att r\u00e4dda.<\/p>\n<p class=\"hyperion-css-1v9qo5x\">En man som kvinnan tidigare haft en relation med greps. Han har sedan dess suttit h\u00e4ktad misst\u00e4nkt f\u00f6r mord. Mannen hade sedan oktober ett kontaktf\u00f6rbud och fick inte bes\u00f6ka eller f\u00f6lja efter kvinnan, detta d\u00e5 han misst\u00e4nktes f\u00f6r misshandel, hemfridsbrott och tv\u00e5 fall av ofredande mot kvinnan.<\/p>\n<p class=\"hyperion-css-1v9qo5x\">Mannen ska innan h\u00e4ndelsen inte ha \u00f6vertr\u00e4tt kontaktf\u00f6rbud.<\/p>\n<p class=\"hyperion-css-1v9qo5x\">\u00c5tal ska v\u00e4ckas den 23 december och han nekar till brott.<\/p>\n<p>FAKTAVarningssignaler hos en partner:<\/p>\n<ul class=\"hyperion-css-e9gx76\" data-test-tag=\"list\">\n<li class=\"hyperion-css-1d843yr\">\u00c4r angel\u00e4gen att snabbt etablera en fast relation.<\/li>\n<li class=\"hyperion-css-1d843yr\">\u00c4r svartsjuk och kontrollerande mot dig.<\/li>\n<li class=\"hyperion-css-1d843yr\">Isolerar dig fr\u00e5n dina v\u00e4nner och din familj.<\/li>\n<li class=\"hyperion-css-1d843yr\">Skyller p\u00e5 andra f\u00f6r sina egna problem och misstag.<\/li>\n<li class=\"hyperion-css-1d843yr\">Skriker och kallar dig f\u00f6r neds\u00e4ttande ord.<\/li>\n<li class=\"hyperion-css-1d843yr\">Har pl\u00f6tsliga hum\u00f6rsv\u00e4ngningar.<\/li>\n<li class=\"hyperion-css-1d843yr\">Har utsatt andra f\u00f6r v\u00e5ld tidigare relation eller har sj\u00e4lv blivit utsatt i sin barndom.<\/li>\n<li class=\"hyperion-css-1d843yr\">Hotar med v\u00e5ld.<\/li>\n<li class=\"hyperion-css-1d843yr\">Hotar att avsl\u00f6ja personlig eller negativ information om dig till andra, till exempel till din familj, kolleger eller v\u00e4nner.<\/li>\n<li class=\"hyperion-css-1d843yr\">Anv\u00e4nder sig av \u201dlekfullt\u201d tv\u00e5ng n\u00e4r ni har sex.<\/li>\n<li class=\"hyperion-css-1d843yr\">G\u00f6r andra ansvariga f\u00f6r sina k\u00e4nslor, med f\u00f6rklaringar av typen \u201dhade du inte sagt s\u00e5 som du gjorde hade detta aldrig h\u00e4nt\u201d.<\/li>\n<li class=\"hyperion-css-1d843yr\">Har en f\u00f6rlegad\u202fsyn p\u00e5 k\u00f6nsroller och en negativ syn p\u00e5 kvinnor i allm\u00e4nhet.<\/li>\n<\/ul>\n<p class=\"hyperion-css-jonaf8\">(K\u00e4lla: <a aria-label=\"Malm\u00f6 kvinnojour\" class=\"default hyperion-css-15jkft9\" href=\"https:\/\/www.malmokvinnojour.se\/vald-i-nara-relationer-2\/varningssignaler\/\" rel=\"noopener nofollow noreferrer\" data-test-tag=\"external-link\" target=\"_blank\">Malm\u00f6 kvinnojour<\/a>)<\/p>\n<p>L\u00e4s mer<a href=\"https:\/\/www.aftonbladet.se\/nyheter\/a\/0G3n6A\/dodade-kvinnor\" rel=\"noopener nofollow\" class=\"hyperion-css-1pv3til\" target=\"_blank\"><img decoding=\"async\" class=\"image-asset hyperion-css-n6kkq1\" data-test-tag=\"image-asset\" src=\"https:\/\/www.europesays.com\/se\/wp-content\/uploads\/2025\/12\/de704939-ccd9-456d-89b3-5553d0dc79ee\"  alt=\"\"  loading=\"lazy\" fetchpriority=\"auto\" style=\"aspect-ratio:1436 \/ 178\"\/><\/a><\/p>\n","protected":false},"excerpt":{"rendered":"share-arrowDela unsaveSpara expand-left helsk\u00e4rmAnnelie, Emma, Valentine och Marine \u2013 fyra av tolv som tros ha m\u00f6rdats under 2025&hellip;\n","protected":false},"author":2,"featured_media":113670,"comment_status":"","ping_status":"","sticky":false,"template":"","format":"standard","meta":{"footnotes":""},"categories":[12],"tags":[22,23,26,27,17,21,24,25,28,29,15,16,18,34,31,33,32,30,19,20],"class_list":{"0":"post-113669","1":"post","2":"type-post","3":"status-publish","4":"format-standard","5":"has-post-thumbnail","7":"category-sverige","8":"tag-breaking-news","9":"tag-breakingnews","10":"tag-featured-news","11":"tag-featurednews","12":"tag-headlines","13":"tag-huvudnyheter","14":"tag-latest-news","15":"tag-latestnews","16":"tag-main-news","17":"tag-mainnews","18":"tag-news","19":"tag-nyheter","20":"tag-rubriker","21":"tag-se","22":"tag-svenska","23":"tag-sverige","24":"tag-sweden","25":"tag-swedish","26":"tag-top-stories","27":"tag-topstories"},"share_on_mastodon":{"url":"https:\/\/pubeurope.com\/@se\/115762621998801132","error":""},"_links":{"self":[{"href":"https:\/\/www.europesays.com\/se\/wp-json\/wp\/v2\/posts\/113669","targetHints":{"allow":["GET"]}}],"collection":[{"href":"https:\/\/www.europesays.com\/se\/wp-json\/wp\/v2\/posts"}],"about":[{"href":"https:\/\/www.europesays.com\/se\/wp-json\/wp\/v2\/types\/post"}],"author":[{"embeddable":true,"href":"https:\/\/www.europesays.com\/se\/wp-json\/wp\/v2\/users\/2"}],"replies":[{"embeddable":true,"href":"https:\/\/www.europesays.com\/se\/wp-json\/wp\/v2\/comments?post=113669"}],"version-history":[{"count":0,"href":"https:\/\/www.europesays.com\/se\/wp-json\/wp\/v2\/posts\/113669\/revisions"}],"wp:featuredmedia":[{"embeddable":true,"href":"https:\/\/www.europesays.com\/se\/wp-json\/wp\/v2\/media\/113670"}],"wp:attachment":[{"href":"https:\/\/www.europesays.com\/se\/wp-json\/wp\/v2\/media?parent=113669"}],"wp:term":[{"taxonomy":"category","embeddable":true,"href":"https:\/\/www.europesays.com\/se\/wp-json\/wp\/v2\/categories?post=113669"},{"taxonomy":"post_tag","embeddable":true,"href":"https:\/\/www.europesays.com\/se\/wp-json\/wp\/v2\/tags?post=113669"}],"curies":[{"name":"wp","href":"https:\/\/api.w.org\/{rel}","templated":true}]}}