{"id":113675,"date":"2025-12-22T10:00:11","date_gmt":"2025-12-22T10:00:11","guid":{"rendered":"https:\/\/www.europesays.com\/se\/113675\/"},"modified":"2025-12-22T10:00:11","modified_gmt":"2025-12-22T10:00:11","slug":"trailer-alskad-svensk-klassiker-blir-modern-thriller-premiar-i-vinter","status":"publish","type":"post","link":"https:\/\/www.europesays.com\/se\/113675\/","title":{"rendered":"Trailer: \u00c4lskad svensk klassiker blir modern thriller &#8211; premi\u00e4r i vinter"},"content":{"rendered":"<p>\u00c4r man intresserad av kultur \u00e4r det alltid intressant n\u00e4r Hjalmar S\u00f6derbergs klassiker tolkas. Den tidl\u00f6sa f\u00f6rfattaren ses som ett av 1900-talets stora namn och poeter. Hans samh\u00e4llskritiska och r\u00e5a tolkningar ses i bland annat \u201dMartin Bircks ungdom\u201d, \u201dDen allvarsamma leken\u201d och f\u00f6rst\u00e5s <a href=\"https:\/\/www.moviezine.se\/nyheter\/doktor-glas-isac-calmroth-rollista\" rel=\"nofollow noopener\" target=\"_blank\">\u201dDoktor Glas\u201d<\/a>. <\/p>\n<p>Den sistn\u00e4mnda ska nu bli film i <strong>Erik Leijonborgs<\/strong> regi. I rollerna ser vi <a href=\"https:\/\/www.moviezine.se\/people\/isac-calmroth\" rel=\"nofollow noopener\" target=\"_blank\">Isac Calmroth<\/a> (som \u00e4ven st\u00e5r f\u00f6r manus), <strong>Christian Fandango<\/strong> och <strong>Thea Sofie Loch N\u00e6ss<\/strong>. <\/p>\n<p>Liksom sin litter\u00e4ra f\u00f6rlaga handlar det om en l\u00e4kare, Tyko Gabriel Glas, som blir f\u00f6r\u00e4lskad i en ung kvinna som \u00e4r olyckligt gift med en \u00e4ldre man. Det hela utmynnar i en m\u00f6rk ber\u00e4ttelse av hat, svek, k\u00e4rlek och d\u00f6d. Romanen skrevs 1905, men i nya filmatiseringen har man faktiskt flyttat det hela till nutid och format det hela som en psykologisk thriller.<\/p>\n<p>\u2013 Det handlar om vem som egentligen \u00e4r ond eller god, om moral, ondska, godhet, om j\u00e4mst\u00e4lldhet i relationer. Men jag hoppas att filmen, \u00e4ven om den \u00e4r en klassiker, ska vara till f\u00f6r alla, ber\u00e4ttade Leijonborg tidigare i en intervju hos <a href=\"https:\/\/www.expressen.se\/noje\/film\/doktor-glas-blir-nutida-thriller\/\" rel=\"nofollow noopener\" target=\"_blank\">Expressen<\/a>.<\/p>\n<p>Biopremi\u00e4r \u00e4r den <strong>27 februari<\/strong>. Kolla in den gastkramande trailern nedan!<\/p>\n<p><img loading=\"lazy\" decoding=\"async\" alt=\"YouTube video\" width=\"480\" height=\"360\" data-pin-nopin=\"true\" nopin=\"nopin\" class=\"perfmatters-lazy\" src=\"https:\/\/www.europesays.com\/se\/wp-content\/uploads\/2025\/12\/1766397611_783_hqdefault.jpg\"\/><\/p>\n<p>L\u00e4s ocks\u00e5: <a href=\"https:\/\/www.moviezine.se\/nyheter\/frank-darabont-tackade-nej-till-popular-stephen-king-berattelse-for-svar-att-gora-film-av\" title=\"Frank Darabont tackade nej till popul\u00e4r Stephen King-ber\u00e4ttelse: \u201dF\u00f6r sv\u00e5r att g\u00f6ra film av\u201d\" class=\"underline-custom !font-montserrat !font-bold !underline-offset-4 !decoration-4 !decoration-moviezine-green !text-md\" rel=\"nofollow noopener\" target=\"_blank\">Frank Darabont tackade nej till popul\u00e4r Stephen King-ber\u00e4ttelse: \u201dF\u00f6r sv\u00e5r att g\u00f6ra film av\u201d<\/a><\/p>\n<p>L\u00e4s ocks\u00e5: <a href=\"https:\/\/www.moviezine.se\/nyheter\/svt-play-har-precis-lagt-till-11-nya-filmer-streama-5-spannande-bond-filmer\" title=\"Idag kommer ytterligare 5 James Bond-filmer in p\u00e5 SVT Play\" class=\"underline-custom !font-montserrat !font-bold !underline-offset-4 !decoration-4 !decoration-moviezine-green !text-md\" rel=\"nofollow noopener\" target=\"_blank\">Idag kommer ytterligare 5 James Bond-filmer in p\u00e5 SVT Play<\/a><\/p>\n","protected":false},"excerpt":{"rendered":"\u00c4r man intresserad av kultur \u00e4r det alltid intressant n\u00e4r Hjalmar S\u00f6derbergs klassiker tolkas. Den tidl\u00f6sa f\u00f6rfattaren ses&hellip;\n","protected":false},"author":2,"featured_media":113676,"comment_status":"","ping_status":"","sticky":false,"template":"","format":"standard","meta":{"footnotes":""},"categories":[67],"tags":[104,34,2535,31,33,32,30,2044,105],"class_list":{"0":"post-113675","1":"post","2":"type-post","3":"status-publish","4":"format-standard","5":"has-post-thumbnail","7":"category-underhallning","8":"tag-entertainment","9":"tag-se","10":"tag-svensk-film","11":"tag-svenska","12":"tag-sverige","13":"tag-sweden","14":"tag-swedish","15":"tag-trailer","16":"tag-underhallning"},"share_on_mastodon":{"url":"https:\/\/pubeurope.com\/@se\/115762641393658677","error":""},"_links":{"self":[{"href":"https:\/\/www.europesays.com\/se\/wp-json\/wp\/v2\/posts\/113675","targetHints":{"allow":["GET"]}}],"collection":[{"href":"https:\/\/www.europesays.com\/se\/wp-json\/wp\/v2\/posts"}],"about":[{"href":"https:\/\/www.europesays.com\/se\/wp-json\/wp\/v2\/types\/post"}],"author":[{"embeddable":true,"href":"https:\/\/www.europesays.com\/se\/wp-json\/wp\/v2\/users\/2"}],"replies":[{"embeddable":true,"href":"https:\/\/www.europesays.com\/se\/wp-json\/wp\/v2\/comments?post=113675"}],"version-history":[{"count":0,"href":"https:\/\/www.europesays.com\/se\/wp-json\/wp\/v2\/posts\/113675\/revisions"}],"wp:featuredmedia":[{"embeddable":true,"href":"https:\/\/www.europesays.com\/se\/wp-json\/wp\/v2\/media\/113676"}],"wp:attachment":[{"href":"https:\/\/www.europesays.com\/se\/wp-json\/wp\/v2\/media?parent=113675"}],"wp:term":[{"taxonomy":"category","embeddable":true,"href":"https:\/\/www.europesays.com\/se\/wp-json\/wp\/v2\/categories?post=113675"},{"taxonomy":"post_tag","embeddable":true,"href":"https:\/\/www.europesays.com\/se\/wp-json\/wp\/v2\/tags?post=113675"}],"curies":[{"name":"wp","href":"https:\/\/api.w.org\/{rel}","templated":true}]}}