{"id":113679,"date":"2025-12-22T10:03:19","date_gmt":"2025-12-22T10:03:19","guid":{"rendered":"https:\/\/www.europesays.com\/se\/113679\/"},"modified":"2025-12-22T10:03:19","modified_gmt":"2025-12-22T10:03:19","slug":"ogonkliniken-ingar-i-varldsunik-studie-kring-gron-starr","status":"publish","type":"post","link":"https:\/\/www.europesays.com\/se\/113679\/","title":{"rendered":"\u00d6gonkliniken ing\u00e5r i v\u00e4rldsunik studie kring gr\u00f6n starr"},"content":{"rendered":"<p>                 <img decoding=\"async\" data-imagetext=\"Chefen f\u00f6r \u00f6gonkliniken, Susanne Lagergren Gross.\" data-enlarge=\"\/imagevault\/publishedmedia\/p6y48vuz8jpzwbt9qtq4\/-gonkliniken_Gr-n_Starr_009.jpg\" class=\"block__image\" src=\"https:\/\/www.europesays.com\/se\/wp-content\/uploads\/2025\/12\/-gonkliniken_Gr-n_Starr_009.jpg\" alt=\"Chefen f\u00f6r \u00f6gonkliniken Susanne Lagergren Gross lutar ena axeln mot en v\u00e4gg, ler och tittar in i kameran.\" \/><\/p>\n<p>                     F\u00f6rstora bilden Chefen f\u00f6r \u00f6gonkliniken Susanne Lagergren Gross lutar ena axeln mot en v\u00e4gg, ler och tittar in i kameran.<\/p>\n<p class=\"block__image__text\">\n                        Chefen f\u00f6r \u00f6gonkliniken, Susanne Lagergren Gross.\n                    <\/p>\n<p>\n                        Foto: Mattias Johansson\n                    <\/p>\n<p>Gr\u00f6n starr \u00e4r en \u00f6gonsjukdom som angriper synnerven och g\u00f6r att den f\u00f6rtvinar. I f\u00f6rl\u00e4ngningen kan det g\u00f6ra personen blind.\u00a0<\/p>\n<p>\u2013 Det \u00e4r en tyst sjukdom. Den g\u00f6r inte ont. Du m\u00e4rker inte heller att du b\u00f6rjar se d\u00e5ligt utan den \u00e4r l\u00e5ngsamt smygande, vilket g\u00f6r att du anpassar dig och f\u00f6rst n\u00e4r det \u00e4r f\u00f6r sent m\u00e4rker du det. Det kan ta fem till 15 \u00e5r, s\u00e4ger Susanne Lagergren Gross som ocks\u00e5 \u00e4r chef p\u00e5 \u00d6gonkliniken i Kalmar.<\/p>\n<p>Tillsammans med stora universitetssjukhus har Kalmar blivit utvalda att delta i studien d\u00e4r man ska unders\u00f6ka om en h\u00f6g dos av vitamin B kan bota gr\u00f6n starr. Det som g\u00f6r studien unik \u00e4r att man riktar in sig p\u00e5 obehandlade patienter som \u00e4r nydiagnostiserade.<\/p>\n<p>\u2013 N\u00e4r man hittar gr\u00f6n starr sent finns inget att g\u00f6ra. D\u00e5 har synnerven f\u00f6rtvinat. I djurstudier har man sett att vitaminpreparatet inte bara f\u00f6rhindrar f\u00f6rtviningen utan att de celler som \u00e4r skadade kan bli friska.<\/p>\n<p>Ett bekymmer i studien \u00e4r att det \u00e4r sv\u00e5rt att f\u00e5 med tillr\u00e4ckligt m\u00e5nga patienter och det beror p\u00e5 att exklusionskriterierna \u00e4r flera och omfattande.<\/p>\n<p>\u2013 Det \u00e4r f\u00f6r att det ska vara s\u00e4kert att g\u00e5 in i studien. Studien har etiskt godk\u00e4nnande. Vi, i Kalmar, har screenat \u00f6ver ett tiotal patienter och har inkluderat en handfull patienter i studien, s\u00e4ger Susanne Lagergren Gross.<\/p>\n<p>H\u00e4lften av patienterna f\u00e5r vitamin B och andra halvan placebo.<\/p>\n<p>\u2013 Hela studien kommer att omfatta lite \u00f6ver 200 patienter i varje behandlingsdel, vitamin B och placebo.<\/p>\n<p>                 <img decoding=\"async\" data-imagetext=\"Optikern Gabriella Johansson hj\u00e4lper en patient inf\u00f6r en unders\u00f6kning. \" data-enlarge=\"https:\/\/www.europesays.com\/se\/wp-content\/uploads\/2025\/12\/-gonkliniken_Gr-n_Starr_015.jpg\" class=\"block__image\" src=\"https:\/\/www.europesays.com\/se\/wp-content\/uploads\/2025\/12\/-gonkliniken_Gr-n_Starr_015.jpg\" alt=\"Optikern Gabriella Johansson hj\u00e4lper patienten inf\u00f6r en unders\u00f6kning. \" \/><\/p>\n<p>                     F\u00f6rstora bilden Optikern Gabriella Johansson hj\u00e4lper patienten inf\u00f6r en unders\u00f6kning. <\/p>\n<p class=\"block__image__text\">\n                        Optikern Gabriella Johansson hj\u00e4lper en patient inf\u00f6r en unders\u00f6kning.\n                    <\/p>\n<p>\n                        Foto: Mattias Johansson\n                    <\/p>\n<p>\u2013 Om du f\u00e5r placebo kan du \u00e4nd\u00e5 k\u00e4nna dig trygg. Patienterna i studien kommer p\u00e5 kontroller var tredje m\u00e5nad och det g\u00f6r ingen annan. Ser vi det minsta tecken p\u00e5 f\u00f6rs\u00e4mring g\u00e5r vi in med behandling med vanliga trycks\u00e4nkande \u00f6gondroppar. Eftersom det \u00e4r s\u00e5 pass tidigt p\u00e5verkar det inte synen.<\/p>\n<p>Patienterna medverkar i studien under tv\u00e5 \u00e5r och studien planeras p\u00e5g\u00e5 till slutet av 2028.<\/p>\n","protected":false},"excerpt":{"rendered":"F\u00f6rstora bilden Chefen f\u00f6r \u00f6gonkliniken Susanne Lagergren Gross lutar ena axeln mot en v\u00e4gg, ler och tittar in&hellip;\n","protected":false},"author":2,"featured_media":113680,"comment_status":"","ping_status":"","sticky":false,"template":"","format":"standard","meta":{"footnotes":""},"categories":[14],"tags":[22,23,26,27,17,21,24,25,28,29,15,16,18,34,31,33,32,30,19,20,51,52,53,54],"class_list":{"0":"post-113679","1":"post","2":"type-post","3":"status-publish","4":"format-standard","5":"has-post-thumbnail","7":"category-varlden","8":"tag-breaking-news","9":"tag-breakingnews","10":"tag-featured-news","11":"tag-featurednews","12":"tag-headlines","13":"tag-huvudnyheter","14":"tag-latest-news","15":"tag-latestnews","16":"tag-main-news","17":"tag-mainnews","18":"tag-news","19":"tag-nyheter","20":"tag-rubriker","21":"tag-se","22":"tag-svenska","23":"tag-sverige","24":"tag-sweden","25":"tag-swedish","26":"tag-top-stories","27":"tag-topstories","28":"tag-varlden","29":"tag-world","30":"tag-world-news","31":"tag-worldnews"},"share_on_mastodon":{"url":"https:\/\/pubeurope.com\/@se\/115762653180090721","error":""},"_links":{"self":[{"href":"https:\/\/www.europesays.com\/se\/wp-json\/wp\/v2\/posts\/113679","targetHints":{"allow":["GET"]}}],"collection":[{"href":"https:\/\/www.europesays.com\/se\/wp-json\/wp\/v2\/posts"}],"about":[{"href":"https:\/\/www.europesays.com\/se\/wp-json\/wp\/v2\/types\/post"}],"author":[{"embeddable":true,"href":"https:\/\/www.europesays.com\/se\/wp-json\/wp\/v2\/users\/2"}],"replies":[{"embeddable":true,"href":"https:\/\/www.europesays.com\/se\/wp-json\/wp\/v2\/comments?post=113679"}],"version-history":[{"count":0,"href":"https:\/\/www.europesays.com\/se\/wp-json\/wp\/v2\/posts\/113679\/revisions"}],"wp:featuredmedia":[{"embeddable":true,"href":"https:\/\/www.europesays.com\/se\/wp-json\/wp\/v2\/media\/113680"}],"wp:attachment":[{"href":"https:\/\/www.europesays.com\/se\/wp-json\/wp\/v2\/media?parent=113679"}],"wp:term":[{"taxonomy":"category","embeddable":true,"href":"https:\/\/www.europesays.com\/se\/wp-json\/wp\/v2\/categories?post=113679"},{"taxonomy":"post_tag","embeddable":true,"href":"https:\/\/www.europesays.com\/se\/wp-json\/wp\/v2\/tags?post=113679"}],"curies":[{"name":"wp","href":"https:\/\/api.w.org\/{rel}","templated":true}]}}