{"id":113681,"date":"2025-12-22T10:04:07","date_gmt":"2025-12-22T10:04:07","guid":{"rendered":"https:\/\/www.europesays.com\/se\/113681\/"},"modified":"2025-12-22T10:04:07","modified_gmt":"2025-12-22T10:04:07","slug":"nya-avtal-ska-sakra-finansieringen-av-utbyggnaden-av-stockholms-tunnelbana-och-kollektivtrafik-och-klargora-forutsattningarna-for-ostlig-forbindelse","status":"publish","type":"post","link":"https:\/\/www.europesays.com\/se\/113681\/","title":{"rendered":"Nya avtal ska s\u00e4kra finansieringen av utbyggnaden av Stockholms tunnelbana och kollektivtrafik och klarg\u00f6ra f\u00f6ruts\u00e4ttningarna f\u00f6r \u00d6stlig f\u00f6rbindelse"},"content":{"rendered":"<p>&#13;<br \/>\nP\u00e5 grund av f\u00f6rdyringar i utbyggnaderna av Stockholms tunnelbana och Sp\u00e5rv\u00e4g Syd tillsatte regeringen under 2025 i tv\u00e5 omg\u00e5ngar en f\u00f6rhandlare med uppdrag att omf\u00f6rhandla 2013 \u00e5rs Stockholmsf\u00f6rhandling och Sverigef\u00f6rhandlingens Stockholmsdel. De avtal som f\u00f6rhandlingarna resulterade i inneb\u00e4r att tunnelbaneutbyggnaderna i Stockholmsf\u00f6rhandlingen och utbyggnaden av Sp\u00e5rv\u00e4g syd, etappen Flemingsberg-Sk\u00e4rholmen nu \u00e4r finansierade. Ut\u00f6ver de tv\u00e5 avtalen godk\u00e4nner regeringen \u00e4ven en avsiktsf\u00f6rklaring om \u00d6stlig f\u00f6rbindelse i Nacka och Stockholm.<\/p>\n<p>\u2013 Stockholmsregionen har fortsatt behov att utveckla transportinfrastrukturen, st\u00e4rka kollektivtrafiken och f\u00f6rb\u00e4ttra framkomligheten. I en v\u00e4xande region finns \u00e4ven ett behov av att \u00f6ka bostadsbyggandet liksom att skapa robusthet och resiliens. Jag \u00e4r d\u00e4rf\u00f6r glad att vi kommit till beslut s\u00e5 att arbetet med tunnelbanan och Sp\u00e5rv\u00e4g syd kan genomf\u00f6ras och att vi nu har en avsiktsf\u00f6rklaring g\u00e4llande \u00d6stlig f\u00f6rbindelse, s\u00e4ger infrastruktur- och bostadsminister Andreas Carlson.<\/p>\n<p>Allteftersom omfattningen av f\u00f6rdyringar i utbyggnaderna av dessa h\u00f6gprofilerade kollektivtrafikobjekt framkommit tillsatte regeringen under 2025 i tv\u00e5 omg\u00e5ngar en f\u00f6rhandlare med uppdrag att omf\u00f6rhandla 2013 \u00e5rs Stockholmsf\u00f6rhandling och Sverigef\u00f6rhandlingens Stockholmsdel. F\u00f6rhandlingen skulle \u00e4ven innefatta \u00d6stlig f\u00f6rbindelse i Stockholm, med m\u00e5ls\u00e4ttningen att en avsiktsf\u00f6rklaring tecknas mellan staten, regionen och ber\u00f6rda kommuner som klarg\u00f6r f\u00f6ruts\u00e4ttningarna f\u00f6r genomf\u00f6rande och finansiering av objektet.<\/p>\n<p>N\u00e4r uppdraget slutredovisades den 18 november 2025 klargjordes bland annat att parterna \u00e4r \u00f6verens om nya villkor f\u00f6r genomf\u00f6rande av objektet Sp\u00e5rv\u00e4g Syd i Sverigef\u00f6rhandlingens Stockholmsdel. De nya villkoren inneb\u00e4r att Sp\u00e5rv\u00e4g syd etapp 1 byggs mellan Flemingsberg och Sk\u00e4rholmen. Av redovisningen framg\u00e5r vidare att parterna \u00e4r \u00f6verens om att tillskjuta ytterligare medel f\u00f6r att genomf\u00f6ra objekten i 2013 \u00e5rs Stockholmsf\u00f6rhandling. Redovisningen inneh\u00e5ller ocks\u00e5 en avsiktsf\u00f6rklaring om \u00d6stlig f\u00f6rbindelse, underskriven av den av regeringen utsedda f\u00f6rhandlingspersonen, Region Stockholm, Stockholms stad och Nacka kommun. Till\u00e4ggsavtalen har godk\u00e4nts av respektive undertecknande parts beslutande f\u00f6rsamling. Vidare har avsiktsf\u00f6rklaringen godk\u00e4nts av Region Stockholm, Stockholms kommun och Nacka kommun. Regeringen kan d\u00e4rmed godk\u00e4nna till\u00e4ggsavtalen och avsiktsf\u00f6rklaringen.<\/p>\n","protected":false},"excerpt":{"rendered":"&#13; P\u00e5 grund av f\u00f6rdyringar i utbyggnaderna av Stockholms tunnelbana och Sp\u00e5rv\u00e4g Syd tillsatte regeringen under 2025 i&hellip;\n","protected":false},"author":2,"featured_media":67452,"comment_status":"","ping_status":"","sticky":false,"template":"","format":"standard","meta":{"footnotes":""},"categories":[12],"tags":[22,23,26,27,17,21,24,25,28,29,15,16,18,34,31,33,32,30,19,20],"class_list":{"0":"post-113681","1":"post","2":"type-post","3":"status-publish","4":"format-standard","5":"has-post-thumbnail","7":"category-sverige","8":"tag-breaking-news","9":"tag-breakingnews","10":"tag-featured-news","11":"tag-featurednews","12":"tag-headlines","13":"tag-huvudnyheter","14":"tag-latest-news","15":"tag-latestnews","16":"tag-main-news","17":"tag-mainnews","18":"tag-news","19":"tag-nyheter","20":"tag-rubriker","21":"tag-se","22":"tag-svenska","23":"tag-sverige","24":"tag-sweden","25":"tag-swedish","26":"tag-top-stories","27":"tag-topstories"},"share_on_mastodon":{"url":"https:\/\/pubeurope.com\/@se\/115762657010301371","error":""},"_links":{"self":[{"href":"https:\/\/www.europesays.com\/se\/wp-json\/wp\/v2\/posts\/113681","targetHints":{"allow":["GET"]}}],"collection":[{"href":"https:\/\/www.europesays.com\/se\/wp-json\/wp\/v2\/posts"}],"about":[{"href":"https:\/\/www.europesays.com\/se\/wp-json\/wp\/v2\/types\/post"}],"author":[{"embeddable":true,"href":"https:\/\/www.europesays.com\/se\/wp-json\/wp\/v2\/users\/2"}],"replies":[{"embeddable":true,"href":"https:\/\/www.europesays.com\/se\/wp-json\/wp\/v2\/comments?post=113681"}],"version-history":[{"count":0,"href":"https:\/\/www.europesays.com\/se\/wp-json\/wp\/v2\/posts\/113681\/revisions"}],"wp:featuredmedia":[{"embeddable":true,"href":"https:\/\/www.europesays.com\/se\/wp-json\/wp\/v2\/media\/67452"}],"wp:attachment":[{"href":"https:\/\/www.europesays.com\/se\/wp-json\/wp\/v2\/media?parent=113681"}],"wp:term":[{"taxonomy":"category","embeddable":true,"href":"https:\/\/www.europesays.com\/se\/wp-json\/wp\/v2\/categories?post=113681"},{"taxonomy":"post_tag","embeddable":true,"href":"https:\/\/www.europesays.com\/se\/wp-json\/wp\/v2\/tags?post=113681"}],"curies":[{"name":"wp","href":"https:\/\/api.w.org\/{rel}","templated":true}]}}