{"id":113682,"date":"2025-12-22T10:05:07","date_gmt":"2025-12-22T10:05:07","guid":{"rendered":"https:\/\/www.europesays.com\/se\/113682\/"},"modified":"2025-12-22T10:05:07","modified_gmt":"2025-12-22T10:05:07","slug":"11-00-svt-sander-live-om-trafiklaget-trafik-och-vader-i-jul-2025-folj-senaste-nytt-svt-nyheter","status":"publish","type":"post","link":"https:\/\/www.europesays.com\/se\/113682\/","title":{"rendered":"11.00 SVT s\u00e4nder live om trafikl\u00e4get \u2013 Trafik och v\u00e4der i jul 2025 \u2013 f\u00f6lj senaste nytt &#8211; SVT Nyheter"},"content":{"rendered":"<ol>\n<li><a href=\"https:\/\/news.google.com\/rss\/articles\/CBMivAFBVV95cUxQcTNBdFhoaFY2TVJyV0hDNm1OYXVIOXF1dGNsWTZ0VEZPSm9SQVcxdWRjU1BQZ09ULW9tVG9BZUNwYkJpRWhVMndLaGYybXFfamo2eTVVTXVmb1ZkNEhiMF9ySERIcEJTelE1aUctb2dQa2d6UUJpdUN4ZEZheERZenFoS3Q4TkIyeTEtTU9Mbk9jbjBkWHR5VHE3dnBjZFBGdHhhblRHR05GRy1ObFktc19yZXE4WmdMVVJqNQ?oc=5\" target=\"_blank\" rel=\"nofollow noopener\">11.00 SVT s\u00e4nder live om trafikl\u00e4get \u2013 Trafik och v\u00e4der i jul 2025 \u2013 f\u00f6lj senaste nytt<\/a>&nbsp;&nbsp;SVT Nyheter<\/li>\n<li><a href=\"https:\/\/news.google.com\/rss\/articles\/CBMihAFBVV95cUxOV08yQkVydlVaQnJSUU1hTFVVSUVUUlVxRWxiNkZJU1dLOWwzbGlnLW1MMFU1dk9Gam02M09IMnpVSHliR09kRU9oWVNNd2lyRjNES2FyRjZreDBkeUhsSkN5R29CQ0d4dEJJNGNXSVViRjlDbllJYWh0TVJOYXo3cm5ERU4?oc=5\" target=\"_blank\" rel=\"nofollow noopener\">N\u00e4r v\u00e4ntas det bli mest trafik i jul?<\/a>&nbsp;&nbsp;Expressen<\/li>\n<li><a href=\"https:\/\/news.google.com\/rss\/articles\/CBMihAFBVV95cUxPbXFfRmFEclZaNUpSMFhHNl9OMHllWUQwNjBVbzlLQUFmWmJXVkd5akc1MzlPbkxCVVg2VURPNTVDQzJrQTI3RC1ia0hIcUh3LTR3MUZZSGJUSDBjcTdQM29FaExycnFObVJ1Z09MbzQ2ckRRT2haT3NsSXdIV2F2WW1pakM?oc=5\" target=\"_blank\" rel=\"nofollow noopener\">Jultrafiken: dessa v\u00e4gar b\u00f6r du undvika<\/a>&nbsp;&nbsp;Sveriges Radio<\/li>\n<li><a href=\"https:\/\/news.google.com\/rss\/articles\/CBMihwFBVV95cUxQX1ZweGx2aHhUbnBNNjVfakpnMjBDelZuQzBWVzBhOUdmaEJKMzh3cW9jcXptaUJTdDhEZDVSRW1qd3RWMUtsQnlucnJOSHVfLWozLVNadjNISFN1cXVQTWh3Uk9JZFVzOHZfT3kyeEdFX2xPaUJodEpZczN1ZnVMd2pMbUlJUlk?oc=5\" target=\"_blank\" rel=\"nofollow noopener\">Inf\u00f6r julresan: H\u00e4r sker flest olyckor i l\u00e4net under julhelgen<\/a>&nbsp;&nbsp;V\u00e4sterbottens-Kuriren<\/li>\n<li><a href=\"https:\/\/news.google.com\/rss\/articles\/CBMibkFVX3lxTE5VelRjcHotY0UzRl9FbmRhQVVlalB2SEtKc21wTTRPWXBFS2VyNmNUdnloWGVkUW5MZEFzZHBCM2tHVVNIS05rb3lvMlAtd3dkd2QtcS1RUXVkQi1YaXBnckNmdEUzRG51TEU4ZDln?oc=5\" target=\"_blank\" rel=\"nofollow noopener\">Tipsen: T\u00e4nk p\u00e5 detta i jultrafiken<\/a>&nbsp;&nbsp;Nerikes Allehanda<\/li>\n<\/ol>\n","protected":false},"excerpt":{"rendered":"11.00 SVT s\u00e4nder live om trafikl\u00e4get \u2013 Trafik och v\u00e4der i jul 2025 \u2013 f\u00f6lj senaste nytt&nbsp;&nbsp;SVT Nyheter&hellip;\n","protected":false},"author":2,"featured_media":113683,"comment_status":"","ping_status":"","sticky":false,"template":"","format":"standard","meta":{"footnotes":""},"categories":[5],"tags":[22,23,26,27,17,21,24,25,28,29,15,16,18,34,31,33,32,30,19,20],"class_list":{"0":"post-113682","1":"post","2":"type-post","3":"status-publish","4":"format-standard","5":"has-post-thumbnail","7":"category-rubriker","8":"tag-breaking-news","9":"tag-breakingnews","10":"tag-featured-news","11":"tag-featurednews","12":"tag-headlines","13":"tag-huvudnyheter","14":"tag-latest-news","15":"tag-latestnews","16":"tag-main-news","17":"tag-mainnews","18":"tag-news","19":"tag-nyheter","20":"tag-rubriker","21":"tag-se","22":"tag-svenska","23":"tag-sverige","24":"tag-sweden","25":"tag-swedish","26":"tag-top-stories","27":"tag-topstories"},"share_on_mastodon":{"url":"https:\/\/pubeurope.com\/@se\/115762660979020432","error":""},"_links":{"self":[{"href":"https:\/\/www.europesays.com\/se\/wp-json\/wp\/v2\/posts\/113682","targetHints":{"allow":["GET"]}}],"collection":[{"href":"https:\/\/www.europesays.com\/se\/wp-json\/wp\/v2\/posts"}],"about":[{"href":"https:\/\/www.europesays.com\/se\/wp-json\/wp\/v2\/types\/post"}],"author":[{"embeddable":true,"href":"https:\/\/www.europesays.com\/se\/wp-json\/wp\/v2\/users\/2"}],"replies":[{"embeddable":true,"href":"https:\/\/www.europesays.com\/se\/wp-json\/wp\/v2\/comments?post=113682"}],"version-history":[{"count":0,"href":"https:\/\/www.europesays.com\/se\/wp-json\/wp\/v2\/posts\/113682\/revisions"}],"wp:featuredmedia":[{"embeddable":true,"href":"https:\/\/www.europesays.com\/se\/wp-json\/wp\/v2\/media\/113683"}],"wp:attachment":[{"href":"https:\/\/www.europesays.com\/se\/wp-json\/wp\/v2\/media?parent=113682"}],"wp:term":[{"taxonomy":"category","embeddable":true,"href":"https:\/\/www.europesays.com\/se\/wp-json\/wp\/v2\/categories?post=113682"},{"taxonomy":"post_tag","embeddable":true,"href":"https:\/\/www.europesays.com\/se\/wp-json\/wp\/v2\/tags?post=113682"}],"curies":[{"name":"wp","href":"https:\/\/api.w.org\/{rel}","templated":true}]}}