{"id":113688,"date":"2025-12-22T10:08:08","date_gmt":"2025-12-22T10:08:08","guid":{"rendered":"https:\/\/www.europesays.com\/se\/113688\/"},"modified":"2025-12-22T10:08:08","modified_gmt":"2025-12-22T10:08:08","slug":"queen-slapper-ny-lat-julklappen-till-fansen","status":"publish","type":"post","link":"https:\/\/www.europesays.com\/se\/113688\/","title":{"rendered":"Queen sl\u00e4pper ny l\u00e5t \u2013 julklappen till fansen"},"content":{"rendered":"<p>Publicerad 22 dec 2025 kl 10.33Uppdaterad kl 10.49<\/p>\n<p>The show must go on!<\/p>\n<p>Det \u00e4r precis vad Queen g\u00f6r.\u00a0<\/p>\n<p>Nu sl\u00e4pper de en ny l\u00e5t \u2013 som spelades in f\u00f6r 50 \u00e5r sen.\u00a0<\/p>\n<p><img   alt=\"\"\/><\/p>\n<p>Brian May och Paul Rodgers.<\/p>\n<p>Foto: RICHARD LEWIS \/ AP<\/p>\n<p>\u00d6ppna bild i helsk\u00e4rm<img loading=\"lazy\"   alt=\"\"\/><\/p>\n<p>Freddie Mercury gick bort p\u00e5 1990-talet.<\/p>\n<p>Foto: OK\u00c4ND<\/p>\n<p>\u00d6ppna bild i helsk\u00e4rm<\/p>\n<p>P\u00e5 m\u00e5ndagen 22 december, klockan 19.00, svensk tid, \u00e4r det dags.<\/p>\n<p>Det legendariska bandet <a href=\"https:\/\/www.expressen.se\/tagg\/organization\/queen\/\" class=\"\" rel=\"nofollow noopener\" target=\"_blank\">Queen<\/a> smygspelar l\u00e5ten \u201dNot for Sale\u201d \u2013 som \u00e4r \u00f6ver 50 \u00e5r gammal.<\/p>\n<p>Brian May h\u00e5ller i ett julevent i den brittiska radiokanalen Planet Rock, d\u00e4r han kommer att l\u00e5ta lyssnarna ta del av l\u00e5ten.<\/p>\n<p>\u201dNot for Sale\u201d skrevs 1974 av Brian May, n\u00e4r bandets s\u00e5ngare Freddie Mercury fortfarande levde, och den skulle egentligen ha varit med p\u00e5 albumet Queen II \u2013 men valdes bort.<\/p>\n<p>Sedan dess har l\u00e5ten f\u00e5tt ett nytt ansikte och sl\u00e4pps i sin helhet p\u00e5 nyinspelningen av Queen II 2026.<\/p>\n<p>\u2013 Men jag smyger in den h\u00e4r i mitt Planet Rock-specialprogram eftersom jag \u00e4r fascinerad av att f\u00e5 veta vad folk tycker om den, s\u00e4ger Brian May, enligt <a href=\"https:\/\/www.dailymail.co.uk\/tvshowbiz\/article-15399677\/Brian-confirms-Queen-release-previously-unheard-track-Christmas-51-years-cutting-second-album.html\" rel=\"nofollow noopener\" target=\"_blank\">Daily Mail.<\/a><\/p>\n","protected":false},"excerpt":{"rendered":"Publicerad 22 dec 2025 kl 10.33Uppdaterad kl 10.49 The show must go on! Det \u00e4r precis vad Queen&hellip;\n","protected":false},"author":2,"featured_media":113689,"comment_status":"","ping_status":"","sticky":false,"template":"","format":"standard","meta":{"footnotes":""},"categories":[67],"tags":[104,12408,34,775,31,33,32,30,105],"class_list":{"0":"post-113688","1":"post","2":"type-post","3":"status-publish","4":"format-standard","5":"has-post-thumbnail","7":"category-underhallning","8":"tag-entertainment","9":"tag-organization-queen","10":"tag-se","11":"tag-sections-musik","12":"tag-svenska","13":"tag-sverige","14":"tag-sweden","15":"tag-swedish","16":"tag-underhallning"},"share_on_mastodon":{"url":"https:\/\/pubeurope.com\/@se\/115762672681372962","error":""},"_links":{"self":[{"href":"https:\/\/www.europesays.com\/se\/wp-json\/wp\/v2\/posts\/113688","targetHints":{"allow":["GET"]}}],"collection":[{"href":"https:\/\/www.europesays.com\/se\/wp-json\/wp\/v2\/posts"}],"about":[{"href":"https:\/\/www.europesays.com\/se\/wp-json\/wp\/v2\/types\/post"}],"author":[{"embeddable":true,"href":"https:\/\/www.europesays.com\/se\/wp-json\/wp\/v2\/users\/2"}],"replies":[{"embeddable":true,"href":"https:\/\/www.europesays.com\/se\/wp-json\/wp\/v2\/comments?post=113688"}],"version-history":[{"count":0,"href":"https:\/\/www.europesays.com\/se\/wp-json\/wp\/v2\/posts\/113688\/revisions"}],"wp:featuredmedia":[{"embeddable":true,"href":"https:\/\/www.europesays.com\/se\/wp-json\/wp\/v2\/media\/113689"}],"wp:attachment":[{"href":"https:\/\/www.europesays.com\/se\/wp-json\/wp\/v2\/media?parent=113688"}],"wp:term":[{"taxonomy":"category","embeddable":true,"href":"https:\/\/www.europesays.com\/se\/wp-json\/wp\/v2\/categories?post=113688"},{"taxonomy":"post_tag","embeddable":true,"href":"https:\/\/www.europesays.com\/se\/wp-json\/wp\/v2\/tags?post=113688"}],"curies":[{"name":"wp","href":"https:\/\/api.w.org\/{rel}","templated":true}]}}