{"id":113692,"date":"2025-12-22T10:12:12","date_gmt":"2025-12-22T10:12:12","guid":{"rendered":"https:\/\/www.europesays.com\/se\/113692\/"},"modified":"2025-12-22T10:12:12","modified_gmt":"2025-12-22T10:12:12","slug":"har-star-friheten-pa-onskelistan","status":"publish","type":"post","link":"https:\/\/www.europesays.com\/se\/113692\/","title":{"rendered":"H\u00e4r st\u00e5r friheten p\u00e5 \u00f6nskelistan"},"content":{"rendered":"<p>Det h\u00e4r \u00e4r en text fr\u00e5n SvD Ledare. Ledarredaktionen \u00e4r partipolitiskt oavh\u00e4ngig med beteckningen obunden moderat.<\/p>\n<p>Sn\u00f6n har \u00e4nnu inte lagt sig p\u00e5 innerg\u00e5rden vid V\u00e4durens seniorboende i Stockholm, men julen k\u00e4nns \u00e4nd\u00e5 n\u00e4ra. Det doftar kaffe i samlingsrummet. Sm\u00e5kakor st\u00e5r framme. Koppar klirrar. Samtalen \u00e4r l\u00e5gm\u00e4lda men varma \u2013 tills n\u00e5gon fr\u00e5gar det som alltid brukade vara sj\u00e4lvklart: \u201dBlir det en avec till kaffet?\u201d<\/p>\n","protected":false},"excerpt":{"rendered":"Det h\u00e4r \u00e4r en text fr\u00e5n SvD Ledare. Ledarredaktionen \u00e4r partipolitiskt oavh\u00e4ngig med beteckningen obunden moderat. Sn\u00f6n har&hellip;\n","protected":false},"author":2,"featured_media":113693,"comment_status":"","ping_status":"","sticky":false,"template":"","format":"standard","meta":{"footnotes":""},"categories":[12],"tags":[22,23,26,27,17,21,24,25,28,29,15,16,18,34,31,33,32,30,19,20],"class_list":{"0":"post-113692","1":"post","2":"type-post","3":"status-publish","4":"format-standard","5":"has-post-thumbnail","7":"category-sverige","8":"tag-breaking-news","9":"tag-breakingnews","10":"tag-featured-news","11":"tag-featurednews","12":"tag-headlines","13":"tag-huvudnyheter","14":"tag-latest-news","15":"tag-latestnews","16":"tag-main-news","17":"tag-mainnews","18":"tag-news","19":"tag-nyheter","20":"tag-rubriker","21":"tag-se","22":"tag-svenska","23":"tag-sverige","24":"tag-sweden","25":"tag-swedish","26":"tag-top-stories","27":"tag-topstories"},"share_on_mastodon":{"url":"https:\/\/pubeurope.com\/@se\/115762688347807198","error":""},"_links":{"self":[{"href":"https:\/\/www.europesays.com\/se\/wp-json\/wp\/v2\/posts\/113692","targetHints":{"allow":["GET"]}}],"collection":[{"href":"https:\/\/www.europesays.com\/se\/wp-json\/wp\/v2\/posts"}],"about":[{"href":"https:\/\/www.europesays.com\/se\/wp-json\/wp\/v2\/types\/post"}],"author":[{"embeddable":true,"href":"https:\/\/www.europesays.com\/se\/wp-json\/wp\/v2\/users\/2"}],"replies":[{"embeddable":true,"href":"https:\/\/www.europesays.com\/se\/wp-json\/wp\/v2\/comments?post=113692"}],"version-history":[{"count":0,"href":"https:\/\/www.europesays.com\/se\/wp-json\/wp\/v2\/posts\/113692\/revisions"}],"wp:featuredmedia":[{"embeddable":true,"href":"https:\/\/www.europesays.com\/se\/wp-json\/wp\/v2\/media\/113693"}],"wp:attachment":[{"href":"https:\/\/www.europesays.com\/se\/wp-json\/wp\/v2\/media?parent=113692"}],"wp:term":[{"taxonomy":"category","embeddable":true,"href":"https:\/\/www.europesays.com\/se\/wp-json\/wp\/v2\/categories?post=113692"},{"taxonomy":"post_tag","embeddable":true,"href":"https:\/\/www.europesays.com\/se\/wp-json\/wp\/v2\/tags?post=113692"}],"curies":[{"name":"wp","href":"https:\/\/api.w.org\/{rel}","templated":true}]}}