{"id":113694,"date":"2025-12-22T10:14:02","date_gmt":"2025-12-22T10:14:02","guid":{"rendered":"https:\/\/www.europesays.com\/se\/113694\/"},"modified":"2025-12-22T10:14:02","modified_gmt":"2025-12-22T10:14:02","slug":"uppgifter-alexander-isak-borta-flera-manader-premier-league","status":"publish","type":"post","link":"https:\/\/www.europesays.com\/se\/113694\/","title":{"rendered":"Uppgifter: Alexander Isak borta flera m\u00e5nader | Premier League"},"content":{"rendered":"<p>Publicerad 21 dec 2025 kl 16.35Uppdaterad 22 dec kl 07.44<\/p>\n<p>Under l\u00f6rdagen utgick Alexander Isak skadad f\u00f6r Liverpool.<\/p>\n<p>Enligt <a href=\"https:\/\/x.com\/David_Ornstein\/status\/2002842798928933089?s=20\" rel=\"nofollow\">nya uppgifter<\/a> under s\u00f6ndagskv\u00e4llen blir han borta i \u201dn\u00e5gra m\u00e5nader\u201d med en misst\u00e4nkt fraktur i v\u00e4nsterbenet.<\/p>\n<p><img   alt=\"\"\/><\/p>\n<p>Alexander Isak skadade sig illa mot Tottenham.<\/p>\n<p>Foto: HARVEY MURPHY\/NEWS IMAGES \/ AVALON \/ STELLA PICTURES\/HARVEY MURPHY\/NEWS IMAGES \/ AV<\/p>\n<p>\u00d6ppna bild i helsk\u00e4rm<img loading=\"lazy\"   alt=\"\"\/><\/p>\n<p>Svensken v\u00e4ntas bli borta flera m\u00e5nader<\/p>\n<p>Foto: IAN WALTON \/ AP TT NYHETSBYR\u00c5N<\/p>\n<p>\u00d6ppna bild i helsk\u00e4rm<img loading=\"lazy\"   alt=\"\"\/> <\/p>\n<p>Foto: OLLE SPORRONG<\/p>\n<p>\u00d6ppna bild i helsk\u00e4rm<\/p>\n<p>Han hoppade in i paus i m\u00f6tet med Tottenham under l\u00f6rdagen.<\/p>\n<p>V\u00e4l d\u00e4r sm\u00e4llde <a href=\"https:\/\/www.expressen.se\/tagg\/person\/alexander-isak\/\" class=\"\" rel=\"nofollow noopener\" target=\"_blank\">Alexander Isak<\/a> dit ledningsm\u00e5let f\u00f6r Liverpool i minut 56.<\/p>\n<p>Men samtidigt utspelade sig oroande bilder. Detta d\u00e5 svensken i duell med Micky van de Ven \u00e5kte p\u00e5 en tuff sm\u00e4ll \u00f6ver v\u00e4nsterbenet.<\/p>\n<p>Han blev liggandes i sm\u00e4rtor och hj\u00e4lptes sedan av planen med st\u00f6d av medicinsk personal. Det var dock inte tydligt om det var kn\u00e4t eller foten som tagit sm\u00e4llen och fr\u00e5getecknen om den svenske stj\u00e4rnans status var oklar.<\/p>\n<p>Sedan kom nya uppgifter om Isaks skada under s\u00f6ndagen.<\/p>\n<p>Svaret om skadan<\/p>\n<p>Enligt <a href=\"https:\/\/www.nytimes.com\/athletic\/6908458\/2025\/12\/21\/alexander-isak-injury-liverpool-tottenham\/\" rel=\"nofollow noopener\" target=\"_blank\">flera brittiska medier<\/a> befarade Liverpool en \u201dallvarlig skada\u201d efter de inledande unders\u00f6kningarna. Men en kn\u00e4- eller fotskada (inklusive en <a href=\"https:\/\/x.com\/DominicKing_DM\/status\/2002764003286962539?s=20\" rel=\"nofollow\">eventuell korsbandsskada<\/a>) hade uteslutits. Det r\u00f6rde sig initialt om uppgifter om en underbensskada.\u00a0<\/p>\n<p>Samtidigt ska oron i klubben ha spridit sig p\u00e5 allvar kring svenskens status, rapporterade <a href=\"https:\/\/t.co\/afCnpbZNWl\" rel=\"nofollow\">The Times<\/a>.<\/p>\n<p>V\u00e4l under kv\u00e4llen kom sedan nya uppgifter. D\u00e5 rapporterar <a href=\"https:\/\/t.co\/nx5WAMrgRH\" rel=\"nofollow\">The Athletic<\/a> att Isak drabbats av en misst\u00e4nkt fraktur i underbenet, n\u00e5got som skulle inneb\u00e4ra \u201dflera m\u00e5naders fr\u00e5nvaro\u201d.\u00a0<\/p>\n<p>Liverpool har sj\u00e4lva inte kommit med n\u00e5gon ny skadeuppdatering.<\/p>\n<p>Sverige spelar VM-playoff den 26 mars, mot Ukraina. \u00c5terst\u00e5r att se hur Isaks rehabilitering g\u00e5tt fram tills dess.\u00a0<\/p>\n<p><img alt=\"\"\/>Ljudklippet gick inte att spela upp<\/p>\n<p>F\u00f6rs\u00f6k igen senare<\/p>\n","protected":false},"excerpt":{"rendered":"Publicerad 21 dec 2025 kl 16.35Uppdaterad 22 dec kl 07.44 Under l\u00f6rdagen utgick Alexander Isak skadad f\u00f6r Liverpool.&hellip;\n","protected":false},"author":2,"featured_media":113695,"comment_status":"","ping_status":"","sticky":false,"template":"","format":"standard","meta":{"footnotes":""},"categories":[5],"tags":[22,23,26,27,17,21,24,25,28,29,15,16,246,244,243,18,34,129,242,31,33,32,30,19,20],"class_list":{"0":"post-113694","1":"post","2":"type-post","3":"status-publish","4":"format-standard","5":"has-post-thumbnail","7":"category-rubriker","8":"tag-breaking-news","9":"tag-breakingnews","10":"tag-featured-news","11":"tag-featurednews","12":"tag-headlines","13":"tag-huvudnyheter","14":"tag-latest-news","15":"tag-latestnews","16":"tag-main-news","17":"tag-mainnews","18":"tag-news","19":"tag-nyheter","20":"tag-organization-liverpool-fc","21":"tag-organization-premier-league","22":"tag-person-alexander-isak","23":"tag-rubriker","24":"tag-se","25":"tag-sections-fotboll","26":"tag-sections-premierleague","27":"tag-svenska","28":"tag-sverige","29":"tag-sweden","30":"tag-swedish","31":"tag-top-stories","32":"tag-topstories"},"share_on_mastodon":{"url":"https:\/\/pubeurope.com\/@se\/115762696366006772","error":""},"_links":{"self":[{"href":"https:\/\/www.europesays.com\/se\/wp-json\/wp\/v2\/posts\/113694","targetHints":{"allow":["GET"]}}],"collection":[{"href":"https:\/\/www.europesays.com\/se\/wp-json\/wp\/v2\/posts"}],"about":[{"href":"https:\/\/www.europesays.com\/se\/wp-json\/wp\/v2\/types\/post"}],"author":[{"embeddable":true,"href":"https:\/\/www.europesays.com\/se\/wp-json\/wp\/v2\/users\/2"}],"replies":[{"embeddable":true,"href":"https:\/\/www.europesays.com\/se\/wp-json\/wp\/v2\/comments?post=113694"}],"version-history":[{"count":0,"href":"https:\/\/www.europesays.com\/se\/wp-json\/wp\/v2\/posts\/113694\/revisions"}],"wp:featuredmedia":[{"embeddable":true,"href":"https:\/\/www.europesays.com\/se\/wp-json\/wp\/v2\/media\/113695"}],"wp:attachment":[{"href":"https:\/\/www.europesays.com\/se\/wp-json\/wp\/v2\/media?parent=113694"}],"wp:term":[{"taxonomy":"category","embeddable":true,"href":"https:\/\/www.europesays.com\/se\/wp-json\/wp\/v2\/categories?post=113694"},{"taxonomy":"post_tag","embeddable":true,"href":"https:\/\/www.europesays.com\/se\/wp-json\/wp\/v2\/tags?post=113694"}],"curies":[{"name":"wp","href":"https:\/\/api.w.org\/{rel}","templated":true}]}}