{"id":113706,"date":"2025-12-22T10:20:09","date_gmt":"2025-12-22T10:20:09","guid":{"rendered":"https:\/\/www.europesays.com\/se\/113706\/"},"modified":"2025-12-22T10:20:09","modified_gmt":"2025-12-22T10:20:09","slug":"22-december-10-33-ovrigt-pajala","status":"publish","type":"post","link":"https:\/\/www.europesays.com\/se\/113706\/","title":{"rendered":"22 december 10.33, \u00d6vrigt, Pajala"},"content":{"rendered":"<p>Polisen genomf\u00f6rde under l\u00f6rdagen en jakt\u00f6vervakning med sn\u00f6skoter p\u00e5 Pajala allm\u00e4nningsskogar strax v\u00e4ster om T\u00e4rend\u00f6. Omr\u00e5det som kontrollerades finns l\u00e4ngs Selk\u00e4vaarav\u00e4gen.\u00a0<\/p>\n<p>I omr\u00e5det hittades flera slaktplatser d\u00e4r polisen kan konstatera att jakt efter \u00e4lg bedrivits med hj\u00e4lp av sn\u00f6skoter.<\/p>\n<p>Polisen har vid en av slaktplatserna vid berget Roavaara kunna konstatera att minst tv\u00e5 skotrar f\u00f6rf\u00f6ljt \u00e4lg ute i terr\u00e4ngen och d\u00e4refter har j\u00e4garna skjutit tv\u00e5 \u00e4lgar fr\u00e5n skotern. Man har d\u00e4refter f\u00f6rs\u00f6kt k\u00f6ra \u00f6ver alla \u00e4lgsp\u00e5r f\u00f6r att d\u00f6lja tillv\u00e4gag\u00e5ngss\u00e4ttet. Med anledning av hur mycket skotersp\u00e5r det fanns i omr\u00e5det s\u00e5 har detta f\u00f6rmodligen skett i stor omfattning.\u00a0<\/p>\n<p>Polisen har uppr\u00e4ttat en anm\u00e4lan om grovt jaktbrott och efterlyser tips fr\u00e5n allm\u00e4nheten. Dessa l\u00e4mnas via 114 14 eller via polisens webbplats.<\/p>\n<p>\u2013 Straffet f\u00f6r ett grovt jaktbrott \u00e4r f\u00e4ngelse l\u00e4gst 6 m\u00e5nader och h\u00f6gst 4 \u00e5r. Om man d\u00f6ms f\u00e5r man sina vapen f\u00f6rverkade och sina licenser \u00e5terkallade. \u00c4ven andra hj\u00e4lpmedel som har anv\u00e4nts vid jakten kan f\u00f6rklaras f\u00f6rverkade, s\u00e4ger Nicklas Berglund som \u00e4r viltsamordnare i polisomr\u00e5de Norrbotten.<\/p>\n<p>Polisen i Norrbotten kommer att jobba mer med jaktbevakning i syfte att st\u00e4vja denna form av illegal jakt och ber allm\u00e4nheten att kontakta polisen n\u00e4r man f\u00e5r k\u00e4nnedom om n\u00e4r jakt bedrivs p\u00e5 ett otill\u00e5tet s\u00e4tt. Polisen har under h\u00f6sten och vintern gjort ett flertal kontroller i omr\u00e5den d\u00e4r vi genom allm\u00e4nheten har f\u00e5tt tips p\u00e5 att det f\u00f6rekommer otill\u00e5ten jakt.<\/p>\n<p><strong>Enligt jaktlagen \u00e4r det f\u00f6rbjudet att:<\/strong><\/p>\n<p><strong>31 \u00a7<br \/><\/strong>Jakt f\u00e5r inte ske fr\u00e5n motordrivna fortskaffningsmedel. S\u00e5dana fortskaffningsmedel eller andra motordrivna anordningar f\u00e5r inte heller anv\u00e4ndas f\u00f6r att s\u00f6ka efter, sp\u00e5ra, f\u00f6rf\u00f6lja eller genskjuta vilt, f\u00f6r att hindra vilt att undkomma eller f\u00f6r att avleda viltets uppm\u00e4rksamhet fr\u00e5n den som jagar.<\/p>\n<p><strong>Det \u00e4r heller inte till\u00e5tet enligt jaktf\u00f6rordningen att:<\/strong><\/p>\n<p><strong>22 \u00a7 \u00a0<\/strong> <br \/>Skjutvapen f\u00e5r inte medf\u00f6ras vid f\u00e4rd med motordrivet fordon i terr\u00e4ng.\u00a0<\/p>\n<p>T\u00e4nk p\u00e5 att om ett vapen transporteras i din bil s\u00e5 g\u00e4ller enligt jaktf\u00f6rordningen:<\/p>\n<p><strong>22 \u00a7 <\/strong>\u00a0 <br \/>Om ett skjutvapen f\u00f6rvaras i ett motordrivet fortskaffningsmedel f\u00e5r det inte finnas ammunition i vapnets patronl\u00e4ge eller magasin.<\/p>\n","protected":false},"excerpt":{"rendered":"Polisen genomf\u00f6rde under l\u00f6rdagen en jakt\u00f6vervakning med sn\u00f6skoter p\u00e5 Pajala allm\u00e4nningsskogar strax v\u00e4ster om T\u00e4rend\u00f6. Omr\u00e5det som kontrollerades&hellip;\n","protected":false},"author":2,"featured_media":54,"comment_status":"","ping_status":"","sticky":false,"template":"","format":"standard","meta":{"footnotes":""},"categories":[14],"tags":[22,23,26,27,17,21,24,25,28,29,15,16,18,34,31,33,32,30,19,20,51,52,53,54],"class_list":{"0":"post-113706","1":"post","2":"type-post","3":"status-publish","4":"format-standard","5":"has-post-thumbnail","7":"category-varlden","8":"tag-breaking-news","9":"tag-breakingnews","10":"tag-featured-news","11":"tag-featurednews","12":"tag-headlines","13":"tag-huvudnyheter","14":"tag-latest-news","15":"tag-latestnews","16":"tag-main-news","17":"tag-mainnews","18":"tag-news","19":"tag-nyheter","20":"tag-rubriker","21":"tag-se","22":"tag-svenska","23":"tag-sverige","24":"tag-sweden","25":"tag-swedish","26":"tag-top-stories","27":"tag-topstories","28":"tag-varlden","29":"tag-world","30":"tag-world-news","31":"tag-worldnews"},"share_on_mastodon":{"url":"https:\/\/pubeurope.com\/@se\/115762719877013593","error":""},"_links":{"self":[{"href":"https:\/\/www.europesays.com\/se\/wp-json\/wp\/v2\/posts\/113706","targetHints":{"allow":["GET"]}}],"collection":[{"href":"https:\/\/www.europesays.com\/se\/wp-json\/wp\/v2\/posts"}],"about":[{"href":"https:\/\/www.europesays.com\/se\/wp-json\/wp\/v2\/types\/post"}],"author":[{"embeddable":true,"href":"https:\/\/www.europesays.com\/se\/wp-json\/wp\/v2\/users\/2"}],"replies":[{"embeddable":true,"href":"https:\/\/www.europesays.com\/se\/wp-json\/wp\/v2\/comments?post=113706"}],"version-history":[{"count":0,"href":"https:\/\/www.europesays.com\/se\/wp-json\/wp\/v2\/posts\/113706\/revisions"}],"wp:featuredmedia":[{"embeddable":true,"href":"https:\/\/www.europesays.com\/se\/wp-json\/wp\/v2\/media\/54"}],"wp:attachment":[{"href":"https:\/\/www.europesays.com\/se\/wp-json\/wp\/v2\/media?parent=113706"}],"wp:term":[{"taxonomy":"category","embeddable":true,"href":"https:\/\/www.europesays.com\/se\/wp-json\/wp\/v2\/categories?post=113706"},{"taxonomy":"post_tag","embeddable":true,"href":"https:\/\/www.europesays.com\/se\/wp-json\/wp\/v2\/tags?post=113706"}],"curies":[{"name":"wp","href":"https:\/\/api.w.org\/{rel}","templated":true}]}}