{"id":113721,"date":"2025-12-22T10:29:08","date_gmt":"2025-12-22T10:29:08","guid":{"rendered":"https:\/\/www.europesays.com\/se\/113721\/"},"modified":"2025-12-22T10:29:08","modified_gmt":"2025-12-22T10:29:08","slug":"denna-jul-ska-granar-lamnas-in-till-kvitten-eller-laggesta-atervinningscentral","status":"publish","type":"post","link":"https:\/\/www.europesays.com\/se\/113721\/","title":{"rendered":"Denna jul ska granar l\u00e4mnas in till Kvitten eller L\u00e4ggesta \u00e5tervinningscentral"},"content":{"rendered":"<p class=\"font-normal\">Tidigare \u00e5r <a href=\"https:\/\/www.strangnas.se\/arkiv\/nyheter\/nyheter\/2024-12-27-ge-gosen-och-abborren-din-gamla-gran-i-julklapp\" rel=\"nofollow noopener\" target=\"_blank\">har Str\u00e4ngn\u00e4s kommun samlat in julgranar<\/a> och s\u00e4nkt dessa i M\u00e4laren och Visnaren f\u00f6r att skapa risvasar \u00e5t fiskar. Detta har inneburit att det funnits insamlingsplatser f\u00f6r julgranar runtom i kommunen.<\/p>\n<p class=\"font-normal\">F\u00f6r att ha m\u00f6jlighet att utv\u00e4rdera insatsen med risvasar pausar vi s\u00e4nkningen och insamlingen av fler granar i \u00e5r. Julgranar ska l\u00e4mnas till Kvitten och L\u00e4ggesta \u00e5tervinningscentraler d\u00e4r de blir till v\u00e4rme och el i kraftv\u00e4rmeverket ist\u00e4llet f\u00f6r risvasar.<\/p>\n<p class=\"font-normal\">L\u00e4s mer om <a href=\"https:\/\/www.strangnas.se\/avfall\" rel=\"nofollow noopener\" target=\"_blank\">avfallshantering p\u00e5 v\u00e5r webbplats<\/a>.<\/p>\n","protected":false},"excerpt":{"rendered":"Tidigare \u00e5r har Str\u00e4ngn\u00e4s kommun samlat in julgranar och s\u00e4nkt dessa i M\u00e4laren och Visnaren f\u00f6r att skapa&hellip;\n","protected":false},"author":2,"featured_media":113722,"comment_status":"","ping_status":"","sticky":false,"template":"","format":"standard","meta":{"footnotes":""},"categories":[12],"tags":[22,23,26,27,17,21,24,25,28,29,15,16,18,34,1546,31,33,32,30,19,20],"class_list":{"0":"post-113721","1":"post","2":"type-post","3":"status-publish","4":"format-standard","5":"has-post-thumbnail","7":"category-sverige","8":"tag-breaking-news","9":"tag-breakingnews","10":"tag-featured-news","11":"tag-featurednews","12":"tag-headlines","13":"tag-huvudnyheter","14":"tag-latest-news","15":"tag-latestnews","16":"tag-main-news","17":"tag-mainnews","18":"tag-news","19":"tag-nyheter","20":"tag-rubriker","21":"tag-se","22":"tag-strangnas","23":"tag-svenska","24":"tag-sverige","25":"tag-sweden","26":"tag-swedish","27":"tag-top-stories","28":"tag-topstories"},"share_on_mastodon":{"url":"https:\/\/pubeurope.com\/@se\/115762755388078598","error":""},"_links":{"self":[{"href":"https:\/\/www.europesays.com\/se\/wp-json\/wp\/v2\/posts\/113721","targetHints":{"allow":["GET"]}}],"collection":[{"href":"https:\/\/www.europesays.com\/se\/wp-json\/wp\/v2\/posts"}],"about":[{"href":"https:\/\/www.europesays.com\/se\/wp-json\/wp\/v2\/types\/post"}],"author":[{"embeddable":true,"href":"https:\/\/www.europesays.com\/se\/wp-json\/wp\/v2\/users\/2"}],"replies":[{"embeddable":true,"href":"https:\/\/www.europesays.com\/se\/wp-json\/wp\/v2\/comments?post=113721"}],"version-history":[{"count":0,"href":"https:\/\/www.europesays.com\/se\/wp-json\/wp\/v2\/posts\/113721\/revisions"}],"wp:featuredmedia":[{"embeddable":true,"href":"https:\/\/www.europesays.com\/se\/wp-json\/wp\/v2\/media\/113722"}],"wp:attachment":[{"href":"https:\/\/www.europesays.com\/se\/wp-json\/wp\/v2\/media?parent=113721"}],"wp:term":[{"taxonomy":"category","embeddable":true,"href":"https:\/\/www.europesays.com\/se\/wp-json\/wp\/v2\/categories?post=113721"},{"taxonomy":"post_tag","embeddable":true,"href":"https:\/\/www.europesays.com\/se\/wp-json\/wp\/v2\/tags?post=113721"}],"curies":[{"name":"wp","href":"https:\/\/api.w.org\/{rel}","templated":true}]}}