{"id":113725,"date":"2025-12-22T10:32:32","date_gmt":"2025-12-22T10:32:32","guid":{"rendered":"https:\/\/www.europesays.com\/se\/113725\/"},"modified":"2025-12-22T10:32:32","modified_gmt":"2025-12-22T10:32:32","slug":"pengaregn-over-anna-magnusson-efter-succen-mycket","status":"publish","type":"post","link":"https:\/\/www.europesays.com\/se\/113725\/","title":{"rendered":"Pengaregn \u00f6ver Anna Magnusson efter succ\u00e9n: \u201dMycket\u201d"},"content":{"rendered":"<p>Anna Magnusson \u00e4r stolt och n\u00f6jd med s\u00e4songen.\u00a0<\/p>\n<p>Men efter all uppst\u00e5ndelse l\u00e4ngtar hon efter ledighet.\u00a0<\/p>\n<p>\u2013\u00a0Jag vill krama Peppe, s\u00e4ger hon och ber\u00e4ttar om framg\u00e5ngarna, pengaregnet och hackade (?) hemsidan.\u00a0<\/p>\n<p><img   alt=\"\"\/><\/p>\n<p>Anna Magnusson.<\/p>\n<p>Foto: JOHAN AXELSSON<\/p>\n<p>\u00d6ppna bild i helsk\u00e4rm<img loading=\"lazy\"   alt=\"\"\/><\/p>\n<p>L\u00e4nk p\u00e5 Anna Magnussons instagram leder till den h\u00e4r sidan nu.<\/p>\n<p>\u00d6ppna bild i helsk\u00e4rm<img loading=\"lazy\"   alt=\"\"\/><\/p>\n<p>P\u00e5 pallen i Hochfilzen.<\/p>\n<p>Foto: GEPA PICTURES\/ HARALD STEINER \/ GEPA PICTURES BILDBYR\u00c5N<\/p>\n<p>\u00d6ppna bild i helsk\u00e4rm<\/p>\n<p>Under f\u00f6rsta delen av vintern har <a href=\"https:\/\/www.expressen.se\/tagg\/person\/anna-magnusson\/\" class=\"\" rel=\"nofollow noopener\" target=\"_blank\">Anna Magnusson<\/a> f\u00e5tt uppleva n\u00e5got hon aldrig gjort tidigare.\u00a0<\/p>\n<p>Hon har varit b\u00e4st i v\u00e4rlden.\u00a0<\/p>\n<p>Efter en otroligt stark inledning p\u00e5 s\u00e4songen fick hon b\u00e4ra den gula ledartr\u00f6jan.\u00a0<\/p>\n<p>\u2013 Det \u00e4r f\u00f6r det f\u00f6rsta v\u00e4ldigt kul, jag \u00e4r j\u00e4tteglad och tacksam. Det \u00e4r h\u00e4ftigt att ha varit med om det. Det \u00e4r verkligen en stor grej f\u00f6r mig.\u00a0<\/p>\n<p><strong>\u00c4r du f\u00f6rv\u00e5nad?<\/strong><\/p>\n<p>\u2013 Ja, men det \u00e4r jag. Jag har v\u00e4l kanske inte haft det som m\u00e5l, fast det kanske har legat som en liten dr\u00f6m n\u00e5gon g\u00e5ng, men n\u00e4stan som att det har varit lite ouppn\u00e5eligt.\u00a0<\/p>\n<p>Det har inte heller handlat om bara efter premi\u00e4rt\u00e4vlingen i \u00d6stersund, utan hon har f\u00e5tt k\u00f6ra flera t\u00e4vlingar med ledarv\u00e4sten. Under l\u00f6rdagen tog fransyskan Lou Jeanmonnot \u00f6ver den. Men Anna Magnusson f\u00e5r beh\u00e5lla de gula nummerlappar hon k\u00f6rt i.\u00a0<\/p>\n<p>\u2013 Jag vet inte vad jag ska g\u00f6ra med dem, men kanske att jag kommer ge bort n\u00e5gon sen n\u00e4r jag avslutar karri\u00e4ren. Till n\u00e5gon som har betytt lite extra.\u00a0<\/p>\n<p><img loading=\"lazy\"   alt=\"\"\/> <\/p>\n<p>Foto: PIERRE TEYSSOT\/SHUTTERSTOCK \/ SHUTTERSTOCK EDITORIAL\/IBL<\/p>\n<p>\u00d6ppna bild i helsk\u00e4rm\u201dMer uppst\u00e5ndelse\u201d\u00a0<\/p>\n<p>30-\u00e5ringen menar att under veckan i Frankrike har verkligheten kommit ikapp lite.\u00a0<\/p>\n<p>\u2013 Det \u00e4r \u00e4nd\u00e5 mycket mer media och uppst\u00e5ndelse \u00e4n vad jag \u00e4r van vid. S\u00e5dana saker tar \u00e4nd\u00e5 lite energi, k\u00e4nslom\u00e4ssigt ocks\u00e5. Oj, vad bra det g\u00e5r. Det kostar lite. Jag \u00e4r van vid media, men kanske inte p\u00e5 det s\u00e4ttet.\u00a0<\/p>\n<p>Efter torsdagens sprint tog hon, tillsammans med n\u00e5gra andra, en hel dag off. F\u00f6r att samla tankarna och k\u00e4nslorna.\u00a0<\/p>\n<p>\u2013 Det var viktigt att f\u00e5 koppla bort skidskyttet helt. Vi \u00e5kte lite l\u00e5ngsp\u00e5r bortanf\u00f6r s\u00e5 vi var inte ens h\u00e4r p\u00e5 stadion. D\u00e5 pratade jag med mamma och pappa hemma, h\u00f6rde om vanliga saker. Julst\u00f6k.\u00a0<\/p>\n<p>En t\u00e4vling \u00e5terst\u00e5r innan hon f\u00e5r v\u00e4nda hem\u00e5t och landa i den h\u00e4r s\u00e4songsstarten.\u00a0<\/p>\n<p><strong>Vad ser du mest fram emot?<\/strong><\/p>\n<p>\u2013 Bara krama Peppe, tror jag. H\u00e4nga lite. Jag ser bara fram emot att koppla av lite, sova i min egen s\u00e4ng.\u00a0<\/p>\n<p><strong>Har saknade varit st\u00f6rre n\u00e4r det g\u00e5tt bra, att du velat ha honom h\u00e4r?\u00a0<\/strong><\/p>\n<p>\u2013\u00a0Ja, men blandat. Det \u00e4r klart att p\u00e5 ett s\u00e4tt s\u00e5 hade jag s\u00e5 klart \u00f6nskat att han var med. Men det har \u00e4nd\u00e5 varit en ganska kort period eftersom att jag var hemma i \u00d6stersund de f\u00f6rsta veckorna.<\/p>\n<p><img loading=\"lazy\"   alt=\"\"\/><\/p>\n<p>Anna Magnusson och Peppe Femling visade upp sitt hem inf\u00f6r f\u00f6rra s\u00e4songen.<\/p>\n<p>Foto: JOHAN AXELSSON<\/p>\n<p>\u00d6ppna bild i helsk\u00e4rm<\/p>\n<p><strong>Vad \u00e4r det du \u00e4r mest stolt \u00f6ver s\u00e5 h\u00e4r l\u00e5ngt?<\/strong><\/p>\n<p>\u2013 Att n\u00e4r jag gjort v\u00e4ldigt bra lopp s\u00e5 har jag inte n\u00f6jt mig, utan kunnat ladda om k\u00f6rt n\u00e4sta p\u00e5 ett v\u00e4ldigt bra s\u00e4tt. Och att jag har h\u00e5llit ihop alla lopp s\u00e5 pass bra som jag har gjort hittills. Jag har inte fallit igenom en enda g\u00e5ng \u00e4n.<\/p>\n<p>Annons<\/p>\n<p>Inget lopp i \u00e5r har varit d\u00e5ligt, konstaterar hon.\u00a0<\/p>\n<p>\u2013\u00a0Sedan har jag skjutit fullt i v\u00e4ldigt m\u00e5nga sista st\u00e5skytten, d\u00e4r det \u00e4nd\u00e5 har varit ganska avg\u00f6rande. Det \u00e4r jag n\u00f6jd med.\u00a0<\/p>\n<p>Framg\u00e5ngarna i sp\u00e5ret har ocks\u00e5 gett ett stort klirr i kassan. B\u00e5de under 2024 och 2025 drog Anna Magnusson in ungef\u00e4r 900.000 i prispengar under s\u00e4songen.\u00a0<\/p>\n<p>N\u00e4r hon summerar f\u00f6rsta tredjedelen av s\u00e4songen nu \u00e4r hon och snuddar p\u00e5 en miljon kronor redan.\u00a0<\/p>\n<p>\u2013\u00a0Det \u00e4r mycket pengar och de har dessutom h\u00f6jt prispengarna i \u00e5r. S\u00e5 det r\u00e4ntar \u00e4nd\u00e5 p\u00e5 ganska bra n\u00e4r man g\u00f6r det bra. Pallplatser \u00e4r v\u00e4ldigt mycket v\u00e4rt.\u00a0<\/p>\n<p><strong>Betyder det n\u00e5got extra?<\/strong><\/p>\n<p>\u2013 Jag tycker att jag \u00e4nd\u00e5 har tj\u00e4nat ganska bra de senaste \u00e5ren. Men det \u00e4r inte d\u00e4rf\u00f6r jag h\u00e5ller p\u00e5 med skidskytte, det \u00e4r inget jag h\u00e5ller koll p\u00e5 under s\u00e4songen.\u00a0<\/p>\n<p><strong>\u00c4r du en sparare?<\/strong><\/p>\n<p>\u2013 Ja, men jag investerar v\u00e4l lite pengar. S\u00e5 jag skulle \u00e4nd\u00e5 s\u00e4ga att jag \u00e4r en sparare. Sen kanske det blir n\u00e5gon resa eller s\u00e5 t\u00e4nker jag.\u00a0<\/p>\n<p>Blir st\u00e4lld av fr\u00e5gan: \u201dHar jag en?\u201d<\/p>\n<p>F\u00f6ljar antalet p\u00e5 Instagram har stadigt \u00f6kat i takt med prestationerna. Men den vaksamma kan ha m\u00e4rkt att n\u00e5got inte riktigt st\u00e5r r\u00e4tt till p\u00e5 hemsidan som funnits l\u00e4nkad p\u00e5 Instagram. \u00a0<\/p>\n<p>L\u00e4nken som finns g\u00e5r n\u00e5gon helt annanstans, men Anna Magnusson blir lite tagen p\u00e5 s\u00e4ngen n\u00e4r hon f\u00e5r veta det. .\u00a0<\/p>\n<p>\u00a0\u2013 Har jag en l\u00e4nk d\u00e4r?\u00a0<\/p>\n<p><strong>Ja.<\/strong><\/p>\n<p>\u2013 Jaha. Har jag kvar den? D\u00e5 ska jag ta bort den.\u00a0<\/p>\n<p><strong>Har hemsidan blivit hackad?\u00a0<\/strong><\/p>\n<p>\u2013 Ingen aning. Jag hade ju en hemsida f\u00f6rut, det var lite mer en grej d\u00e4r man hade sponsorer och jag hade en blogg ocks\u00e5. Sen har det d\u00f6tt ut lite. Den trodde jag att jag hade f\u00e5tt bort, men jag har v\u00e4l gl\u00f6mt l\u00e4nken.\u00a0<\/p>\n<p><strong>L\u00c4S MER: <\/strong><a href=\"https:\/\/www.expressen.se\/sport\/skidskytte\/anna-magnusson-avslojar-okanda-detaljen\/\" class=\"\" rel=\"nofollow noopener\" target=\"_blank\">Anna Magnusson avsl\u00f6jar ok\u00e4nda detaljen<\/a><\/p>\n","protected":false},"excerpt":{"rendered":"Anna Magnusson \u00e4r stolt och n\u00f6jd med s\u00e4songen.\u00a0 Men efter all uppst\u00e5ndelse l\u00e4ngtar hon efter ledighet.\u00a0 \u2013\u00a0Jag vill&hellip;\n","protected":false},"author":2,"featured_media":113726,"comment_status":"","ping_status":"","sticky":false,"template":"","format":"standard","meta":{"footnotes":""},"categories":[68],"tags":[5873,34,945,111,110,31,33,32,30],"class_list":{"0":"post-113725","1":"post","2":"type-post","3":"status-publish","4":"format-standard","5":"has-post-thumbnail","7":"category-sport","8":"tag-person-anna-magnusson","9":"tag-se","10":"tag-sections-skidskytte","11":"tag-sport","12":"tag-sports","13":"tag-svenska","14":"tag-sverige","15":"tag-sweden","16":"tag-swedish"},"share_on_mastodon":{"url":"https:\/\/pubeurope.com\/@se\/115762767159457544","error":""},"_links":{"self":[{"href":"https:\/\/www.europesays.com\/se\/wp-json\/wp\/v2\/posts\/113725","targetHints":{"allow":["GET"]}}],"collection":[{"href":"https:\/\/www.europesays.com\/se\/wp-json\/wp\/v2\/posts"}],"about":[{"href":"https:\/\/www.europesays.com\/se\/wp-json\/wp\/v2\/types\/post"}],"author":[{"embeddable":true,"href":"https:\/\/www.europesays.com\/se\/wp-json\/wp\/v2\/users\/2"}],"replies":[{"embeddable":true,"href":"https:\/\/www.europesays.com\/se\/wp-json\/wp\/v2\/comments?post=113725"}],"version-history":[{"count":0,"href":"https:\/\/www.europesays.com\/se\/wp-json\/wp\/v2\/posts\/113725\/revisions"}],"wp:featuredmedia":[{"embeddable":true,"href":"https:\/\/www.europesays.com\/se\/wp-json\/wp\/v2\/media\/113726"}],"wp:attachment":[{"href":"https:\/\/www.europesays.com\/se\/wp-json\/wp\/v2\/media?parent=113725"}],"wp:term":[{"taxonomy":"category","embeddable":true,"href":"https:\/\/www.europesays.com\/se\/wp-json\/wp\/v2\/categories?post=113725"},{"taxonomy":"post_tag","embeddable":true,"href":"https:\/\/www.europesays.com\/se\/wp-json\/wp\/v2\/tags?post=113725"}],"curies":[{"name":"wp","href":"https:\/\/api.w.org\/{rel}","templated":true}]}}