{"id":113727,"date":"2025-12-22T10:33:27","date_gmt":"2025-12-22T10:33:27","guid":{"rendered":"https:\/\/www.europesays.com\/se\/113727\/"},"modified":"2025-12-22T10:33:27","modified_gmt":"2025-12-22T10:33:27","slug":"i-kvall-pa-tv6-actionklassikern-som-alla-stjarnor-nobbade-och-som-blev-en-jultradition","status":"publish","type":"post","link":"https:\/\/www.europesays.com\/se\/113727\/","title":{"rendered":"I kv\u00e4ll p\u00e5 TV6: Actionklassikern som alla stj\u00e4rnor nobbade \u2013 och som blev en jultradition"},"content":{"rendered":"<p>Med bara tv\u00e5 dagar kvar till julafton visar\u00a0<strong>TV6<\/strong>\u00a0den tyngsta av alla julklassiker. Debatten blossar upp varje \u00e5r: \u00e4r\u00a0<a href=\"diehttps:\/\/www.moviezine.se\/recensioner\/bruce-willis-raddar-dagen\" rel=\"nofollow noopener\" target=\"_blank\">\u201dDie Hard\u201d<\/a>\u00a0en genuin julfilm eller bara en ovanligt h\u00e5rdkokt actionrulle som r\u00e5kar utspela sig under julen? P\u00e5 v\u00e5r lista \u00f6ver de\u00a0<a href=\"https:\/\/www.moviezine.se\/nyheter\/de-50-basta-julfilmerna\" rel=\"nofollow noopener\" target=\"_blank\">20 b\u00e4sta julfilmerna<\/a>\u00a0kniper actionklassikern en andraplats.<\/p>\n<p>Bruce Willis spelar New York-polisen John McClane, som bes\u00f6ker Los Angeles f\u00f6r att fira jul med sin fru \u2013 men hamnar mitt i ett gisslandrama i en 40 v\u00e5ningar h\u00f6g skyskrapa. I en tid d\u00e5 muskelknippen som Stallone och Schwarzenegger \u00e4gde bioduken, dundrar Willis in och ritar om spelplanen helt.<\/p>\n<p><strong>Sk\u00e5despelaren som fick permanent h\u00f6rselskada<\/strong><\/p>\n<p>Men v\u00e4gen till klassikerstatus var allt annat \u00e4n sj\u00e4lvklar. B\u00e5de Schwarzenegger, Stallone, Harrison Ford och \u2013 ja \u2013 Frank Sinatra tackade nej till rollen innan Willis fick chansen. Sinatra erbj\u00f6ds faktiskt rollen f\u00f6rst p\u00e5 grund av en kontraktsklausul, trots att han var 73 \u00e5r gammal.<\/p>\n<p>Under inspelningen fick Willis best\u00e5ende men. P\u00e5 grund av skottlossning p\u00e5 n\u00e4ra h\u00e5ll f\u00f6rlorade han tv\u00e5 tredjedelar av h\u00f6rseln i v\u00e4nster \u00f6ra.<\/p>\n<p>Alan Rickman g\u00f6r en legendarisk insats som skurken Hans Gruber \u2013 och det var faktiskt hans allra f\u00f6rsta filmroll, vid 42 \u00e5rs \u00e5lder. Den ikoniska scenen d\u00e4r Gruber l\u00e5tsas vara kontorsarbetaren \u201dBill Clay\u201d fanns inte ens i originalmanus \u2013 den skrevs in n\u00e4r regiss\u00f6ren uppt\u00e4ckte att Rickman kunde g\u00f6ra en perfekt amerikansk accent.<\/p>\n<p>Missa inte chansen att se McClane n\u00e4r han r\u00e4ddar dagen och julen i en film som definierar hela genren.<\/p>\n<p><strong>H\u00e4r kan du se \u201dDie Hard\u201d:\u00a0<\/strong><\/p>\n<ul class=\"wp-block-list\">\n<li>Ikv\u00e4ll 22\/12 21.00 p\u00e5 TV6<\/li>\n<li>Streama p\u00e5 Disney+<\/li>\n<li>Hyr\/k\u00f6p p\u00e5 SF Anytime och Viaplay<\/li>\n<\/ul>\n<p><img loading=\"lazy\" decoding=\"async\" alt=\"YouTube video\" width=\"480\" height=\"360\" data-pin-nopin=\"true\" nopin=\"nopin\" class=\"perfmatters-lazy\" src=\"https:\/\/www.europesays.com\/se\/wp-content\/uploads\/2025\/12\/1766399607_338_hqdefault.jpg\"\/><\/p>\n<p>L\u00e4s ocks\u00e5: <a href=\"https:\/\/www.moviezine.se\/nyheter\/die-hard-ar-inte-en-julfilm-enligt-macaulay-culkin-kan-utspela-sig-nar-som-helst\" title=\"\u201dDie Hard\u201d \u00e4r inte en julfilm \u2013 n\u00e4r Macaulay Culkin f\u00e5r tycka till\" class=\"underline-custom !font-montserrat !font-bold !underline-offset-4 !decoration-4 !decoration-moviezine-green !text-md\" rel=\"nofollow noopener\" target=\"_blank\">\u201dDie Hard\u201d \u00e4r inte en julfilm \u2013 n\u00e4r Macaulay Culkin f\u00e5r tycka till<\/a><\/p>\n<p>L\u00e4s ocks\u00e5: <a href=\"https:\/\/www.moviezine.se\/nyheter\/de-50-basta-julfilmerna\" title=\"Vi listar de 20 b\u00e4sta julfilmerna (och var de finns att streama 2025)\" class=\"underline-custom !font-montserrat !font-bold !underline-offset-4 !decoration-4 !decoration-moviezine-green !text-md\" rel=\"nofollow noopener\" target=\"_blank\">Vi listar de 20 b\u00e4sta julfilmerna (och var de finns att streama 2025)<\/a><\/p>\n","protected":false},"excerpt":{"rendered":"Med bara tv\u00e5 dagar kvar till julafton visar\u00a0TV6\u00a0den tyngsta av alla julklassiker. Debatten blossar upp varje \u00e5r: \u00e4r\u00a0\u201dDie&hellip;\n","protected":false},"author":2,"featured_media":113728,"comment_status":"","ping_status":"","sticky":false,"template":"","format":"standard","meta":{"footnotes":""},"categories":[67],"tags":[104,34,31,33,32,30,2768,105],"class_list":{"0":"post-113727","1":"post","2":"type-post","3":"status-publish","4":"format-standard","5":"has-post-thumbnail","7":"category-underhallning","8":"tag-entertainment","9":"tag-se","10":"tag-svenska","11":"tag-sverige","12":"tag-sweden","13":"tag-swedish","14":"tag-tv-tips","15":"tag-underhallning"},"share_on_mastodon":{"url":"https:\/\/pubeurope.com\/@se\/115762771064172911","error":""},"_links":{"self":[{"href":"https:\/\/www.europesays.com\/se\/wp-json\/wp\/v2\/posts\/113727","targetHints":{"allow":["GET"]}}],"collection":[{"href":"https:\/\/www.europesays.com\/se\/wp-json\/wp\/v2\/posts"}],"about":[{"href":"https:\/\/www.europesays.com\/se\/wp-json\/wp\/v2\/types\/post"}],"author":[{"embeddable":true,"href":"https:\/\/www.europesays.com\/se\/wp-json\/wp\/v2\/users\/2"}],"replies":[{"embeddable":true,"href":"https:\/\/www.europesays.com\/se\/wp-json\/wp\/v2\/comments?post=113727"}],"version-history":[{"count":0,"href":"https:\/\/www.europesays.com\/se\/wp-json\/wp\/v2\/posts\/113727\/revisions"}],"wp:featuredmedia":[{"embeddable":true,"href":"https:\/\/www.europesays.com\/se\/wp-json\/wp\/v2\/media\/113728"}],"wp:attachment":[{"href":"https:\/\/www.europesays.com\/se\/wp-json\/wp\/v2\/media?parent=113727"}],"wp:term":[{"taxonomy":"category","embeddable":true,"href":"https:\/\/www.europesays.com\/se\/wp-json\/wp\/v2\/categories?post=113727"},{"taxonomy":"post_tag","embeddable":true,"href":"https:\/\/www.europesays.com\/se\/wp-json\/wp\/v2\/tags?post=113727"}],"curies":[{"name":"wp","href":"https:\/\/api.w.org\/{rel}","templated":true}]}}