{"id":113730,"date":"2025-12-22T10:36:08","date_gmt":"2025-12-22T10:36:08","guid":{"rendered":"https:\/\/www.europesays.com\/se\/113730\/"},"modified":"2025-12-22T10:36:08","modified_gmt":"2025-12-22T10:36:08","slug":"brand-i-industribyggnad-i-taby","status":"publish","type":"post","link":"https:\/\/www.europesays.com\/se\/113730\/","title":{"rendered":"Brand i industribyggnad i T\u00e4by"},"content":{"rendered":"<p class=\"ort\">Arninge<\/p>\n<p class=\"text\">Branden ska ha startat i ett fl\u00e4ktrum strax efter klockan \u00e5tta p\u00e5 morgonen, skriver polisen p\u00e5 sin hemsida.<\/p>\n<p class=\"text\">Det \u00e4r en fullt utvecklad brand och r\u00e4ddningstj\u00e4nsten arbetar nu med att f\u00f6rhindra spridning i byggnaden och till n\u00e4rliggande byggnader, n\u00e5got <a target=\"_blank\" rel=\"noopener nofollow\" href=\"https:\/\/www.sverigesradio.se\/artikel\/fullt-utvecklad-brand-pa-tak-i-taby-industribyggnad-i-lagor\">P4 Stockholm<\/a> var f\u00f6rst att ber\u00e4tta om. <\/p>\n<p>Inte under kontroll  <\/p>\n<p class=\"text\">Det \u00e4r en stor insats med flera enheter p\u00e5 platsen. <\/p>\n<p class=\"text\">\u2013 Vi har 40 personer p\u00e5 plats och branden \u00e4r inte under kontroll, s\u00e4ger G\u00f6ran Norman, ledningsoperat\u00f6r p\u00e5 r\u00e4ddningstj\u00e4nsten till Mitt i. <\/p>\n<p class=\"text\">Det \u00e4r stor r\u00f6kutveckling och f\u00f6rutom r\u00e4ddningstj\u00e4nst \u00e4r polis och sjukv\u00e5rd p\u00e5 plats. I nul\u00e4get finns det inga uppgifter om skador.<\/p>\n<p>Byggnaden brinner ned<\/p>\n<p class=\"text\">Enligt r\u00e4ddningstj\u00e4nsten ska byggnaden f\u00e5 brinna ned kontrollerat och sl\u00e4ckningsarbetet ska p\u00e5g\u00e5 hela dagen. <\/p>\n<p class=\"text\">\u2013 Vi kommer h\u00e5lla p\u00e5 minst \u00e5tta timmar till, s\u00e4ger G\u00f6ran Norman. <\/p>\n<p class=\"text\">Polisen har inlett en f\u00f6runders\u00f6kning om allm\u00e4nfarlig v\u00e5rdsl\u00f6shet. <\/p>\n<p class=\"text\">Enligt Anna L\u00e4rk. presstalesperson p\u00e5 polisen, finns det i nul\u00e4get anledning att anta att ett oaktsamhetsbrott har beg\u00e5tts.<\/p>\n<p class=\"text\">\u2013 Men det finns inga uppgifter om upps\u00e5t. Det kommer dr\u00f6ja innan vi kan g\u00f6ra en teknisk unders\u00f6kning och f\u00e5 svar, s\u00e4ger hon.<\/p>\n<p class=\"text\">Under dagen h\u00e5ller polisen omr\u00e5det avsp\u00e4rrat.<\/p>\n","protected":false},"excerpt":{"rendered":"Arninge Branden ska ha startat i ett fl\u00e4ktrum strax efter klockan \u00e5tta p\u00e5 morgonen, skriver polisen p\u00e5 sin&hellip;\n","protected":false},"author":2,"featured_media":113731,"comment_status":"","ping_status":"","sticky":false,"template":"","format":"standard","meta":{"footnotes":""},"categories":[14],"tags":[22,23,26,27,17,21,24,25,28,29,15,16,18,34,31,33,32,30,19,20,51,52,53,54],"class_list":{"0":"post-113730","1":"post","2":"type-post","3":"status-publish","4":"format-standard","5":"has-post-thumbnail","7":"category-varlden","8":"tag-breaking-news","9":"tag-breakingnews","10":"tag-featured-news","11":"tag-featurednews","12":"tag-headlines","13":"tag-huvudnyheter","14":"tag-latest-news","15":"tag-latestnews","16":"tag-main-news","17":"tag-mainnews","18":"tag-news","19":"tag-nyheter","20":"tag-rubriker","21":"tag-se","22":"tag-svenska","23":"tag-sverige","24":"tag-sweden","25":"tag-swedish","26":"tag-top-stories","27":"tag-topstories","28":"tag-varlden","29":"tag-world","30":"tag-world-news","31":"tag-worldnews"},"share_on_mastodon":{"url":"https:\/\/pubeurope.com\/@se\/115762782838153472","error":""},"_links":{"self":[{"href":"https:\/\/www.europesays.com\/se\/wp-json\/wp\/v2\/posts\/113730","targetHints":{"allow":["GET"]}}],"collection":[{"href":"https:\/\/www.europesays.com\/se\/wp-json\/wp\/v2\/posts"}],"about":[{"href":"https:\/\/www.europesays.com\/se\/wp-json\/wp\/v2\/types\/post"}],"author":[{"embeddable":true,"href":"https:\/\/www.europesays.com\/se\/wp-json\/wp\/v2\/users\/2"}],"replies":[{"embeddable":true,"href":"https:\/\/www.europesays.com\/se\/wp-json\/wp\/v2\/comments?post=113730"}],"version-history":[{"count":0,"href":"https:\/\/www.europesays.com\/se\/wp-json\/wp\/v2\/posts\/113730\/revisions"}],"wp:featuredmedia":[{"embeddable":true,"href":"https:\/\/www.europesays.com\/se\/wp-json\/wp\/v2\/media\/113731"}],"wp:attachment":[{"href":"https:\/\/www.europesays.com\/se\/wp-json\/wp\/v2\/media?parent=113730"}],"wp:term":[{"taxonomy":"category","embeddable":true,"href":"https:\/\/www.europesays.com\/se\/wp-json\/wp\/v2\/categories?post=113730"},{"taxonomy":"post_tag","embeddable":true,"href":"https:\/\/www.europesays.com\/se\/wp-json\/wp\/v2\/tags?post=113730"}],"curies":[{"name":"wp","href":"https:\/\/api.w.org\/{rel}","templated":true}]}}