{"id":113738,"date":"2025-12-22T10:44:20","date_gmt":"2025-12-22T10:44:20","guid":{"rendered":"https:\/\/www.europesays.com\/se\/113738\/"},"modified":"2025-12-22T10:44:20","modified_gmt":"2025-12-22T10:44:20","slug":"asiatiskt-block-haller-krissamtal-efter-nya-strider","status":"publish","type":"post","link":"https:\/\/www.europesays.com\/se\/113738\/","title":{"rendered":"Asiatiskt block h\u00e5ller krissamtal efter nya strider"},"content":{"rendered":"<p>Sydostasiens utrikesministrar samlades p\u00e5 m\u00e5ndagen i Kuala Lumpur f\u00f6r krissamtal om de blodiga gr\u00e4nsstriderna mellan Thailand och Kambodja, rapporterar AFP. Minst 60 personer har d\u00f6dats och \u00f6ver en halv miljon har tvingats fly sina hem under de senaste veckorna.<\/p>\n<p>M\u00f6tet i Malaysia syftade till att \u00e5teruppliva ett eldupph\u00f6r som tidigare f\u00f6rhandlats fram av Asean under Malaysias ordf\u00f6randeskap och USA:s president Donald Trump.<\/p>\n<p>\u2013 V\u00e5rt m\u00e5l \u00e4r mer l\u00e5ngtg\u00e5ende \u00e4n att skruva ner sp\u00e4nningarna. Vi m\u00e5ste \u00e5teruppbygga f\u00f6rtroendet mellan parterna, sa Malaysias utrikesminister Mohamad Hasan under sitt \u00f6ppningsanf\u00f6rande. <\/p>\n<p>B\u00e5de Thailand och Kambodja anklagar varandra f\u00f6r att ha brutit mot vapenvilan. Konflikten p\u00e5 gr\u00e4nsen str\u00e4cker sig decennier bak\u00e5t i tiden och har sitt ursprung i gr\u00e4nsdragningar under kolonialtiden.<\/p>\n<p>Omni \u00e4r politiskt obundna och oberoende. Vi str\u00e4var efter att ge fler perspektiv p\u00e5 nyheterna. Har du fr\u00e5gor eller synpunkter kring v\u00e5r rapportering? <a href=\"https:\/\/omni.se\/asiatiskt-block-haller-krissamtal-efter-nya-strider\/a\/mailto:redaktion@omni.se\" class=\"ArticleActions_contactLink__W2F1M\" rel=\"nofollow noopener\" target=\"_blank\">Kontakta redaktionen<\/a><\/p>\n","protected":false},"excerpt":{"rendered":"Sydostasiens utrikesministrar samlades p\u00e5 m\u00e5ndagen i Kuala Lumpur f\u00f6r krissamtal om de blodiga gr\u00e4nsstriderna mellan Thailand och Kambodja,&hellip;\n","protected":false},"author":2,"featured_media":113739,"comment_status":"","ping_status":"","sticky":false,"template":"","format":"standard","meta":{"footnotes":""},"categories":[14],"tags":[12389,420,22,23,385,26,27,17,21,1885,24,25,28,29,15,16,18,34,31,33,32,30,1886,19,20,51,52,53,54],"class_list":{"0":"post-113738","1":"post","2":"type-post","3":"status-publish","4":"format-standard","5":"has-post-thumbnail","7":"category-varlden","8":"tag-drafter","9":"tag-asien","10":"tag-breaking-news","11":"tag-breakingnews","12":"tag-donald-trump","13":"tag-featured-news","14":"tag-featurednews","15":"tag-headlines","16":"tag-huvudnyheter","17":"tag-kambodja","18":"tag-latest-news","19":"tag-latestnews","20":"tag-main-news","21":"tag-mainnews","22":"tag-news","23":"tag-nyheter","24":"tag-rubriker","25":"tag-se","26":"tag-svenska","27":"tag-sverige","28":"tag-sweden","29":"tag-swedish","30":"tag-thailand","31":"tag-top-stories","32":"tag-topstories","33":"tag-varlden","34":"tag-world","35":"tag-world-news","36":"tag-worldnews"},"share_on_mastodon":{"url":"https:\/\/pubeurope.com\/@se\/115762814284521042","error":""},"_links":{"self":[{"href":"https:\/\/www.europesays.com\/se\/wp-json\/wp\/v2\/posts\/113738","targetHints":{"allow":["GET"]}}],"collection":[{"href":"https:\/\/www.europesays.com\/se\/wp-json\/wp\/v2\/posts"}],"about":[{"href":"https:\/\/www.europesays.com\/se\/wp-json\/wp\/v2\/types\/post"}],"author":[{"embeddable":true,"href":"https:\/\/www.europesays.com\/se\/wp-json\/wp\/v2\/users\/2"}],"replies":[{"embeddable":true,"href":"https:\/\/www.europesays.com\/se\/wp-json\/wp\/v2\/comments?post=113738"}],"version-history":[{"count":0,"href":"https:\/\/www.europesays.com\/se\/wp-json\/wp\/v2\/posts\/113738\/revisions"}],"wp:featuredmedia":[{"embeddable":true,"href":"https:\/\/www.europesays.com\/se\/wp-json\/wp\/v2\/media\/113739"}],"wp:attachment":[{"href":"https:\/\/www.europesays.com\/se\/wp-json\/wp\/v2\/media?parent=113738"}],"wp:term":[{"taxonomy":"category","embeddable":true,"href":"https:\/\/www.europesays.com\/se\/wp-json\/wp\/v2\/categories?post=113738"},{"taxonomy":"post_tag","embeddable":true,"href":"https:\/\/www.europesays.com\/se\/wp-json\/wp\/v2\/tags?post=113738"}],"curies":[{"name":"wp","href":"https:\/\/api.w.org\/{rel}","templated":true}]}}