{"id":113748,"date":"2025-12-22T10:52:40","date_gmt":"2025-12-22T10:52:40","guid":{"rendered":"https:\/\/www.europesays.com\/se\/113748\/"},"modified":"2025-12-22T10:52:40","modified_gmt":"2025-12-22T10:52:40","slug":"ryskt-orlogsfartyg-och-oljerigg-bombade-i-kaspiska-havet-tva-ryska-su-27-bombade-pa-belbekflygbasen-pa-ockuperade-krym-cornucopia","status":"publish","type":"post","link":"https:\/\/www.europesays.com\/se\/113748\/","title":{"rendered":"Ryskt \u00f6rlogsfartyg och oljerigg bombade i Kaspiska Havet \u2013 tv\u00e5 ryska Su-27 bombade p\u00e5 Belbekflygbasen p\u00e5 ockuperade Krym \u2013 Cornucopia?"},"content":{"rendered":"<p>\t\t\t1.9K<\/p>\n<p>En rysk patrullb\u00e5t och en olje- och gasrigg i Kaspiska Havet har bombats av Ukraina. Tv\u00e5 ryska Su-27 jaktplan ska bombats p\u00e5 Belbekflygbasen p\u00e5 ockuperade Krym.<\/p>\n<p><img loading=\"lazy\" decoding=\"async\" width=\"2048\" height=\"1536\" src=\"https:\/\/www.europesays.com\/se\/wp-content\/uploads\/2025\/12\/ryssland_robotbat_rfs_geyser.jpg\" alt=\"\" class=\"wp-image-50551\"  \/>Det var inte en Nanutjkaklassens robotkorvett som bombades, men den f\u00e5r tillsammans med Kiloub\u00e5ten som syns i bakgrunden symbolisera veckans ryska \u00f6rlogsfartygsf\u00f6rluster.<\/p>\n<p><a href=\"https:\/\/cornucopia.se\/2022\/08\/organisationer-och-projekt-for-att-stodja-ukraina\/\" rel=\"nofollow noopener\" target=\"_blank\"><strong>Organisationer och projekt att st\u00f6dja f\u00f6r att hj\u00e4lpa Ukraina hittar du h\u00e4r<\/strong><\/a>.\u00a0<strong>Ditt st\u00f6d g\u00f6r verklig skillnad, r\u00e4ddar liv, st\u00f6der Ukrainas f\u00f6rsvar och hj\u00e4lper att besegra den fascistiska fundamentalistiska diktaturen Ryssland.<\/strong><\/p>\n<p>De ukrainska specialf\u00f6rbanden forts\u00e4tter operera runt Kaspiska Havet och <strong>en rysk patrullb\u00e5t Ochotnik-klassen ska bombats, samt en olje- och gasrigg<\/strong> meddelar specialf\u00f6rbandsledningen och <a href=\"https:\/\/www.facebook.com\/usofcom\/posts\/pfbid02hiG6m2XK15sfpR61gXvxCwG8TXoG2fTjcq5YzqfEayDCtFarZNoVkwethsUtx93pl?locale=uk_UA\" rel=\"nofollow noopener\" target=\"_blank\">har publicerat dr\u00f6narfoton p\u00e5 patrullb\u00e5ten<\/a>. <\/p>\n<p><img loading=\"lazy\" decoding=\"async\" width=\"2048\" height=\"1358\" src=\"https:\/\/www.europesays.com\/se\/wp-content\/uploads\/2025\/12\/spanien_gran_canaria_energi_olja_oljeriggar_borrskepp-2048x1358.jpeg\" alt=\"\" class=\"wp-image-146042\"  \/>Oljeriggar f\u00f6r djuphavsborrning, h\u00e4r i hamn p\u00e5 Gran Canaria.<\/p>\n<p>Oljeriggen ska tillh\u00f6ra Lukoil och anges som borrplattform, vilket g\u00f6r att jag kallar den f\u00f6r oljerigg. Allts\u00e5 en s\u00e5dan som borrar nya brunnar, inte utvinner fr\u00e5n redan borrade brunnar. En borrrigg \u00e4r till f\u00f6r att flyttas, en plattform \u00e4r till f\u00f6r att vara statisk. <\/p>\n<p>Det kan f\u00f6rst\u00e5s vara en olje- och gasplattform och inte en rigg och r\u00e5da spr\u00e5k- eller begreppsf\u00f6rbistring. <\/p>\n<p><img loading=\"lazy\" decoding=\"async\" width=\"2048\" height=\"1365\" src=\"https:\/\/www.europesays.com\/se\/wp-content\/uploads\/2025\/12\/grekland_olja_gas_fartyg_drillship.jpg\" alt=\"\" class=\"wp-image-109577\"  \/>En oljerigg p\u00e5 redden utanf\u00f6r grekiska Piraeus. Som man f\u00f6rst\u00e5r har denna typen sv\u00e5rt att flyttas p\u00e5 de inre ryska vattenv\u00e4garna till Kaspiska Havet. <\/p>\n<p>Faktum kvarst\u00e5r att bloggen inte l\u00e4ngre h\u00e5ller r\u00e4kningen p\u00e5 hur m\u00e5nga operationer som de ukrainska specialf\u00f6rbanden utf\u00f6rt i Kaspiska Havet eller de inre vattenv\u00e4garna n\u00e4rmast innanhavet.<\/p>\n<p><img loading=\"lazy\" decoding=\"async\" width=\"2048\" height=\"1642\" src=\"https:\/\/www.europesays.com\/se\/wp-content\/uploads\/2025\/12\/ukraina_sbu_olegda88.gmail_.com_-2048x1642.jpg\" alt=\"\" class=\"wp-image-156127\"  \/>Hej, det var fr\u00e5n st\u00f6rningsjouren. Vi tycker ert spetsflyg \u00e4r felparkerat. Foto: olegda88.gmail.com\/DepositPhotos<\/p>\n<p><strong>Den ukrainska s\u00e4kerhetstj\u00e4nsten SBU har bombat tv\u00e5 ryska Su-27 jaktplan p\u00e5 Belbekflygbasen p\u00e5 ockuperade Krym<\/strong> <a href=\"https:\/\/www.facebook.com\/SecurSerUkraine\/posts\/pfbid02TodoN83v4gDqBzUUTAQxJvo3ZpHr5ds87vvzigcQ5j9DFU62sAnUP8dVSLYi4Wvxl\" rel=\"nofollow noopener\" target=\"_blank\">rapporterar man p\u00e5 sin officiella Facebooksida<\/a>. Det ena flygplanet ska varit fyllt p\u00e5h\u00e4ngt med vapenlast och konstaterats totalf\u00f6rst\u00f6rt. Man ska \u00e4ven tr\u00e4ffat trafikledningstornet. <\/p>\n<p>Det \u00e4r andra attacken mot Belbek denna veckan d\u00e5 man slog ut tre radar inklusive f\u00f6r S-400 tungt luftv\u00e4rn, ett SA-22 Greyhound n\u00e4rskyddsluftv\u00e4rn och en Mig-31 den 18:e december.<\/p>\n<p><strong>Artikeln uppdateras. Vi diskuterar Rysslands krig i Ukraina, f\u00f6rsvar och n\u00e4rliggande \u00e4mnen h\u00e4r. Andra \u00e4mnen kan hanteras i andra artiklar, t ex morgonens ekonomiartikel i till\u00e4mpliga fall.\u00a0<\/strong><strong>Slava Ukraini! Heroiam slava! Razom do peremohi! Smert voroham!<\/strong><\/p>\n<p><img loading=\"lazy\" decoding=\"async\" width=\"1600\" height=\"1200\" src=\"https:\/\/www.europesays.com\/se\/wp-content\/uploads\/2025\/12\/ukraina_jul_jonas.jpg\" alt=\"\" class=\"wp-image-166410\"  \/>Julh\u00e4lsning fr\u00e5n Ukraina och Jonas senaste pickupleverans. Foto:\u00a0<a href=\"https:\/\/cornucopia.se\/2023\/12\/gastartikel-varfor-jag-hjalper-ukraina\/\" rel=\"nofollow noopener\" target=\"_blank\">Jonas<\/a>, st\u00f6d hans leveranser av pickuper och utrustning\u00a0direkt till frontf\u00f6rbanden\u00a0<a href=\"https:\/\/disarmamentsolutions.com\/ukraine\/donate\/jvm\" rel=\"nofollow noopener\" target=\"_blank\">via Disarmament Solutions<\/a>\u00a0eller\u00a0<a href=\"https:\/\/www.paypal.com\/paypalme\/jvmukraine\" rel=\"nofollow noopener\" target=\"_blank\">via Paypal<\/a>.\u00a0Se \u00e4ven\u00a0<a href=\"https:\/\/www.facebook.com\/jonas.matern\" rel=\"nofollow noopener\" target=\"_blank\">hans Facebook<\/a>\u00a0eller\u00a0<a href=\"https:\/\/bsky.app\/profile\/jvmukraine.bsky.social\" rel=\"nofollow noopener\" target=\"_blank\">Bluesky<\/a>.<\/p>\n<p><strong>15:03<\/strong> <a href=\"https:\/\/bsky.app\/profile\/slavaukrainisv.bsky.social\/post\/3mafpm6w3sk2c\" rel=\"nofollow noopener\" target=\"_blank\">Slava Ukraini Sverige tackar f\u00f6r donationerna i veckan<\/a>, som g\u00e5r till matkort f\u00f6r ukrainska flyktingar som \u00e4r t\u00e4nkta att inklusive allt \u00f6verleva p\u00e5 71:- SEK om dagen i Sverige. Man fick in 142 298:- SEK efter att bloggen uppm\u00e4rksammade att kassan var tom. St\u00f6rsta enskilda donationen var p\u00e5 10 000:- SEK.<\/p>\n<p><strong>Det \u00e4r julst\u00e4mning om n\u00e5got. <\/strong>Jag f\u00e5r pollenallergi pga den varma vintern.<\/p>\n<p><img loading=\"lazy\" decoding=\"async\" width=\"1600\" height=\"1200\" src=\"https:\/\/www.europesays.com\/se\/wp-content\/uploads\/2025\/12\/ukraina_jul_jonas_dronarnat.jpg\" alt=\"\" class=\"wp-image-166412\"  \/>Foto:\u00a0<a href=\"https:\/\/cornucopia.se\/2023\/12\/gastartikel-varfor-jag-hjalper-ukraina\/\" rel=\"nofollow noopener\" target=\"_blank\">Jonas<\/a>, st\u00f6d hans leveranser av pickuper och utrustning\u00a0direkt till frontf\u00f6rbanden\u00a0<a href=\"https:\/\/disarmamentsolutions.com\/ukraine\/donate\/jvm\" rel=\"nofollow noopener\" target=\"_blank\">via Disarmament Solutions<\/a>\u00a0eller\u00a0<a href=\"https:\/\/www.paypal.com\/paypalme\/jvmukraine\" rel=\"nofollow noopener\" target=\"_blank\">via Paypal<\/a>.\u00a0Se \u00e4ven\u00a0<a href=\"https:\/\/www.facebook.com\/jonas.matern\" rel=\"nofollow noopener\" target=\"_blank\">hans Facebook<\/a>\u00a0eller\u00a0<a href=\"https:\/\/bsky.app\/profile\/jvmukraine.bsky.social\" rel=\"nofollow noopener\" target=\"_blank\">Bluesky<\/a>.<\/p>\n<p><strong>15:08<\/strong> P\u00e5 tal om julst\u00e4mning har Jonas <a href=\"https:\/\/www.facebook.com\/jonas.matern\/posts\/pfbid035jukC3AfzeaDmKAY6G1g6jtm94G6gdVVvtUQvuSPQNcFAJHYZutYY8TwXNttehXCl\" rel=\"nofollow noopener\" target=\"_blank\">ett nytt inl\u00e4gg p\u00e5 Facebook om de 750 taktiska b\u00e5rar som han levererar<\/a>, vilka kan finansieras via ett JVM Medical kit.<\/p>\n<p><img loading=\"lazy\" decoding=\"async\" width=\"1600\" height=\"1066\" src=\"https:\/\/www.europesays.com\/se\/wp-content\/uploads\/2025\/12\/ukraina_taktiskbar_soldater_jonas.jpg\" alt=\"\" class=\"wp-image-166414\"  \/>Demonstration av en taktisk b\u00e5r Foto:\u00a0<a href=\"https:\/\/cornucopia.se\/2023\/12\/gastartikel-varfor-jag-hjalper-ukraina\/\" rel=\"nofollow noopener\" target=\"_blank\">Jonas<\/a>, st\u00f6d hans leveranser av pickuper och utrustning\u00a0direkt till frontf\u00f6rbanden\u00a0<a href=\"https:\/\/disarmamentsolutions.com\/ukraine\/donate\/jvm\" rel=\"nofollow noopener\" target=\"_blank\">via Disarmament Solutions<\/a>\u00a0eller\u00a0<a href=\"https:\/\/www.paypal.com\/paypalme\/jvmukraine\" rel=\"nofollow noopener\" target=\"_blank\">via Paypal<\/a>.\u00a0Se \u00e4ven\u00a0<a href=\"https:\/\/www.facebook.com\/jonas.matern\" rel=\"nofollow noopener\" target=\"_blank\">hans Facebook<\/a>\u00a0eller\u00a0<a href=\"https:\/\/bsky.app\/profile\/jvmukraine.bsky.social\" rel=\"nofollow noopener\" target=\"_blank\">Bluesky<\/a>.<\/p>\n<p>B\u00e5raran tillverkas i Ukraina och ser ungef\u00e4r ut som ihoprullade liggunderlag n\u00e4r de inte \u00e4r i bruk.<\/p>\n<p><img loading=\"lazy\" decoding=\"async\" width=\"1600\" height=\"1110\" src=\"https:\/\/www.europesays.com\/se\/wp-content\/uploads\/2025\/12\/ukraina_taktiskbar_jonas.jpg\" alt=\"\" class=\"wp-image-166415\"  \/>Razom do peremohi! En ihoprullad taktisk b\u00e5r. Foto:\u00a0<a href=\"https:\/\/cornucopia.se\/2023\/12\/gastartikel-varfor-jag-hjalper-ukraina\/\" rel=\"nofollow noopener\" target=\"_blank\">Jonas<\/a>, st\u00f6d hans leveranser av pickuper och utrustning\u00a0direkt till frontf\u00f6rbanden\u00a0<a href=\"https:\/\/disarmamentsolutions.com\/ukraine\/donate\/jvm\" rel=\"nofollow noopener\" target=\"_blank\">via Disarmament Solutions<\/a>\u00a0eller\u00a0<a href=\"https:\/\/www.paypal.com\/paypalme\/jvmukraine\" rel=\"nofollow noopener\" target=\"_blank\">via Paypal<\/a>.\u00a0Se \u00e4ven\u00a0<a href=\"https:\/\/www.facebook.com\/jonas.matern\" rel=\"nofollow noopener\" target=\"_blank\">hans Facebook<\/a>\u00a0eller\u00a0<a href=\"https:\/\/bsky.app\/profile\/jvmukraine.bsky.social\" rel=\"nofollow noopener\" target=\"_blank\">Bluesky<\/a>.<\/p>\n<p>Jonas skriver:<\/p>\n<blockquote class=\"wp-block-quote is-layout-flow wp-block-quote-is-layout-flow\">\n<p>\u201cB\u00e5rarna \u00e4r utvecklade i samarbete med milit\u00e4ra f\u00f6rband i Ukraina och tillverkas i Kyiv. De kostar bara en tredjedel av motsvarande modell i v\u00e4st, ca 1500 kr styck, och eftersom de tillverkas i Ukraina hj\u00e4lper vi \u00e4ven till med att stimulera den lokala ekonomin. Detta blir allt viktigare ju l\u00e4ngre kriget p\u00e5g\u00e5r!<br \/>K\u00f6p inte saker hemma i Sverige och frakta ner om det g\u00e5r att undvika. K\u00f6p det i Ukraina!\u201d<\/p>\n<\/blockquote>\n<p>Du finansierar Jonas leveranser direkt till frontf\u00f6rbanden utan mellanh\u00e4nder via via Paypal <a href=\"https:\/\/www.paypal.me\/jvmukraine?fbclid=IwYnJpZBExUjhtVlpJNllOeUhLMHhSWXNydGMGYXBwX2lkEDIyMjAzOTE3ODgyMDA4OTIAAR6g8cg5GGHXz2NBmT0eqLCS1nze8SlWGj1mu6EVd7tElwJn0MLl2jNAYcebQA&amp;brid=2j9dFn0fUw8cEOYqX8SXLQ\" target=\"_blank\" rel=\"noreferrer noopener nofollow\">https:\/\/www.paypal.me\/jvmukraine<\/a>, via <a href=\"https:\/\/www.facebook.com\/jonas.matern\/posts\/pfbid035jukC3AfzeaDmKAY6G1g6jtm94G6gdVVvtUQvuSPQNcFAJHYZutYY8TwXNttehXCl\" rel=\"nofollow noopener\" target=\"_blank\">Swish i inl\u00e4gget p\u00e5 Facebook<\/a> eller en JvM Medical Kit p\u00e5 <a href=\"https:\/\/disarmamentsolutions.com\/ukraine\/donate\/jvm\" rel=\"nofollow noopener\" target=\"_blank\">https:\/\/disarmamentsolutions.com\/ukraine\/donate\/jvm<\/a>, d\u00e4r f\u00f6retag kan betala mot faktura och man \u00e4ven f\u00e5r ett tackbrev fr\u00e5n Ukrainas ambassad i Stockholm att visa upp.<\/p>\n<p>Forts\u00e4tt sprida julst\u00e4mning och donera till st\u00f6d f\u00f6r Ukraina!<\/p>\n<p><strong>15:27<\/strong> <a href=\"https:\/\/www.politico.eu\/article\/hungary-viktor-orban-says-unsure-who-started-russia-ukraine-war\/\" rel=\"nofollow noopener\" target=\"_blank\">Ungerns korrumperade despot Orban sprider nu Putins l\u00f6gner fr\u00e5n i fredags<\/a> att det var Ukraina som startade kriget och att det allts\u00e5 \u00e4r Ukrainas fel att Ukraina \u00e4r invaderat, att Ryssland beg\u00e5r krigsbrott och att ukrainare v\u00e5ldtas, torteras, m\u00f6rdas och ukrainska barn kidnappas. <strong>Ungern \u00e4r en lydstat till Kreml.<\/strong><\/p>\n<p><strong>15:28<\/strong> En andra lydstat till Kreml ska f\u00e5 nya order i helgen d\u00e5 Putins man <a href=\"https:\/\/kyivindependent.com\/putin-envoy-dmitriev-heads-to-miami-for-talks-with-witkoff-kushner-as-u-s-pushes-ukraine-peace-plan-reuters-reports\/\" rel=\"nofollow noopener\" target=\"_blank\">Dmitriev ska leverera nya direktiv till den amerikanske despotens sv\u00e4rson och den ryss\u00e4ttlige fastighetsm\u00e4klaren Witkoff i Florida i helgen<\/a>. Det handlar om hur Ukraina ska kapitulera och det kallas \u201cf\u00f6rhandlingar\u201d n\u00e4r tv\u00e5 l\u00e4nder best\u00e4mmer hur ett tredje ska kapitulera. Dmitriev kallar de som inte vill att Ukraina ska kapitulera f\u00f6r \u201ckrigshetsare\u201d, men att i strid mot internationell r\u00e4tt invadera ett grannland och d\u00e4r beg\u00e5 krigsbrott, tortera, v\u00e5ldta och m\u00f6rda, samt j\u00e4mna hela st\u00e4der med marken \u00e4r allts\u00e5 inte \u201ckrigshets\u201d.<\/p>\n<p>F\u00f6r att f\u00f6rtydliga: Det finns bara en krigshetsare och en orsak till kriget och det \u00e4r Ryssland.<\/p>\n<p>KOMMENTAR<\/p>\n<p>Hjulet g\u00e5r runt ett varv till. Ryssland, Moskva, Kreml och Putin \u00e4r inte intresserade av fred, men varje g\u00e5ng man misslyckas med att f\u00e5 USA att tvinga fram en ukrainsk kapitulation upprepar man processen. Syftet \u00e4r att hindra USA fr\u00e5n att sk\u00e4rpa sanktioner eller st\u00f6dja Ukraina milit\u00e4rt genom att Kreml ska l\u00e5tsas vara fredsduvor. Varje g\u00e5ng g\u00e5r Trumpregimen p\u00e5 det pga chefens sviktande mentala f\u00f6rm\u00e5ga.<\/p>\n<p><strong>15:35<\/strong> Det g\u00e5r bra nu, Ryssland. <a href=\"https:\/\/bsky.app\/profile\/maks23.bsky.social\/post\/3magfxddr4s2x\" rel=\"nofollow noopener\" target=\"_blank\">Enligt en avlyssning fr\u00e5n Hur<\/a> har ryssarna b\u00f6rjat med kannibalism d\u00e5 rysk logistik inte klarar av att ge dem mat. Iofs r\u00e4tt logiskt \u2013 de ryska soldaternas enda funktion \u00e4r att d\u00f6, s\u00e5 varf\u00f6r l\u00e4gga resurser p\u00e5 att ge dem mat?<\/p>\n<p><strong>15:40<\/strong> Ukrainska 45:e artilleribrigaden har oks\u00e5 FPV-dr\u00f6nare och <a href=\"https:\/\/bsky.app\/profile\/militarynewsua.bsky.social\/post\/3mageukrvec2s\" rel=\"nofollow noopener\" target=\"_blank\">h\u00e4r \u00e4r en film p\u00e5 hur man sl\u00e5r ut ryska pansarfordoon och lastbilar<\/a>. Filmen \u00e4r ganska ny d\u00e5 det \u00e4r sn\u00f6.<\/p>\n<p><strong>15:42<\/strong> <a href=\"https:\/\/bsky.app\/profile\/maks23.bsky.social\/post\/3magesbs67222\" rel=\"nofollow noopener\" target=\"_blank\">H\u00e4r \u00e4r f\u00f6r \u00f6vrigt en film fr\u00e5n v\u00e4gen vid Dobropillija med brinnande ryska fyrhjulingar och en ukrainsk FPV-dr\u00f6nare som \u00e4r ute p\u00e5 jakt<\/a>. Den m\u00f6ter f\u00f6r \u00f6vrigt en kollega kort i filmen s\u00e5 det \u00e4r flera FPV:er som h\u00e4rjar l\u00e4ngs den sn\u00f6pudrade v\u00e4gen.<\/p>\n<p><img loading=\"lazy\" decoding=\"async\" width=\"2048\" height=\"894\" src=\"https:\/\/www.europesays.com\/se\/wp-content\/uploads\/2025\/12\/1766400759_488_mottagare-ua-hjalp-2048x894.png\" alt=\"\" class=\"wp-image-166397\"  \/>N\u00e5gra stillbilder ur tackfilmer via Lena Wilder\u00e4ng<\/p>\n<p><strong>16:43<\/strong> En f\u00f6rdel med den relativa arbetsro man f\u00e5r av att resa bort och slippa vardagsg\u00f6rmom\u00e5l via resan till Seychellerna \u00e4r att min fru <a href=\"https:\/\/cornucopia.se\/2025\/12\/gastartikel-senaste-hjalpleveranserna-till-ukraina\/\" rel=\"nofollow noopener\" target=\"_blank\">Lena hunnit skriva en rapport om h\u00f6stens och vinterns hj\u00e4lpinsatser fr\u00e5n hennes sida<\/a>. Detta \u00e4r kanske Lenas b\u00e4sta artikel hittills och <strong>obligatorisk l\u00e4sning<\/strong>, s\u00e5 <a href=\"https:\/\/cornucopia.se\/2025\/12\/gastartikel-senaste-hjalpleveranserna-till-ukraina\/\" rel=\"nofollow noopener\" target=\"_blank\">klicka h\u00e4r och l\u00e4s<\/a>.<\/p>\n<p>Artikeln \u00e4r ocks\u00e5 ett tack till alla er som donerat och donerar, eller st\u00f6der Ukraina p\u00e5 andra vis b\u00e5de i sm\u00e5tt och stort efter egna v\u00e4rldsliga eller ekonomiska f\u00f6ruts\u00e4ttningar. Ni som utg\u00f6r spjutskaftet till den ukrainska spjutspetsen.<\/p>\n<p><img loading=\"lazy\" decoding=\"async\" width=\"1170\" height=\"1160\" src=\"https:\/\/www.europesays.com\/se\/wp-content\/uploads\/2025\/12\/1766400759_419_pansar-sonderbranda.jpg\" alt=\"\" class=\"wp-image-166402\"  \/>Ukrainska stridsvagnsbes\u00e4ttning som \u00e4r n\u00f6jda, smutsiga och lagom br\u00e4nda. Varf\u00f6r? <a href=\"https:\/\/cornucopia.se\/2025\/12\/gastartikel-senaste-hjalpleveranserna-till-ukraina\/\" rel=\"nofollow noopener\" target=\"_blank\">Det f\u00e5r ni l\u00e4sa i Lenas artikel<\/a>.<\/p>\n<p><strong>16:59<\/strong> Lena rekommenderar <a href=\"https:\/\/www.thetimes.com\/comment\/columnists\/article\/sorry-ukraine-treated-you-shamefully-nslrszlbx\" rel=\"nofollow noopener\" target=\"_blank\">Edward Lucas kr\u00f6nika Sorry, Ukraine, we\u2019ve treated you shamefully hos brittiska The Times<\/a>. Det finns s\u00e5 m\u00e5nga bra citat i den, men man kan ju bara citera 3 \u2013 5 meningar. H\u00e4r \u00e4r ett stycke:<\/p>\n<blockquote class=\"wp-block-quote is-layout-flow wp-block-quote-is-layout-flow\">\n<p>\u201cThe more we displayed weakness, the more we encouraged Putin to keep going. Yes, the damage to Russia\u2019s economy is colossal, as are its casualties. But Putin won\u2019t stop until he is stopped. We won\u2019t do that. Perhaps you still can. We would appreciate that, because our own defence and deterrence, on current form, will not be ready for at least a decade.\u201d<\/p>\n<\/blockquote>\n<p>Det g\u00e5r att googla fram hela texten om man s\u00f6ker p\u00e5 \u201ctext\u201d och rubriken, om man inte prenumerar p\u00e5 The Times. Kr\u00f6nikan \u00e4r kanske en av de b\u00e4sta som skrivits om kriget i Ukraina och V\u00e4sts st\u00f6d.<\/p>\n<p><strong>18:05<\/strong> <a href=\"https:\/\/bsky.app\/profile\/maks23.bsky.social\/post\/3magiaepkx22d\" rel=\"nofollow noopener\" target=\"_blank\">Film p\u00e5 hur n\u00e5gra ryssar beg\u00e5r sj\u00e4lvmord genom att frontalanfalla<\/a> i l\u00e4tta fordon \u00f6ver kilometer med \u00f6ppen terr\u00e4ng rakt mot ukrainsk 110:e mekbrigadens linjer.<\/p>\n<p><img loading=\"lazy\" decoding=\"async\" width=\"2048\" height=\"1365\" src=\"https:\/\/www.europesays.com\/se\/wp-content\/uploads\/2025\/12\/hoganas_fartyg_kullen-2048x1365.jpg\" alt=\"\" class=\"wp-image-166457\"  \/>Fartyg p\u00e5 v\u00e4g in i \u00d6resund vid Kullen i H\u00f6gan\u00e4s. ADLER b\u00f6r ligga ungef\u00e4r h\u00e4r.<\/p>\n<p><strong>18:11<\/strong> Ryska tunga vapentransporten och rorofartyget ADLER har havererat utanf\u00f6r H\u00f6gan\u00e4s och ligger p\u00e5 svenskt vatten. Hon \u00e4r under sanktioner, s\u00e5 det ska bli intressant att se vad som h\u00e4nder h\u00e4rn\u00e4st. Inget f\u00f6retag b\u00f6r vilja hj\u00e4lpa henne pga sanktionerna och svenska staten ska knappast heller bist\u00e5 med detta. Skulle vara om hon f\u00e5r rysk hj\u00e4lp givet att det inte g\u00e5r att reparera p\u00e5 egen hand. Fartyget brukar anv\u00e4ndas f\u00f6r att leverera tunga vapensystem till Afrika.<\/p>\n<p>KOMMENTAR<\/p>\n<p>ADLER kan f\u00f6rmodas vara ett av de fartyg som har avtal med ryska milit\u00e4ren och kommer st\u00e5 f\u00f6r bulktransporter av invasionsstyrkor mot Sverige, d\u00e5 de ryska amfibiefartygen inte r\u00e4cker f\u00f6r annat \u00e4n att ta brohuvuden, om de \u00f6verlever det alls. \u00c4ven Sovjetunionens invasionsplaner mot Sverige byggde p\u00e5 bruk av civila fartyg f\u00f6r det mesta av transporterna.<\/p>\n<p><strong>18:47<\/strong> En ukriansk stridsvagn fr\u00e5n 24:e mekbrigaden <a href=\"https:\/\/bsky.app\/profile\/antongerashchenko.bsky.social\/post\/3magqllv7ak2p\" rel=\"nofollow noopener\" target=\"_blank\">j\u00e4mnar en betongbyggnad mer eller mindre med marken i Tjasiv Jar<\/a>, d\u00e4r tydligen det r\u00e5kar vara glest med ryska FPV:er vid tillf\u00e4llet.<\/p>\n<p><strong>18:52<\/strong> <a href=\"https:\/\/www.facebook.com\/GeneralStaff.ua\/posts\/pfbid036ndZ2ioNApzgBzWpESwWAeLFiXeCoE3mpB8Xu2LyroFT2iZJS98e5KyuGPjCqDF6l\" rel=\"nofollow noopener\" target=\"_blank\">Ryska f\u00f6rluster ig\u00e5r<\/a> blev sv\u00e5ra 1 090 man, mycket sv\u00e5ra 130 transportfordon, kraftiga 37 haubitsar, en ovanlig salvpj\u00e4s och en enhet s\u00e4rskild utrustning, samt endast ett pansarfordon.<\/p>\n","protected":false},"excerpt":{"rendered":"1.9K En rysk patrullb\u00e5t och en olje- och gasrigg i Kaspiska Havet har bombats av Ukraina. Tv\u00e5 ryska&hellip;\n","protected":false},"author":2,"featured_media":113749,"comment_status":"","ping_status":"","sticky":false,"template":"","format":"standard","meta":{"footnotes":""},"categories":[14],"tags":[22,23,26,27,17,21,24,25,28,29,15,16,18,34,31,33,32,30,19,20,51,52,53,54],"class_list":{"0":"post-113748","1":"post","2":"type-post","3":"status-publish","4":"format-standard","5":"has-post-thumbnail","7":"category-varlden","8":"tag-breaking-news","9":"tag-breakingnews","10":"tag-featured-news","11":"tag-featurednews","12":"tag-headlines","13":"tag-huvudnyheter","14":"tag-latest-news","15":"tag-latestnews","16":"tag-main-news","17":"tag-mainnews","18":"tag-news","19":"tag-nyheter","20":"tag-rubriker","21":"tag-se","22":"tag-svenska","23":"tag-sverige","24":"tag-sweden","25":"tag-swedish","26":"tag-top-stories","27":"tag-topstories","28":"tag-varlden","29":"tag-world","30":"tag-world-news","31":"tag-worldnews"},"share_on_mastodon":{"url":"https:\/\/pubeurope.com\/@se\/115762845878840227","error":""},"_links":{"self":[{"href":"https:\/\/www.europesays.com\/se\/wp-json\/wp\/v2\/posts\/113748","targetHints":{"allow":["GET"]}}],"collection":[{"href":"https:\/\/www.europesays.com\/se\/wp-json\/wp\/v2\/posts"}],"about":[{"href":"https:\/\/www.europesays.com\/se\/wp-json\/wp\/v2\/types\/post"}],"author":[{"embeddable":true,"href":"https:\/\/www.europesays.com\/se\/wp-json\/wp\/v2\/users\/2"}],"replies":[{"embeddable":true,"href":"https:\/\/www.europesays.com\/se\/wp-json\/wp\/v2\/comments?post=113748"}],"version-history":[{"count":0,"href":"https:\/\/www.europesays.com\/se\/wp-json\/wp\/v2\/posts\/113748\/revisions"}],"wp:featuredmedia":[{"embeddable":true,"href":"https:\/\/www.europesays.com\/se\/wp-json\/wp\/v2\/media\/113749"}],"wp:attachment":[{"href":"https:\/\/www.europesays.com\/se\/wp-json\/wp\/v2\/media?parent=113748"}],"wp:term":[{"taxonomy":"category","embeddable":true,"href":"https:\/\/www.europesays.com\/se\/wp-json\/wp\/v2\/categories?post=113748"},{"taxonomy":"post_tag","embeddable":true,"href":"https:\/\/www.europesays.com\/se\/wp-json\/wp\/v2\/tags?post=113748"}],"curies":[{"name":"wp","href":"https:\/\/api.w.org\/{rel}","templated":true}]}}