{"id":113760,"date":"2025-12-22T11:00:06","date_gmt":"2025-12-22T11:00:06","guid":{"rendered":"https:\/\/www.europesays.com\/se\/113760\/"},"modified":"2025-12-22T11:00:06","modified_gmt":"2025-12-22T11:00:06","slug":"beslut-om-att-lamna-ut-beslag-av-guld-och-platina","status":"publish","type":"post","link":"https:\/\/www.europesays.com\/se\/113760\/","title":{"rendered":"Beslut om att l\u00e4mna ut beslag av guld och platina"},"content":{"rendered":"<p class=\"preamble\">&#13;<br \/>\n            Polismyndigheten har beslutat att de guld- och platinatackor som l\u00e4mnades in till myndigheten i oktober 2023 ska l\u00e4mnas ut till Didder och Dadder AB och d\u00f6dsboet.&#13;\n        <\/p>\n<p>Bed\u00f6mningen \u00e4r att Didder och Dadder AB och d\u00f6dsboet visat sannolika sk\u00e4l att de \u00e4r \u00e4gare eller annan r\u00e4ttsinnehavare till godset.<\/p>\n<p>N\u00e4r Polismyndigheten i juni 2025 beslutade att inte l\u00e4mna ut godset var f\u00f6ruts\u00e4ttningarna annorlunda. D\u00e5 p\u00e5gick bland annat en process i tingsr\u00e4tten mellan parterna om vem som hade b\u00e4ttre r\u00e4tt till godset. Under de omst\u00e4ndigheterna bed\u00f6mdes det inte m\u00f6jligt att avg\u00f6ra en sannolik \u00e4gare.<\/p>\n<p>Det viktigt att p\u00e5peka att Polismyndigheten inte har haft till uppgift att avg\u00f6ra godset r\u00e4ttm\u00e4tige \u00e4gare utan att utifr\u00e5n de anspr\u00e5k som inkommit avg\u00f6ra om det finns tillr\u00e4ckliga grunder f\u00f6r att l\u00e4mna ut godset.<\/p>\n<p>Polismyndigheten har \u00e4ven tagit emot anspr\u00e5k fr\u00e5n konkursborgen\u00e4rerna efter Tammerfors Futures KB. Bed\u00f6mningen i denna del \u00e4r att de inte gjort sannolikt att de \u00e4r \u00e4gare eller annan r\u00e4ttsinnehavare.<\/p>\n<p>Bitr\u00e4dande polisomr\u00e5deschef i Storg\u00f6teborg, Olof Bjuremark kommer finnas tillg\u00e4nglig f\u00f6r fr\u00e5gor fr\u00e5n media p\u00e5 telefon 0722-17 46 34 klockan 13-14.\u00a0<\/p>\n<p>                <strong>&#13;<br \/>\n                    Pressmeddelande fr\u00e5n&#13;<br \/>\n                <\/strong><\/p>\n<p>&#13;<br \/>\n                    Polisen region V\u00e4st&#13;\n                <\/p>\n<p>&#13;<br \/>\n                    <strong>&#13;<br \/>\n                        Publicerad&#13;<br \/>\n                    <\/strong>&#13;<br \/>\n                    &#13;<br \/>\n                        22 december 2025 11.43&#13;<br \/>\n                    &#13;<br \/>\n                    <br \/>&#13;\n            <\/p>\n<p>        &#13;<br \/>\n    &#13;<br \/>\n    &#13;<\/p>\n","protected":false},"excerpt":{"rendered":"&#13; Polismyndigheten har beslutat att de guld- och platinatackor som l\u00e4mnades in till myndigheten i oktober 2023 ska&hellip;\n","protected":false},"author":2,"featured_media":54,"comment_status":"","ping_status":"","sticky":false,"template":"","format":"standard","meta":{"footnotes":""},"categories":[14],"tags":[22,23,26,27,17,21,24,25,28,29,15,16,18,34,31,33,32,30,19,20,51,52,53,54],"class_list":{"0":"post-113760","1":"post","2":"type-post","3":"status-publish","4":"format-standard","5":"has-post-thumbnail","7":"category-varlden","8":"tag-breaking-news","9":"tag-breakingnews","10":"tag-featured-news","11":"tag-featurednews","12":"tag-headlines","13":"tag-huvudnyheter","14":"tag-latest-news","15":"tag-latestnews","16":"tag-main-news","17":"tag-mainnews","18":"tag-news","19":"tag-nyheter","20":"tag-rubriker","21":"tag-se","22":"tag-svenska","23":"tag-sverige","24":"tag-sweden","25":"tag-swedish","26":"tag-top-stories","27":"tag-topstories","28":"tag-varlden","29":"tag-world","30":"tag-world-news","31":"tag-worldnews"},"share_on_mastodon":{"url":"https:\/\/pubeurope.com\/@se\/115762877178975347","error":""},"_links":{"self":[{"href":"https:\/\/www.europesays.com\/se\/wp-json\/wp\/v2\/posts\/113760","targetHints":{"allow":["GET"]}}],"collection":[{"href":"https:\/\/www.europesays.com\/se\/wp-json\/wp\/v2\/posts"}],"about":[{"href":"https:\/\/www.europesays.com\/se\/wp-json\/wp\/v2\/types\/post"}],"author":[{"embeddable":true,"href":"https:\/\/www.europesays.com\/se\/wp-json\/wp\/v2\/users\/2"}],"replies":[{"embeddable":true,"href":"https:\/\/www.europesays.com\/se\/wp-json\/wp\/v2\/comments?post=113760"}],"version-history":[{"count":0,"href":"https:\/\/www.europesays.com\/se\/wp-json\/wp\/v2\/posts\/113760\/revisions"}],"wp:featuredmedia":[{"embeddable":true,"href":"https:\/\/www.europesays.com\/se\/wp-json\/wp\/v2\/media\/54"}],"wp:attachment":[{"href":"https:\/\/www.europesays.com\/se\/wp-json\/wp\/v2\/media?parent=113760"}],"wp:term":[{"taxonomy":"category","embeddable":true,"href":"https:\/\/www.europesays.com\/se\/wp-json\/wp\/v2\/categories?post=113760"},{"taxonomy":"post_tag","embeddable":true,"href":"https:\/\/www.europesays.com\/se\/wp-json\/wp\/v2\/tags?post=113760"}],"curies":[{"name":"wp","href":"https:\/\/api.w.org\/{rel}","templated":true}]}}