{"id":113811,"date":"2025-12-22T12:01:09","date_gmt":"2025-12-22T12:01:09","guid":{"rendered":"https:\/\/www.europesays.com\/se\/113811\/"},"modified":"2025-12-22T12:01:09","modified_gmt":"2025-12-22T12:01:09","slug":"nara-hundra-magsjuka-efter-julbord-pa-oland","status":"publish","type":"post","link":"https:\/\/www.europesays.com\/se\/113811\/","title":{"rendered":"N\u00e4ra hundra magsjuka efter julbord p\u00e5 \u00d6land"},"content":{"rendered":"<p>Minst 89 personer har blivit magsjuka efter att ha \u00e4tit julbord p\u00e5 en restaurang p\u00e5 \u00d6land, skriver Barometern. Enligt Katarina Proos Vedin, livsmedelsinspekt\u00f6r p\u00e5 M\u00f6rbyl\u00e5nga kommun, handlar det troligen om vinterkr\u00e4ksjuka.<\/p>\n<p>Totalt ska \u00f6ver 3\u202f000 personer ha \u00e4tit julbord p\u00e5 restaurangen som har h\u00e5llit st\u00e4ngt men \u00f6ppnat p\u00e5 nytt under m\u00e5ndagen efter sanering. <\/p>\n<p>Omni \u00e4r politiskt obundna och oberoende. Vi str\u00e4var efter att ge fler perspektiv p\u00e5 nyheterna. Har du fr\u00e5gor eller synpunkter kring v\u00e5r rapportering? <a href=\"https:\/\/omni.se\/nara-hundra-magsjuka-efter-julbord-pa-oland\/a\/mailto:redaktion@omni.se\" class=\"ArticleActions_contactLink__W2F1M\" rel=\"nofollow noopener\" target=\"_blank\">Kontakta redaktionen<\/a><\/p>\n","protected":false},"excerpt":{"rendered":"Minst 89 personer har blivit magsjuka efter att ha \u00e4tit julbord p\u00e5 en restaurang p\u00e5 \u00d6land, skriver Barometern.&hellip;\n","protected":false},"author":2,"featured_media":113812,"comment_status":"","ping_status":"","sticky":false,"template":"","format":"standard","meta":{"footnotes":""},"categories":[65],"tags":[72,70,71,1335,12409,2232,34,31,33,32,30],"class_list":{"0":"post-113811","1":"post","2":"type-post","3":"status-publish","4":"format-standard","5":"has-post-thumbnail","7":"category-ekonomi","8":"tag-business","9":"tag-economy","10":"tag-ekonomi","11":"tag-kalmar-lan","12":"tag-morbylanga","13":"tag-oland","14":"tag-se","15":"tag-svenska","16":"tag-sverige","17":"tag-sweden","18":"tag-swedish"},"share_on_mastodon":{"url":"https:\/\/pubeurope.com\/@se\/115763117014072320","error":""},"_links":{"self":[{"href":"https:\/\/www.europesays.com\/se\/wp-json\/wp\/v2\/posts\/113811","targetHints":{"allow":["GET"]}}],"collection":[{"href":"https:\/\/www.europesays.com\/se\/wp-json\/wp\/v2\/posts"}],"about":[{"href":"https:\/\/www.europesays.com\/se\/wp-json\/wp\/v2\/types\/post"}],"author":[{"embeddable":true,"href":"https:\/\/www.europesays.com\/se\/wp-json\/wp\/v2\/users\/2"}],"replies":[{"embeddable":true,"href":"https:\/\/www.europesays.com\/se\/wp-json\/wp\/v2\/comments?post=113811"}],"version-history":[{"count":0,"href":"https:\/\/www.europesays.com\/se\/wp-json\/wp\/v2\/posts\/113811\/revisions"}],"wp:featuredmedia":[{"embeddable":true,"href":"https:\/\/www.europesays.com\/se\/wp-json\/wp\/v2\/media\/113812"}],"wp:attachment":[{"href":"https:\/\/www.europesays.com\/se\/wp-json\/wp\/v2\/media?parent=113811"}],"wp:term":[{"taxonomy":"category","embeddable":true,"href":"https:\/\/www.europesays.com\/se\/wp-json\/wp\/v2\/categories?post=113811"},{"taxonomy":"post_tag","embeddable":true,"href":"https:\/\/www.europesays.com\/se\/wp-json\/wp\/v2\/tags?post=113811"}],"curies":[{"name":"wp","href":"https:\/\/api.w.org\/{rel}","templated":true}]}}