{"id":113832,"date":"2025-12-22T12:23:11","date_gmt":"2025-12-22T12:23:11","guid":{"rendered":"https:\/\/www.europesays.com\/se\/113832\/"},"modified":"2025-12-22T12:23:11","modified_gmt":"2025-12-22T12:23:11","slug":"erik-24-atalas-for-grova-misshandeln","status":"publish","type":"post","link":"https:\/\/www.europesays.com\/se\/113832\/","title":{"rendered":"Erik, 24, \u00e5talas f\u00f6r grova misshandeln"},"content":{"rendered":"<p>Publicerad 22 dec 2025 kl 12.26Uppdaterad kl 12.28<\/p>\n<p>Attackerar kvinna i hiss \u2013 grova misshandeln f\u00e5ngas p\u00e5 film<\/p>\n<p>Eric Christian Diaz Hernandez fick sitt pass beslagtaget. Han greps p\u00e5 plats, men har sedan dess sl\u00e4ppts. En kamera installerad i hissen f\u00e5ngade \u00f6verfallet. Videon visar att kvinnan, p\u00e5 bara 19 sekunder, tr\u00e4ffades med mer \u00e4n 20 slag i ansiktet och huvudet. <\/p>\n<p>            <a href=\"mailto:webbrattelse@expressen.se?subject=Fel%20i%20artikel%3A%20Eric%2C%2024%2C%20%C3%A5talas%20%E2%80%93%20sl%C3%A5r%2020%20slag%20p%C3%A5%2019%20sekunder&amp;body=En%20l%C3%A4sare%20rapporterar%20fel%20i%20https%3A%2F%2Fwww.expressen.se%2Ftv%2Fnyheter%2Fvarlden%2Feric-24-atalas-slar-20-slag-pa-19-sekunder%2F%0A%0AKommentar%3A%20\"><br \/>\n              Anm\u00e4l text- och faktafel<br \/>\n            <\/a><a href=\"https:\/\/www.expressen.se\/om-expressen\/sa-jobbar-vi-med-korrekta-publiceringar\/\" rel=\"nofollow noopener\" target=\"_blank\">V\u00e5ra kvalitetsrutiner<\/a><\/p>\n","protected":false},"excerpt":{"rendered":"Publicerad 22 dec 2025 kl 12.26Uppdaterad kl 12.28 Attackerar kvinna i hiss \u2013 grova misshandeln f\u00e5ngas p\u00e5 film&hellip;\n","protected":false},"author":2,"featured_media":319,"comment_status":"","ping_status":"","sticky":false,"template":"","format":"standard","meta":{"footnotes":""},"categories":[67],"tags":[104,4340,34,2077,55,31,33,32,30,1496,105],"class_list":{"0":"post-113832","1":"post","2":"type-post","3":"status-publish","4":"format-standard","5":"has-post-thumbnail","7":"category-underhallning","8":"tag-entertainment","9":"tag-location-brasilien","10":"tag-se","11":"tag-sections-nyheter","12":"tag-sections-varlden","13":"tag-svenska","14":"tag-sverige","15":"tag-sweden","16":"tag-swedish","17":"tag-topic-misshandel-overfall","18":"tag-underhallning"},"share_on_mastodon":{"url":"https:\/\/pubeurope.com\/@se\/115763203485037706","error":""},"_links":{"self":[{"href":"https:\/\/www.europesays.com\/se\/wp-json\/wp\/v2\/posts\/113832","targetHints":{"allow":["GET"]}}],"collection":[{"href":"https:\/\/www.europesays.com\/se\/wp-json\/wp\/v2\/posts"}],"about":[{"href":"https:\/\/www.europesays.com\/se\/wp-json\/wp\/v2\/types\/post"}],"author":[{"embeddable":true,"href":"https:\/\/www.europesays.com\/se\/wp-json\/wp\/v2\/users\/2"}],"replies":[{"embeddable":true,"href":"https:\/\/www.europesays.com\/se\/wp-json\/wp\/v2\/comments?post=113832"}],"version-history":[{"count":0,"href":"https:\/\/www.europesays.com\/se\/wp-json\/wp\/v2\/posts\/113832\/revisions"}],"wp:featuredmedia":[{"embeddable":true,"href":"https:\/\/www.europesays.com\/se\/wp-json\/wp\/v2\/media\/319"}],"wp:attachment":[{"href":"https:\/\/www.europesays.com\/se\/wp-json\/wp\/v2\/media?parent=113832"}],"wp:term":[{"taxonomy":"category","embeddable":true,"href":"https:\/\/www.europesays.com\/se\/wp-json\/wp\/v2\/categories?post=113832"},{"taxonomy":"post_tag","embeddable":true,"href":"https:\/\/www.europesays.com\/se\/wp-json\/wp\/v2\/tags?post=113832"}],"curies":[{"name":"wp","href":"https:\/\/api.w.org\/{rel}","templated":true}]}}