{"id":113835,"date":"2025-12-22T12:26:09","date_gmt":"2025-12-22T12:26:09","guid":{"rendered":"https:\/\/www.europesays.com\/se\/113835\/"},"modified":"2025-12-22T12:26:09","modified_gmt":"2025-12-22T12:26:09","slug":"en-person-haktad-misstankt-for-synnerligen-grovt-narkotikabrott-och-grovt-penningtvattbrott","status":"publish","type":"post","link":"https:\/\/www.europesays.com\/se\/113835\/","title":{"rendered":"En person h\u00e4ktad misst\u00e4nkt f\u00f6r synnerligen grovt narkotikabrott och grovt penningtv\u00e4ttbrott"},"content":{"rendered":"<p>            &#13;<br \/>\n                &#13;<br \/>\n                &#13;<br \/>\n                &#13;<br \/>\n                &#13;<br \/>\n                <img decoding=\"async\" src=\"https:\/\/www.europesays.com\/se\/wp-content\/uploads\/2025\/12\/1766406369_369_\" alt=\"Beslagtagna kontanter.\" width=\"1170\" height=\"780\" loading=\"lazy\"\/>&#13;<\/p>\n<p class=\"image-info\">&#13;<br \/>\n            Beslagtagna kontanter. &#13;\n        <\/p>\n<p class=\"preamble\">&#13;<br \/>\n            En person har beg\u00e4rts h\u00e4ktad misst\u00e4nkt f\u00f6r synnerligen grovt narkotikabrott och grovt penningtv\u00e4ttbrott. I samband med insatsen genomf\u00f6rdes husrannsakningar i b\u00e5de Sverige och Kosovo d\u00e4r betydande tillg\u00e5ngar och kontanter beslagtogs.&#13;\n        <\/p>\n<p>Mannen greps i G\u00f6teborgsomr\u00e5det under torsdagen i samband med ett tillslag inom OB-satsningen, en myndighetsgemensam insats mot organiserad brottslighet. Han \u00e4r nu h\u00e4ktad misst\u00e4nkt f\u00f6r synnerligen grovt narkotikabrott och grovt penningtv\u00e4ttbrott. Parallellt genomf\u00f6rdes husrannsakningar i Kosovo d\u00e4r betydande tillg\u00e5ngar och kontanter beslagtogs med st\u00f6d av lokal polis och \u00e5klagare.<\/p>\n<p>I samband med insatsen s\u00e4krades omfattande tillg\u00e5ngar. I Kosovo togs bland annat fastigheter, kontanter och ett fordon i beslag. \u00c4ven i Sverige har v\u00e4rdef\u00f6rem\u00e5l och digitala underlag s\u00e4krats, vilket m\u00f6jligg\u00f6r fortsatta utrednings\u00e5tg\u00e4rder och f\u00f6rdjupade analyser av ekonomiska fl\u00f6den.<\/p>\n<p>Den koordinerade operationen i Kosovo genomf\u00f6rdes i n\u00e4ra samarbete med Kosovos s\u00e4rskilda \u00e5klagarmyndighet. Samarbetet har varit avg\u00f6rande f\u00f6r att m\u00f6jligg\u00f6ra de beslag som gjorts i landet.<\/p>\n<p>\u2013 Vi \u00e4r offensiva i arbetet med f\u00f6rverkande och anv\u00e4nder den nya lagstiftningen f\u00f6r att komma \u00e5t tillg\u00e5ngar \u00e4ven utomlands. I det h\u00e4r \u00e4rendet har vi bland annat s\u00e4krat fastigheter, kontanter och ett fordon i Kosovo, s\u00e4ger stats\u00e5klagare Daniel Larson vid Ekobrottsmyndigheten.<\/p>\n<p>Torsdagens ingripande \u00e4r resultatet av en l\u00e4ngre utredning inom OB\u2011satsningen, d\u00e4r flera myndigheter samarbetat f\u00f6r att st\u00f6ra och sl\u00e5 mot organiserad brottslighet. Syftet har varit att begr\u00e4nsa m\u00f6jligheterna att organisera grov brottslighet och att f\u00f6rverka de brottsvinster som genererats, b\u00e5de i Sverige och utomlands.<\/p>\n<p>\u2013 Brott ska inte l\u00f6na sig, och det spelar ingen roll om man f\u00f6rs\u00f6ker g\u00f6mma brottsvinsterna utomlands. Vi hittar dem \u00e4nd\u00e5 \u2013 och v\u00e5rt m\u00e5l \u00e4r att f\u00f6rverka dem, s\u00e4ger Tomas Stakeberg Jansson, chef vid polisen i region V\u00e4st.<\/p>\n<p>F\u00f6runders\u00f6kningarna leds av stats\u00e5klagarna H\u00e5kan Larsson vid Riksenheten mot internationell och organiserad brottslighet och Daniel Larson vid Ekobrottsmyndigheten.<\/p>\n<p>&#13;<br \/>\n                    <strong>&#13;<br \/>\n                        Publicerad&#13;<br \/>\n                    <\/strong>&#13;<br \/>\n                    &#13;<br \/>\n                        22 december 2025 12.57&#13;<br \/>\n                    &#13;<br \/>\n                    <br \/>&#13;\n            <\/p>\n<p>        &#13;<br \/>\n    &#13;<br \/>\n    &#13;<\/p>\n","protected":false},"excerpt":{"rendered":"&#13; &#13; &#13; &#13; &#13; &#13; &#13; Beslagtagna kontanter. &#13; &#13; En person har beg\u00e4rts h\u00e4ktad misst\u00e4nkt f\u00f6r&hellip;\n","protected":false},"author":2,"featured_media":54,"comment_status":"","ping_status":"","sticky":false,"template":"","format":"standard","meta":{"footnotes":""},"categories":[14],"tags":[22,23,26,27,17,21,24,25,28,29,15,16,18,34,31,33,32,30,19,20,51,52,53,54],"class_list":{"0":"post-113835","1":"post","2":"type-post","3":"status-publish","4":"format-standard","5":"has-post-thumbnail","7":"category-varlden","8":"tag-breaking-news","9":"tag-breakingnews","10":"tag-featured-news","11":"tag-featurednews","12":"tag-headlines","13":"tag-huvudnyheter","14":"tag-latest-news","15":"tag-latestnews","16":"tag-main-news","17":"tag-mainnews","18":"tag-news","19":"tag-nyheter","20":"tag-rubriker","21":"tag-se","22":"tag-svenska","23":"tag-sverige","24":"tag-sweden","25":"tag-swedish","26":"tag-top-stories","27":"tag-topstories","28":"tag-varlden","29":"tag-world","30":"tag-world-news","31":"tag-worldnews"},"share_on_mastodon":{"url":"https:\/\/pubeurope.com\/@se\/115763215471791847","error":""},"_links":{"self":[{"href":"https:\/\/www.europesays.com\/se\/wp-json\/wp\/v2\/posts\/113835","targetHints":{"allow":["GET"]}}],"collection":[{"href":"https:\/\/www.europesays.com\/se\/wp-json\/wp\/v2\/posts"}],"about":[{"href":"https:\/\/www.europesays.com\/se\/wp-json\/wp\/v2\/types\/post"}],"author":[{"embeddable":true,"href":"https:\/\/www.europesays.com\/se\/wp-json\/wp\/v2\/users\/2"}],"replies":[{"embeddable":true,"href":"https:\/\/www.europesays.com\/se\/wp-json\/wp\/v2\/comments?post=113835"}],"version-history":[{"count":0,"href":"https:\/\/www.europesays.com\/se\/wp-json\/wp\/v2\/posts\/113835\/revisions"}],"wp:featuredmedia":[{"embeddable":true,"href":"https:\/\/www.europesays.com\/se\/wp-json\/wp\/v2\/media\/54"}],"wp:attachment":[{"href":"https:\/\/www.europesays.com\/se\/wp-json\/wp\/v2\/media?parent=113835"}],"wp:term":[{"taxonomy":"category","embeddable":true,"href":"https:\/\/www.europesays.com\/se\/wp-json\/wp\/v2\/categories?post=113835"},{"taxonomy":"post_tag","embeddable":true,"href":"https:\/\/www.europesays.com\/se\/wp-json\/wp\/v2\/tags?post=113835"}],"curies":[{"name":"wp","href":"https:\/\/api.w.org\/{rel}","templated":true}]}}