{"id":113836,"date":"2025-12-22T12:27:11","date_gmt":"2025-12-22T12:27:11","guid":{"rendered":"https:\/\/www.europesays.com\/se\/113836\/"},"modified":"2025-12-22T12:27:11","modified_gmt":"2025-12-22T12:27:11","slug":"bil-har-voltat-pa-ekero-trafik-och-vader-i-jul-2025-folj-senaste-nytt-svt-nyheter","status":"publish","type":"post","link":"https:\/\/www.europesays.com\/se\/113836\/","title":{"rendered":"Bil har voltat p\u00e5 Eker\u00f6 \u2013 Trafik och v\u00e4der i jul 2025 \u2013 f\u00f6lj senaste nytt &#8211; SVT Nyheter"},"content":{"rendered":"<ol>\n<li><a href=\"https:\/\/news.google.com\/rss\/articles\/CBMivAFBVV95cUxPN0drUVY4dHlGV0dwSkF4VWhyT2JoUEtqSlJtMy1KeFppZ3FWcktjR1VsbFNvaHV2Qmt4dzdfeTZ4V09BVVB3SWNfOGVvU0Q1RE9oOGc3c0lDQmZjZnRGTDFMREtzZzlEWkpWOHdqc2RYZWd5VU9rR1hOTllPUXF0V1J1a2ZnaFRUVExxbDE2ZFBSd3FXcklwVzBmdGFtcTltamFDdXNRS2dHdnZuVXdiY2hBNS1CWjB4Y1JuVg?oc=5\" target=\"_blank\" rel=\"nofollow noopener\">Bil har voltat p\u00e5 Eker\u00f6 \u2013 Trafik och v\u00e4der i jul 2025 \u2013 f\u00f6lj senaste nytt<\/a>&nbsp;&nbsp;SVT Nyheter<\/li>\n<li><a href=\"https:\/\/news.google.com\/rss\/articles\/CBMiekFVX3lxTE5uZ0xldk9zempkY2YxRUpGTGtDLTRQelh5ajdpOEdvVTZqMkdhY043RE9BT1NuSGkzdFlpa1RMYkFpbkx3SGRJeGc3T01uMWVQWlpGemFCN01XM1BXVG9ZMHNhd0I3Q0lyOXpqR29xdEdKYlhzMlVMUDhn?oc=5\" target=\"_blank\" rel=\"nofollow noopener\">Vinden har v\u00e4nt \u2013 sn\u00f6hoppet lever inf\u00f6r jul<\/a>&nbsp;&nbsp;Aftonbladet<\/li>\n<li><a href=\"https:\/\/news.google.com\/rss\/articles\/CBMiuAFBVV95cUxPMXN2MDRIZUpDU29NRktoeFVPX3h3QXJqYmJ3MU1HT1lxTG0tMFMwcF9HdWhNQTZOTktQY05wQXI2RXlZaTdUbHdNMXdjb0lLNmowRG1pcFR4MzAyZ3VIeFNCeTF3Y0dlREsyNjBFLUJKR2NvZGZIRTB2YmVXbHB6OXZDRkFIZkRacnVBYlozRVJQcFR2UjFqNnJXVmFyMDJ2MGlQVV9qTHhUcjdEZWg5ZG9mQU42aXBR?oc=5\" target=\"_blank\" rel=\"nofollow noopener\">S\u00e5 blir v\u00e4dret p\u00e5 julafton: H\u00e4r kan det sl\u00e5 om med 30 grader<\/a>&nbsp;&nbsp;TV4 Nyheterna<\/li>\n<li><a href=\"https:\/\/news.google.com\/rss\/articles\/CBMimAFBVV95cUxPNlhCbVZraV9Dd1JEX0JyWkdjNlN5akZ0RlRCRWk5WmJnZTA5LTdCSTNUcTI5eVJnZ3RHZ0F3M1hjdEIwbUVjX1dRd1pITW1pWjJEQjh6eXVGQUQ2dHFtRXd3V2lXV0gwVUNLMWNDZy1MRWd6Zlh2THVlQndlNGdEUHFQVHROOXBWWUp5d2h5OEFIdW04ZWtlVA?oc=5\" target=\"_blank\" rel=\"nofollow noopener\">Stort skifte drar in \u00f6ver Sverige \u2013 fr\u00e5n ishavet<\/a>&nbsp;&nbsp;Expressen<\/li>\n<li><a href=\"https:\/\/news.google.com\/rss\/articles\/CBMivAFBVV95cUxQUzRyUFRGNUVyYmJuelF0RVUyQ3ZOaWtFdFlUOUJQX1hubjlFT1NkaU1HQVdHX3VnangxMlVJT0tvb0UwZ1JFdWpTYTNpT0E3dC1VbHFtYUhTWERmVUxfVndCcXdKMWpjSUsxN242UjFxd0FCZmZ4YzBQb19JZ1EycEFhWnVWWG1Qamx2cURFUWNxRXpETGdSemw0d2p1YlVmMWF0VkZVam5sNU84NExHYUdQTGVBbzZ6QkRpcQ?oc=5\" target=\"_blank\" rel=\"nofollow noopener\">Kallare i G\u00f6teborg \u00e4n i Ume\u00e5 \u2013 s\u00e5 blir v\u00e4dret i jul 2025<\/a>&nbsp;&nbsp;GP<\/li>\n<\/ol>\n","protected":false},"excerpt":{"rendered":"Bil har voltat p\u00e5 Eker\u00f6 \u2013 Trafik och v\u00e4der i jul 2025 \u2013 f\u00f6lj senaste nytt&nbsp;&nbsp;SVT Nyheter Vinden&hellip;\n","protected":false},"author":2,"featured_media":113683,"comment_status":"","ping_status":"","sticky":false,"template":"","format":"standard","meta":{"footnotes":""},"categories":[12],"tags":[22,23,26,27,17,21,24,25,28,29,15,16,18,34,31,33,32,30,19,20],"class_list":{"0":"post-113836","1":"post","2":"type-post","3":"status-publish","4":"format-standard","5":"has-post-thumbnail","7":"category-sverige","8":"tag-breaking-news","9":"tag-breakingnews","10":"tag-featured-news","11":"tag-featurednews","12":"tag-headlines","13":"tag-huvudnyheter","14":"tag-latest-news","15":"tag-latestnews","16":"tag-main-news","17":"tag-mainnews","18":"tag-news","19":"tag-nyheter","20":"tag-rubriker","21":"tag-se","22":"tag-svenska","23":"tag-sverige","24":"tag-sweden","25":"tag-swedish","26":"tag-top-stories","27":"tag-topstories"},"share_on_mastodon":{"url":"https:\/\/pubeurope.com\/@se\/115763219247721501","error":""},"_links":{"self":[{"href":"https:\/\/www.europesays.com\/se\/wp-json\/wp\/v2\/posts\/113836","targetHints":{"allow":["GET"]}}],"collection":[{"href":"https:\/\/www.europesays.com\/se\/wp-json\/wp\/v2\/posts"}],"about":[{"href":"https:\/\/www.europesays.com\/se\/wp-json\/wp\/v2\/types\/post"}],"author":[{"embeddable":true,"href":"https:\/\/www.europesays.com\/se\/wp-json\/wp\/v2\/users\/2"}],"replies":[{"embeddable":true,"href":"https:\/\/www.europesays.com\/se\/wp-json\/wp\/v2\/comments?post=113836"}],"version-history":[{"count":0,"href":"https:\/\/www.europesays.com\/se\/wp-json\/wp\/v2\/posts\/113836\/revisions"}],"wp:featuredmedia":[{"embeddable":true,"href":"https:\/\/www.europesays.com\/se\/wp-json\/wp\/v2\/media\/113683"}],"wp:attachment":[{"href":"https:\/\/www.europesays.com\/se\/wp-json\/wp\/v2\/media?parent=113836"}],"wp:term":[{"taxonomy":"category","embeddable":true,"href":"https:\/\/www.europesays.com\/se\/wp-json\/wp\/v2\/categories?post=113836"},{"taxonomy":"post_tag","embeddable":true,"href":"https:\/\/www.europesays.com\/se\/wp-json\/wp\/v2\/tags?post=113836"}],"curies":[{"name":"wp","href":"https:\/\/api.w.org\/{rel}","templated":true}]}}