{"id":113837,"date":"2025-12-22T12:28:15","date_gmt":"2025-12-22T12:28:15","guid":{"rendered":"https:\/\/www.europesays.com\/se\/113837\/"},"modified":"2025-12-22T12:28:15","modified_gmt":"2025-12-22T12:28:15","slug":"polisen-lamnar-ut-omstridda-jlc-guldet","status":"publish","type":"post","link":"https:\/\/www.europesays.com\/se\/113837\/","title":{"rendered":"Polisen l\u00e4mnar ut omstridda JLC-guldet"},"content":{"rendered":"<p class=\"boxtextgrotesk-root_baa6 hyperion-css-7pajle\">Uppdaterad 12.33 | Publicerad 12.19<\/p>\n<p>share-arrowDela<\/p>\n<p>unsaveSpara<\/p>\n<p>expand-left<\/p>\n<p>helsk\u00e4rm<img decoding=\"async\" class=\"image-asset hyperion-css-u06ts1\" data-test-tag=\"image-asset\" src=\"https:\/\/www.europesays.com\/se\/wp-content\/uploads\/2025\/12\/9ace6a17-4615-41fa-8571-0f85f3196295\"  alt=\"Guld\u00e4garen Lucas Simonsson. Arkivbild.\"  loading=\"eager\" fetchpriority=\"high\" style=\"aspect-ratio:1900 \/ 1313\"\/>Guld\u00e4garen Lucas Simonsson. Arkivbild. Foto: Stefan Jerrev\u00e5ng\/TT<\/p>\n<p class=\"hyperion-css-1shl3oz\" data-test-tag=\"lead-text\">Polisen har beslutat att l\u00e4mna ut det s\u00e5 kallade JLC-guldet.<\/p>\n<p class=\"hyperion-css-1v9qo5x\">Efter tv\u00e5 \u00e5rs tvistande kom i november medlemmarna i humorgruppen JLC \u00f6verens med d\u00f6dsboet efter en tidigare hus\u00e4gare om att f\u00f6rdela guld- och platinatackorna r\u00e4ttvist mellan sig.<\/p>\n<p class=\"hyperion-css-1v9qo5x\">Trots detta har har polisen tidigare inte kunnat svara p\u00e5 om guldet skulle l\u00e4mnas ut.<\/p>\n<p class=\"hyperion-css-1v9qo5x\">\u201dDet viktigt att p\u00e5peka att Polismyndigheten inte har haft till uppgift att avg\u00f6ra godset r\u00e4ttm\u00e4tige \u00e4gare utan att utifr\u00e5n de anspr\u00e5k som inkommit avg\u00f6ra om det finns tillr\u00e4ckliga grunder f\u00f6r att l\u00e4mna ut godset\u201d, skriver polisen i ett pressmeddelande.<\/p>\n<p class=\"hyperion-css-1v9qo5x\">F\u00f6rra veckan avslog H\u00f6gsta domstolen anspr\u00e5ken fr\u00e5n en grupp pension\u00e4rer som p\u00e5stod att guldet kommer fr\u00e5n en ekobrottsh\u00e4rva p\u00e5 1990-talet.<\/p>\n<p class=\"hyperion-css-1v9qo5x\">Det var h\u00f6sten 2023 som tv\u00e5 hantverkare gjorde fyndet n\u00e4r de skulle renovera huset i M\u00f6lndal, som k\u00f6pts av Carl D\u00e9man och Lucas Simonsson fr\u00e5n JLC. Sedan dess har flera parter varit inblandade i striden om guldskatten.<\/p>\n","protected":false},"excerpt":{"rendered":"Uppdaterad 12.33 | Publicerad 12.19 share-arrowDela unsaveSpara expand-left helsk\u00e4rmGuld\u00e4garen Lucas Simonsson. Arkivbild. Foto: Stefan Jerrev\u00e5ng\/TT Polisen har beslutat&hellip;\n","protected":false},"author":2,"featured_media":113838,"comment_status":"","ping_status":"","sticky":false,"template":"","format":"standard","meta":{"footnotes":""},"categories":[5],"tags":[22,23,26,27,17,21,24,25,28,29,15,16,18,34,31,33,32,30,19,20],"class_list":{"0":"post-113837","1":"post","2":"type-post","3":"status-publish","4":"format-standard","5":"has-post-thumbnail","7":"category-rubriker","8":"tag-breaking-news","9":"tag-breakingnews","10":"tag-featured-news","11":"tag-featurednews","12":"tag-headlines","13":"tag-huvudnyheter","14":"tag-latest-news","15":"tag-latestnews","16":"tag-main-news","17":"tag-mainnews","18":"tag-news","19":"tag-nyheter","20":"tag-rubriker","21":"tag-se","22":"tag-svenska","23":"tag-sverige","24":"tag-sweden","25":"tag-swedish","26":"tag-top-stories","27":"tag-topstories"},"share_on_mastodon":{"url":"https:\/\/pubeurope.com\/@se\/115763223346386222","error":""},"_links":{"self":[{"href":"https:\/\/www.europesays.com\/se\/wp-json\/wp\/v2\/posts\/113837","targetHints":{"allow":["GET"]}}],"collection":[{"href":"https:\/\/www.europesays.com\/se\/wp-json\/wp\/v2\/posts"}],"about":[{"href":"https:\/\/www.europesays.com\/se\/wp-json\/wp\/v2\/types\/post"}],"author":[{"embeddable":true,"href":"https:\/\/www.europesays.com\/se\/wp-json\/wp\/v2\/users\/2"}],"replies":[{"embeddable":true,"href":"https:\/\/www.europesays.com\/se\/wp-json\/wp\/v2\/comments?post=113837"}],"version-history":[{"count":0,"href":"https:\/\/www.europesays.com\/se\/wp-json\/wp\/v2\/posts\/113837\/revisions"}],"wp:featuredmedia":[{"embeddable":true,"href":"https:\/\/www.europesays.com\/se\/wp-json\/wp\/v2\/media\/113838"}],"wp:attachment":[{"href":"https:\/\/www.europesays.com\/se\/wp-json\/wp\/v2\/media?parent=113837"}],"wp:term":[{"taxonomy":"category","embeddable":true,"href":"https:\/\/www.europesays.com\/se\/wp-json\/wp\/v2\/categories?post=113837"},{"taxonomy":"post_tag","embeddable":true,"href":"https:\/\/www.europesays.com\/se\/wp-json\/wp\/v2\/tags?post=113837"}],"curies":[{"name":"wp","href":"https:\/\/api.w.org\/{rel}","templated":true}]}}