{"id":113845,"date":"2025-12-22T12:34:08","date_gmt":"2025-12-22T12:34:08","guid":{"rendered":"https:\/\/www.europesays.com\/se\/113845\/"},"modified":"2025-12-22T12:34:08","modified_gmt":"2025-12-22T12:34:08","slug":"s-version-av-omstridd-dodsskjutning","status":"publish","type":"post","link":"https:\/\/www.europesays.com\/se\/113845\/","title":{"rendered":"s version av omstridd d\u00f6dsskjutning"},"content":{"rendered":"<p>Den israeliska milit\u00e4ren har inlett en utredning av en omdebatterad h\u00e4ndelse d\u00e4r en palestinsk 16-\u00e5ring sk\u00f6ts ihj\u00e4l p\u00e5 V\u00e4stbanken. Det uppger IDF f\u00f6r Reuters. <\/p>\n<p>Milit\u00e4ren h\u00e4vdade ursprungligen att en \u201dterrorist\u201d eliminerats n\u00e4r han attackerat soldater genom att kasta sten, men videoklipp fr\u00e5n h\u00e4ndelsen tycks visa ett annat f\u00f6rlopp, skriver nyhetsbyr\u00e5n.<\/p>\n<p>Bilder fr\u00e5n en \u00f6vervakningskamera som nyhetsbyr\u00e5n tagit del av visar 16-\u00e5ringen g\u00e5 lugnt ned f\u00f6r gatan och skjutas till d\u00f6ds n\u00e4r han sv\u00e4nger runt ett h\u00f6rn. Reuters p\u00e5pekar dock att videon inte visar vad som h\u00e4nt tidigare. \u00c4ven CNN och Haaretz har granskat videomaterial fr\u00e5n platsen och kommit till liknande slutsatser. <\/p>\n<p>\u2013 De kunde ha skjutit honom i benet, min son kastade ingenting, s\u00e4ger 16-\u00e5ringens mamma Ibtihal Mualla, till nyhetsbyr\u00e5n. <\/p>\n<p>Omni \u00e4r politiskt obundna och oberoende. Vi str\u00e4var efter att ge fler perspektiv p\u00e5 nyheterna. Har du fr\u00e5gor eller synpunkter kring v\u00e5r rapportering? <a href=\"https:\/\/omni.se\/reuters-video-stodjer-inte-idf-s-version-av-omstridd-dodsskjutning\/a\/mailto:redaktion@omni.se\" class=\"ArticleActions_contactLink__W2F1M\" rel=\"nofollow noopener\" target=\"_blank\">Kontakta redaktionen<\/a><\/p>\n","protected":false},"excerpt":{"rendered":"Den israeliska milit\u00e4ren har inlett en utredning av en omdebatterad h\u00e4ndelse d\u00e4r en palestinsk 16-\u00e5ring sk\u00f6ts ihj\u00e4l p\u00e5&hellip;\n","protected":false},"author":2,"featured_media":113846,"comment_status":"","ping_status":"","sticky":false,"template":"","format":"standard","meta":{"footnotes":""},"categories":[14],"tags":[22,23,26,27,17,21,4066,342,24,25,28,29,124,125,15,16,123,18,34,31,33,32,30,19,20,51,52,53,54],"class_list":{"0":"post-113845","1":"post","2":"type-post","3":"status-publish","4":"format-standard","5":"has-post-thumbnail","7":"category-varlden","8":"tag-breaking-news","9":"tag-breakingnews","10":"tag-featured-news","11":"tag-featurednews","12":"tag-headlines","13":"tag-huvudnyheter","14":"tag-idf-the-israel-defence-forces","15":"tag-israel","16":"tag-latest-news","17":"tag-latestnews","18":"tag-main-news","19":"tag-mainnews","20":"tag-mellanostern","21":"tag-mellanosternkrisen","22":"tag-news","23":"tag-nyheter","24":"tag-palestina","25":"tag-rubriker","26":"tag-se","27":"tag-svenska","28":"tag-sverige","29":"tag-sweden","30":"tag-swedish","31":"tag-top-stories","32":"tag-topstories","33":"tag-varlden","34":"tag-world","35":"tag-world-news","36":"tag-worldnews"},"share_on_mastodon":{"url":"https:\/\/pubeurope.com\/@se\/115763246858293004","error":""},"_links":{"self":[{"href":"https:\/\/www.europesays.com\/se\/wp-json\/wp\/v2\/posts\/113845","targetHints":{"allow":["GET"]}}],"collection":[{"href":"https:\/\/www.europesays.com\/se\/wp-json\/wp\/v2\/posts"}],"about":[{"href":"https:\/\/www.europesays.com\/se\/wp-json\/wp\/v2\/types\/post"}],"author":[{"embeddable":true,"href":"https:\/\/www.europesays.com\/se\/wp-json\/wp\/v2\/users\/2"}],"replies":[{"embeddable":true,"href":"https:\/\/www.europesays.com\/se\/wp-json\/wp\/v2\/comments?post=113845"}],"version-history":[{"count":0,"href":"https:\/\/www.europesays.com\/se\/wp-json\/wp\/v2\/posts\/113845\/revisions"}],"wp:featuredmedia":[{"embeddable":true,"href":"https:\/\/www.europesays.com\/se\/wp-json\/wp\/v2\/media\/113846"}],"wp:attachment":[{"href":"https:\/\/www.europesays.com\/se\/wp-json\/wp\/v2\/media?parent=113845"}],"wp:term":[{"taxonomy":"category","embeddable":true,"href":"https:\/\/www.europesays.com\/se\/wp-json\/wp\/v2\/categories?post=113845"},{"taxonomy":"post_tag","embeddable":true,"href":"https:\/\/www.europesays.com\/se\/wp-json\/wp\/v2\/tags?post=113845"}],"curies":[{"name":"wp","href":"https:\/\/api.w.org\/{rel}","templated":true}]}}