{"id":113847,"date":"2025-12-22T12:35:10","date_gmt":"2025-12-22T12:35:10","guid":{"rendered":"https:\/\/www.europesays.com\/se\/113847\/"},"modified":"2025-12-22T12:35:10","modified_gmt":"2025-12-22T12:35:10","slug":"jagade-algar-med-snoskoter-slaktplatser-hittade-i-tarendo-svt-nyheter","status":"publish","type":"post","link":"https:\/\/www.europesays.com\/se\/113847\/","title":{"rendered":"Jagade \u00e4lgar med sn\u00f6skoter \u2013 slaktplatser hittade i T\u00e4rend\u00f6 &#8211; SVT Nyheter"},"content":{"rendered":"<ol>\n<li><a href=\"https:\/\/news.google.com\/rss\/articles\/CBMipAFBVV95cUxPR2s3d2g2aks1X2VmdmZ4UnluMzFvVTRld0VQTzg0Qy03QW55eHl6YWFzeGpLQVNQZEsyLVlzUEc5aVNEZ2dfbjdvMHVmSGZIZ01JV1A5US00czQwRlVpcGVtYzhQZHI4QUlpTjRPTE41Z3RZdzUybkl2eHlyTTl4eW1VMmlHUkh3YWYweVA5aGw3VDNuSk1rcWNTaFhta3RLcEE3Yg?oc=5\" target=\"_blank\" rel=\"nofollow noopener\">Jagade \u00e4lgar med sn\u00f6skoter \u2013 slaktplatser hittade i T\u00e4rend\u00f6<\/a>&nbsp;&nbsp;SVT Nyheter<\/li>\n<li><a href=\"https:\/\/news.google.com\/rss\/articles\/CBMiigFBVV95cUxOUzAwYk0xLXRDcGw1RXV0YURZRFJILUlleWZwTERpYkE2OXpIVGlqNnN6ZEx6MHlLUjd5N1ktelpQdEZmMmRCT2w5enQ2bUM2ekJMeFhjTG8wdmZoV3FWd19aYzlpTkxqd2d1OEhJN1ZCWGdidTBPLWdWNW8yeTBrRlg5blJMV0VDaGc?oc=5\" target=\"_blank\" rel=\"nofollow noopener\">Flera jaktplatser hittade i Pajala<\/a>&nbsp;&nbsp;Aftonbladet<\/li>\n<li><a href=\"https:\/\/news.google.com\/rss\/articles\/CBMiggFBVV95cUxOcmpuVkRybHF5S2xtRWNGcm9TakJTV1dGN1gwUFY0a3pLWmlxS0Q5VjVwNlBSNmZrd1dBaHZTRTBabEtCNWFpbmhuRWFobHFoZEY5WlBicXFSN0xPeVdvdkw4SnlmZnRyUkhaeUdlZ2FzUExxT0czSzlMTm9nVjcybUpB?oc=5\" target=\"_blank\" rel=\"nofollow noopener\">Misst\u00e4nkt jaktbrott \u2013 tros ha skjutit \u00e4lg fr\u00e5n skoter<\/a>&nbsp;&nbsp;Omni<\/li>\n<li><a href=\"https:\/\/news.google.com\/rss\/articles\/CBMilwFBVV95cUxNMHZpMlIzZVFNV0JQWjRubEZ1ZUM4MDgzN3ZISGx2WjdMWXpydUVja3ZCamYzeEFneEhLZnhOWUZFQjVHeTY2c1otallqb0Z1dE8xTVRuLUE1ZHdRQmRJRktGZlZMelNCODNjdHZQdjV3OFcweFJQUnB3S0FRQmptX1NGNXBtRFRhNngzOVpVUTVaSUx0MjNN?oc=5\" target=\"_blank\" rel=\"nofollow noopener\">Misst\u00e4nkt grovt jaktbrott \u2013 slaktplatser och sn\u00f6skotersp\u00e5r<\/a>&nbsp;&nbsp;NSD<\/li>\n<li><a href=\"https:\/\/news.google.com\/rss\/articles\/CBMiqwFBVV95cUxQWTF1UHlLcWxucWRWVHd2YjZTbk9MR2lnXzlfUS1oRHlEeXczTHlYd3JZXzRUd3ZQUUlVNkJROW5Oa0t4UnpfcDBSRFc0WWVBd0tPd09aU3pKd296V19WSnVMcXpZWW9ydURaZWVFVF83Zk5YTC0wc1hYdGQ5RllUYk5Lc3VIRnVUVWRUZGxEeUJoMTBweGtkYWU1dXRuU0Z5WDhKOE9oZmR3UkE?oc=5\" target=\"_blank\" rel=\"nofollow noopener\">Polisen utreder misst\u00e4nkt grovt jaktbrott<\/a>&nbsp;&nbsp;Brottsplatskartan.se<\/li>\n<\/ol>\n","protected":false},"excerpt":{"rendered":"Jagade \u00e4lgar med sn\u00f6skoter \u2013 slaktplatser hittade i T\u00e4rend\u00f6&nbsp;&nbsp;SVT Nyheter Flera jaktplatser hittade i Pajala&nbsp;&nbsp;Aftonbladet Misst\u00e4nkt jaktbrott \u2013&hellip;\n","protected":false},"author":2,"featured_media":113848,"comment_status":"","ping_status":"","sticky":false,"template":"","format":"standard","meta":{"footnotes":""},"categories":[12],"tags":[22,23,26,27,17,21,24,25,28,29,15,16,18,34,31,33,32,30,19,20],"class_list":{"0":"post-113847","1":"post","2":"type-post","3":"status-publish","4":"format-standard","5":"has-post-thumbnail","7":"category-sverige","8":"tag-breaking-news","9":"tag-breakingnews","10":"tag-featured-news","11":"tag-featurednews","12":"tag-headlines","13":"tag-huvudnyheter","14":"tag-latest-news","15":"tag-latestnews","16":"tag-main-news","17":"tag-mainnews","18":"tag-news","19":"tag-nyheter","20":"tag-rubriker","21":"tag-se","22":"tag-svenska","23":"tag-sverige","24":"tag-sweden","25":"tag-swedish","26":"tag-top-stories","27":"tag-topstories"},"share_on_mastodon":{"url":"https:\/\/pubeurope.com\/@se\/115763250768811962","error":""},"_links":{"self":[{"href":"https:\/\/www.europesays.com\/se\/wp-json\/wp\/v2\/posts\/113847","targetHints":{"allow":["GET"]}}],"collection":[{"href":"https:\/\/www.europesays.com\/se\/wp-json\/wp\/v2\/posts"}],"about":[{"href":"https:\/\/www.europesays.com\/se\/wp-json\/wp\/v2\/types\/post"}],"author":[{"embeddable":true,"href":"https:\/\/www.europesays.com\/se\/wp-json\/wp\/v2\/users\/2"}],"replies":[{"embeddable":true,"href":"https:\/\/www.europesays.com\/se\/wp-json\/wp\/v2\/comments?post=113847"}],"version-history":[{"count":0,"href":"https:\/\/www.europesays.com\/se\/wp-json\/wp\/v2\/posts\/113847\/revisions"}],"wp:featuredmedia":[{"embeddable":true,"href":"https:\/\/www.europesays.com\/se\/wp-json\/wp\/v2\/media\/113848"}],"wp:attachment":[{"href":"https:\/\/www.europesays.com\/se\/wp-json\/wp\/v2\/media?parent=113847"}],"wp:term":[{"taxonomy":"category","embeddable":true,"href":"https:\/\/www.europesays.com\/se\/wp-json\/wp\/v2\/categories?post=113847"},{"taxonomy":"post_tag","embeddable":true,"href":"https:\/\/www.europesays.com\/se\/wp-json\/wp\/v2\/tags?post=113847"}],"curies":[{"name":"wp","href":"https:\/\/api.w.org\/{rel}","templated":true}]}}