{"id":113857,"date":"2025-12-22T12:43:09","date_gmt":"2025-12-22T12:43:09","guid":{"rendered":"https:\/\/www.europesays.com\/se\/113857\/"},"modified":"2025-12-22T12:43:09","modified_gmt":"2025-12-22T12:43:09","slug":"domstolshandlaggare-sveriges-domstolar","status":"publish","type":"post","link":"https:\/\/www.europesays.com\/se\/113857\/","title":{"rendered":"Domstolshandl\u00e4ggare &#8211; Sveriges Domstolar"},"content":{"rendered":"<p>Har du en utpr\u00e4glad k\u00e4nsla f\u00f6r service, en godk\u00e4nd gymnasieutbildning och motsvarar h\u00f6gt st\u00e4llda krav p\u00e5 noggrannhet? F\u00f6rvaltningsr\u00e4tten i V\u00e4xj\u00f6 s\u00f6ker en domstolshandl\u00e4ggare med tilltr\u00e4de under v\u00e5ren 2026.\u00a0<\/p>\n<p>Om arbetsplatsen<\/p>\n<p>Varje dag avg\u00f6rs hundratals m\u00e5l och \u00e4renden i domstolarna runt om i Sverige. V\u00e5r organisation best\u00e5r av medarbetare med olika kompetenser, d\u00e4r var och en \u00e4r betydelsefull i att uppr\u00e4tth\u00e5lla r\u00e4ttss\u00e4kerhet och h\u00f6g kvalitet i alla led.<\/p>\n<p>F\u00f6rvaltningsr\u00e4tten i V\u00e4xj\u00f6 har ca 40 anst\u00e4llda. Organisationen best\u00e5r av domare, f\u00f6redraganden och notarier, en beredningssamordnarfunktion, ett m\u00e5lkansli och en administrativ stab. I den d\u00f6mande verksamheten \u00e4r domstolen indelad i tv\u00e5 specialiserade enheter som bl.a. hanterar m\u00e5lgrupperna skatt och offentlig upphandling respektive socialf\u00f6rs\u00e4kring och andra sociala m\u00e5l.\u00a0 Vi arbetar l\u00f6pande med att utveckla organisationen s\u00e5 att den p\u00e5 b\u00e4sta s\u00e4tt st\u00f6djer medarbetarna. F\u00f6rvaltningsr\u00e4tten \u00e4r centralt bel\u00e4gen i V\u00e4xj\u00f6 och \u00e4r samlokaliserad med tingsr\u00e4tten. Om knappt ett \u00e5r flyttar vi till nybyggda lokaler. V\u00e4xj\u00f6 \u00e4r en kommun i stark tillv\u00e4xt som bl.a. har universitet och mycket goda allm\u00e4nna kommunikationer.<\/p>\n<p>Arbetsuppgifter<\/p>\n<p>Som domstolshandl\u00e4ggare deltar du i handl\u00e4ggningen av domstolens olika m\u00e5ltyper. I arbetsuppgifterna ing\u00e5r bland annat att bevaka inkommande mejl, registrera handlingar i m\u00e5l, sk\u00f6ta skriftv\u00e4xling, kalla till muntlig f\u00f6rhandling samt expediera domar och beslut. I arbetsuppgifterna ing\u00e5r \u00e4ven att f\u00f6ra anteckningar under muntlig f\u00f6rhandling samt att hantera \u00f6verklaganden och delgivningsf\u00f6rfaranden.\u00a0<br \/>Arbetet \u00e4r sj\u00e4lvst\u00e4ndigt och flera olika m\u00e5l och arbetsuppgifter hanteras parallellt. Vi f\u00f6ruts\u00e4tter att du kan hantera b\u00e5de interna och externa kontakter. De externa kontakterna kan till exempel vara parter, tolkar, advokater, och myndigheter. Kontakterna kan ske s\u00e5v\u00e4l skriftligen som via telefonsamtal. Internt samarbetar du dagligen s\u00e5v\u00e4l inom din n\u00e4rmaste arbetsgrupp som med \u00f6vriga medarbetare p\u00e5 domstolen.\u00a0<\/p>\n<p>Kvalifikationer<\/p>\n<p>Vi s\u00f6ker dig som har en slutf\u00f6rd och godk\u00e4nd gymnasieutbildning. Du beh\u00e4rskar svenska spr\u00e5ket mycket v\u00e4l, s\u00e5v\u00e4l i tal som i skrift och du har goda kunskaper i engelska. Det kan vara meriterande om du har aktuell och relevant arbetslivserfarenhet d\u00e4r olika former av interna\/externa kontakter varit en central del av arbetet. Handl\u00e4ggningen av m\u00e5l p\u00e5 domstolen sker digitalt. Det \u00e4r d\u00e4rf\u00f6r viktigt att du har goda datorkunskaper samt \u00e4r van vid att arbeta i digitala system. Det \u00e4r \u00e4ven viktigt att du kan hantera stressiga situationer samt kan organisera och prioritera bland dina arbetsuppgifter. Du uppfyller h\u00f6gt st\u00e4llda krav p\u00e5 ansvarstagande och noggrannhet. Du har en utpr\u00e4glad k\u00e4nsla f\u00f6r service och en mycket god samarbetsf\u00f6rm\u00e5ga. Vidare har du en mycket god anpassningsf\u00f6rm\u00e5ga samt en god f\u00f6rm\u00e5ga att ta till dig instruktioner och f\u00f6lja rutiner. Vi l\u00e4gger stor vikt vid personliga egenskaper.<\/p>\n<p>F\u00f6r att bli aktuell f\u00f6r anst\u00e4llning kr\u00e4vs att du motsvarar h\u00f6gt st\u00e4llda krav g\u00e4llande omd\u00f6me, s\u00e4kerhetsmedvetande och l\u00e4mplighet. Det inneb\u00e4r att du st\u00e5r upp f\u00f6r demokratiska v\u00e4rderingar och den statliga v\u00e4rdegrund som styr Sveriges Domstolars verksamhet. Vi st\u00e4ller krav p\u00e5 att du f\u00f6ljer g\u00e4llande lagar och kommer att g\u00f6ra utdrag ur misstanke- och belastningsregistret p\u00e5 slutkandidater.<\/p>\n","protected":false},"excerpt":{"rendered":"Har du en utpr\u00e4glad k\u00e4nsla f\u00f6r service, en godk\u00e4nd gymnasieutbildning och motsvarar h\u00f6gt st\u00e4llda krav p\u00e5 noggrannhet? F\u00f6rvaltningsr\u00e4tten&hellip;\n","protected":false},"author":2,"featured_media":107877,"comment_status":"","ping_status":"","sticky":false,"template":"","format":"standard","meta":{"footnotes":""},"categories":[12],"tags":[22,23,26,27,17,21,24,25,28,29,15,16,18,34,31,33,32,30,19,20],"class_list":{"0":"post-113857","1":"post","2":"type-post","3":"status-publish","4":"format-standard","5":"has-post-thumbnail","7":"category-sverige","8":"tag-breaking-news","9":"tag-breakingnews","10":"tag-featured-news","11":"tag-featurednews","12":"tag-headlines","13":"tag-huvudnyheter","14":"tag-latest-news","15":"tag-latestnews","16":"tag-main-news","17":"tag-mainnews","18":"tag-news","19":"tag-nyheter","20":"tag-rubriker","21":"tag-se","22":"tag-svenska","23":"tag-sverige","24":"tag-sweden","25":"tag-swedish","26":"tag-top-stories","27":"tag-topstories"},"share_on_mastodon":{"url":"https:\/\/pubeurope.com\/@se\/115763282313692074","error":""},"_links":{"self":[{"href":"https:\/\/www.europesays.com\/se\/wp-json\/wp\/v2\/posts\/113857","targetHints":{"allow":["GET"]}}],"collection":[{"href":"https:\/\/www.europesays.com\/se\/wp-json\/wp\/v2\/posts"}],"about":[{"href":"https:\/\/www.europesays.com\/se\/wp-json\/wp\/v2\/types\/post"}],"author":[{"embeddable":true,"href":"https:\/\/www.europesays.com\/se\/wp-json\/wp\/v2\/users\/2"}],"replies":[{"embeddable":true,"href":"https:\/\/www.europesays.com\/se\/wp-json\/wp\/v2\/comments?post=113857"}],"version-history":[{"count":0,"href":"https:\/\/www.europesays.com\/se\/wp-json\/wp\/v2\/posts\/113857\/revisions"}],"wp:featuredmedia":[{"embeddable":true,"href":"https:\/\/www.europesays.com\/se\/wp-json\/wp\/v2\/media\/107877"}],"wp:attachment":[{"href":"https:\/\/www.europesays.com\/se\/wp-json\/wp\/v2\/media?parent=113857"}],"wp:term":[{"taxonomy":"category","embeddable":true,"href":"https:\/\/www.europesays.com\/se\/wp-json\/wp\/v2\/categories?post=113857"},{"taxonomy":"post_tag","embeddable":true,"href":"https:\/\/www.europesays.com\/se\/wp-json\/wp\/v2\/tags?post=113857"}],"curies":[{"name":"wp","href":"https:\/\/api.w.org\/{rel}","templated":true}]}}