{"id":113858,"date":"2025-12-22T12:44:16","date_gmt":"2025-12-22T12:44:16","guid":{"rendered":"https:\/\/www.europesays.com\/se\/113858\/"},"modified":"2025-12-22T12:44:16","modified_gmt":"2025-12-22T12:44:16","slug":"nyfosa-refinansierar-42-mdsek-av-koncernens-rantebarande-skulder-och-forlanger-darigenom-kapitalbindningen-samt-starker-tillganglig-likviditet-nyfosa","status":"publish","type":"post","link":"https:\/\/www.europesays.com\/se\/113858\/","title":{"rendered":"Nyfosa refinansierar 4,2 MDSEK av koncernens r\u00e4nteb\u00e4rande skulder och f\u00f6rl\u00e4nger d\u00e4rigenom kapitalbindningen samt st\u00e4rker tillg\u00e4nglig likviditet &#8211; Nyfosa"},"content":{"rendered":"<ol>\n<li><a href=\"https:\/\/news.google.com\/rss\/articles\/CBMi_AFBVV95cUxQa0hMWEh3R080RGo3Mi1udktQZEttdGZHMzN4bVQ1SHlrUHhLWjVqbEtmRTBtYTc4b2xqUHQ2SUVqZ2JlcGE4TVotTERJYnhlaWZIRUhNWWxCR1k4T29iSGxVZE15UExpSzdxQTQxNkZ0YVNnUXQ4Z1QwVzNtTU15V2xBZXRXaElfSVVFYnJKekJZMHp2ZlZ3V1lYNXpUR1R3SV8tTlNteTlzNUJLNUU2Y2VUWDlKdHVkSzVya1BkT3ozQ1ppZEJBYlZRWUt1TXZRNldRMWxocnZMaWFpU2kyUUhuZE1mMXRyNlNjSGZweXRXdXR1M0VLVnhGZ2c?oc=5\" target=\"_blank\" rel=\"nofollow noopener\">Nyfosa refinansierar 4,2 MDSEK av koncernens r\u00e4nteb\u00e4rande skulder och f\u00f6rl\u00e4nger d\u00e4rigenom kapitalbindningen samt st\u00e4rker tillg\u00e4nglig likviditet<\/a>&nbsp;&nbsp;Nyfosa<\/li>\n<li><a href=\"https:\/\/news.google.com\/rss\/articles\/CBMickFVX3lxTFBqMlZMRlZiQzd5MUswaWpWc0xSV2VraWp6UUNWeVlZbkNfZGtNSFBWMDFBNExtcHB1Z3J6ZmxMck9NQUhlT2YtdHlWa2U0ZW1pTV9HM0d6RDQycWZqRUJvamRGcENMdU9mZThzSElZd2pJUQ?oc=5\" target=\"_blank\" rel=\"nofollow noopener\">Nyfosa omfinansierar miljardl\u00e5n i f\u00f6rtid<\/a>&nbsp;&nbsp;DI<\/li>\n<li><a href=\"https:\/\/news.google.com\/rss\/articles\/CBMiiwJBVV95cUxPWGpKSWhlMG9nWWQ3aDZqN2ZVNC1CTjR1T0VMb1hsUWg2blpxR0xRS19CN3BHSElHbDd6RU0wLXpmTDJjRENYWFVlNWhzcHdXbG85Sm1jQUc4eDJ5RldwNjMxSGl1ZVZWMEZVbTVGaHJMYUIyNl9WT25hMldhVFE3SkFyUmpMSF9aWVo0V3B1WmtXZ2lHdUs1RmlvczJxdDJWQlAyUHY5aS1Jb0c0RDNvNUVyLUNVQno3dVlFb1NQeUFwcGg2SDVkaWJJbHNXWVkwLUhiUFVYNzIyREhFanVRZl9KSXBUMFJzSjFvaHdYcjNQV1d5ZmNpYWQyYXRkcU5RZkZCY1p3U2RxVkE?oc=5\" target=\"_blank\" rel=\"nofollow noopener\">Nyfosa refinansierar 4,2 MDSEK av koncernens r\u00e4nteb\u00e4rande skulder och f\u00f6rl\u00e4<\/a>&nbsp;&nbsp;TradeVenue<\/li>\n<li><a href=\"https:\/\/news.google.com\/rss\/articles\/CBMingFBVV95cUxPcW9yR19aY0JwZ3ZRQTN0S0FZcXplcC1pQ1hJejlBWGJuUkZDcWk5VlhyZVExTWYyT1B5ZFRpeGl2ajdlY0tlMVJCSWkzeHZBSTFLZm1iU0lVaWRxakN4OE1fSUFkOHk2Q0c4Yi1lWDBBaVAzbUVqS1NTNUxFOFZ0UzNZU0N2cWtnR0FBZGFGVG1hUkdrOV9JU3N2OGs3dw?oc=5\" target=\"_blank\" rel=\"nofollow noopener\">Nyfosa refinansierar 4,2 miljarder kronor av r\u00e4nteb\u00e4rande skulder<\/a>&nbsp;&nbsp;B\u00f6rsv\u00e4rlden<\/li>\n<li><a href=\"https:\/\/news.google.com\/rss\/articles\/CBMiiwFBVV95cUxOYXVlY2NXejdOMUFvcTB0MWRkZjdSaU1PNHhSVmJOZHRCWk1jMWpULVVWUlhoejI2bkdrd0hIVWJJQVdja042MU1kcGlCQUMzeDRIMWN2ZTFSbVdsMWtNSHdzNjl0Z2RCRG12ZFNtdzBtODZ6aE9TSk5scGFBbGxGRlN5RG5PMzVxYzFJ?oc=5\" target=\"_blank\" rel=\"nofollow noopener\">Nyfosa refinansierar krediter om 4,7 miljarder kronor<\/a>&nbsp;&nbsp;Fastighetsnytt<\/li>\n<\/ol>\n","protected":false},"excerpt":{"rendered":"Nyfosa refinansierar 4,2 MDSEK av koncernens r\u00e4nteb\u00e4rande skulder och f\u00f6rl\u00e4nger d\u00e4rigenom kapitalbindningen samt st\u00e4rker tillg\u00e4nglig likviditet&nbsp;&nbsp;Nyfosa Nyfosa omfinansierar&hellip;\n","protected":false},"author":2,"featured_media":1096,"comment_status":"","ping_status":"","sticky":false,"template":"","format":"standard","meta":{"footnotes":""},"categories":[5],"tags":[22,23,26,27,17,21,24,25,28,29,15,16,18,34,31,33,32,30,19,20],"class_list":{"0":"post-113858","1":"post","2":"type-post","3":"status-publish","4":"format-standard","5":"has-post-thumbnail","7":"category-rubriker","8":"tag-breaking-news","9":"tag-breakingnews","10":"tag-featured-news","11":"tag-featurednews","12":"tag-headlines","13":"tag-huvudnyheter","14":"tag-latest-news","15":"tag-latestnews","16":"tag-main-news","17":"tag-mainnews","18":"tag-news","19":"tag-nyheter","20":"tag-rubriker","21":"tag-se","22":"tag-svenska","23":"tag-sverige","24":"tag-sweden","25":"tag-swedish","26":"tag-top-stories","27":"tag-topstories"},"share_on_mastodon":{"url":"https:\/\/pubeurope.com\/@se\/115763286046968677","error":""},"_links":{"self":[{"href":"https:\/\/www.europesays.com\/se\/wp-json\/wp\/v2\/posts\/113858","targetHints":{"allow":["GET"]}}],"collection":[{"href":"https:\/\/www.europesays.com\/se\/wp-json\/wp\/v2\/posts"}],"about":[{"href":"https:\/\/www.europesays.com\/se\/wp-json\/wp\/v2\/types\/post"}],"author":[{"embeddable":true,"href":"https:\/\/www.europesays.com\/se\/wp-json\/wp\/v2\/users\/2"}],"replies":[{"embeddable":true,"href":"https:\/\/www.europesays.com\/se\/wp-json\/wp\/v2\/comments?post=113858"}],"version-history":[{"count":0,"href":"https:\/\/www.europesays.com\/se\/wp-json\/wp\/v2\/posts\/113858\/revisions"}],"wp:featuredmedia":[{"embeddable":true,"href":"https:\/\/www.europesays.com\/se\/wp-json\/wp\/v2\/media\/1096"}],"wp:attachment":[{"href":"https:\/\/www.europesays.com\/se\/wp-json\/wp\/v2\/media?parent=113858"}],"wp:term":[{"taxonomy":"category","embeddable":true,"href":"https:\/\/www.europesays.com\/se\/wp-json\/wp\/v2\/categories?post=113858"},{"taxonomy":"post_tag","embeddable":true,"href":"https:\/\/www.europesays.com\/se\/wp-json\/wp\/v2\/tags?post=113858"}],"curies":[{"name":"wp","href":"https:\/\/api.w.org\/{rel}","templated":true}]}}