{"id":113862,"date":"2025-12-22T12:51:28","date_gmt":"2025-12-22T12:51:28","guid":{"rendered":"https:\/\/www.europesays.com\/se\/113862\/"},"modified":"2025-12-22T12:51:28","modified_gmt":"2025-12-22T12:51:28","slug":"uppdaterad-samtliga-lansstyrelser-overklagar-stoppad-vargjakt","status":"publish","type":"post","link":"https:\/\/www.europesays.com\/se\/113862\/","title":{"rendered":"UPPDATERAD. Samtliga l\u00e4nsstyrelser \u00f6verklagar stoppad vargjakt"},"content":{"rendered":"<p>                    <a data-lightbox=\"post-97030\" href=\"https:\/\/www.jaktojagare.se\/wp-content\/uploads\/2025\/12\/vargspar3_peter_w_eriksson_mp.jpg\" data-title=\"Foto: Peter W. Eriksson, Mostphotos&lt;br\/&gt;Vargjakten skulle ha startat 2 januari. Nu \u00e4r det ovisst om eller n\u00e4r den drar ig\u00e5ng.\" rel=\"nofollow noopener\" target=\"_blank\"><br \/>\n                        <img width=\"1280\" height=\"720\" src=\"https:\/\/www.europesays.com\/se\/wp-content\/uploads\/2025\/12\/vargspar3_peter_w_eriksson_mp-1280x720.jpg\" class=\"attachment-large size-large\" alt=\"\" decoding=\"async\" fetchpriority=\"high\"   itemprop=\"image\"\/>                    <\/a><\/p>\n<p>\n                        Foto: Peter W. Eriksson, Mostphotos<br \/>\n                        Vargjakten skulle ha startat 2 januari. Nu \u00e4r det ovisst om eller n\u00e4r den drar ig\u00e5ng.\n                    <\/p>\n<p>Uppdaterad 2025-12-22 11:40Publicerad 2025-12-22 10:42<\/p>\n<p>L\u00e4nsstyrelserna i V\u00e4stra G\u00f6taland, \u00d6rebro, S\u00f6rmland, Dalarna och V\u00e4stmanland har nu \u00f6verklagat f\u00f6rvaltningsr\u00e4ttens beslut som stoppade vinterns licensjakt p\u00e5 varg. Myndigheten vill f\u00e5 klarhet i r\u00e4ttsl\u00e4get och hoppas att kammarr\u00e4tten pr\u00f6var fr\u00e5gan.<\/p>\n<p>Licensjakten, som beslutades av l\u00e4nsstyrelserna i november, skulle ha inletts den 2 januari. Efter \u00f6verklaganden fr\u00e5n flera h\u00e5ll upph\u00e4vde f\u00f6rvaltningsr\u00e4tten i Lule\u00e5 besluten den 15 december, vilket inneb\u00e4r att jakten tills vidare \u00e4r stoppad.<\/p>\n<p>\u2013 Vi hoppas att kammarr\u00e4tten beviljar pr\u00f6vningstillst\u00e5nd och att vi kan f\u00e5 r\u00e4ttsl\u00e4get klarlagt. Det \u00e4r viktigt f\u00f6r hur vi ska arbeta fram\u00e5t, att det blir tydligt, s\u00e4ger Eva Olsen, chef f\u00f6r Natur- och vattenavdelningen vid l\u00e4nsstyrelsen V\u00e4stra G\u00f6taland.<\/p>\n<p>Avvaktar besked fr\u00e5n kammarr\u00e4tten<\/p>\n<p>L\u00e4nsstyrelsen uppger att man nu inv\u00e4ntar besked om kammarr\u00e4tten tar upp m\u00e5let innan man kan s\u00e4ga n\u00e5got om huruvida det blir n\u00e5gon licensjakt i vinter \u2013 och i s\u00e5 fall n\u00e4r den kan starta.<\/p>\n<p>\u2013 Vi avvaktar nu besked fr\u00e5n Kammarr\u00e4tten, om den beviljar pr\u00f6vningstillst\u00e5nd, innan vi kan s\u00e4ga n\u00e5got mer om huruvida det blir n\u00e5gon licensjakt i vinter, s\u00e4ger Eva Olsen.<\/p>\n<p>F\u00f6rvaltningsr\u00e4tten motiverade sitt beslut med att l\u00e4nsstyrelserna inte tillr\u00e4ckligt tydligt visat att licensjakten inte skulle f\u00f6rsv\u00e5ra uppr\u00e4tth\u00e5llandet av gynnsam bevarandestatus f\u00f6r varg.<\/p>\n<p>H\u00e4nvisar till Naturv\u00e5rdsverket<\/p>\n<p>Enligt l\u00e4nsstyrelsen har besluten om licensjakt grundats p\u00e5 Naturv\u00e5rdsverkets bed\u00f6mningar.<\/p>\n<p>\u2013 Vi har lutat oss mot Naturv\u00e5rdsverkets bed\u00f6mning. De gjorde nyligen en ganska omfattande utredning av referensv\u00e4rde och f\u00f6rvaltnings\u00e5tg\u00e4rder f\u00f6r varg. Det \u00e4r vanligtvis s\u00e5 vi arbetar, vi utg\u00e5r fr\u00e5n det som expertmyndigheterna s\u00e4ger, s\u00e4ger Eva Olsen.<\/p>\n<p>En central fr\u00e5ga i \u00f6verklagandet \u00e4r om l\u00e4nsstyrelserna \u00e4ven forts\u00e4ttningsvis kan utg\u00e5 fr\u00e5n den v\u00e4gledning som ges av Naturv\u00e5rdsverket vid beslut om licensjakt.<\/p>\n<p>272 vargar efter jakt<\/p>\n<p>L\u00e4nsstyrelsen lyfter ocks\u00e5 fram att den planerade licensjakten som mest skulle ha minskat vargstammen till 272 individer. Om Naturv\u00e5rdsverkets referensv\u00e4rde p\u00e5 170 vargar \u00e4r f\u00f6renligt med EU:s art- och habitatdirektiv \u00e4r ytterligare en fr\u00e5ga som man vill f\u00e5 pr\u00f6vad r\u00e4ttsligt.<\/p>\n<p>I sitt \u00f6verklagande yrkar l\u00e4nsstyrelsen att kammarr\u00e4tten \u00e4ndrar f\u00f6rvaltningsr\u00e4ttens dom och fastst\u00e4ller besluten om licensjakt. Myndigheten beg\u00e4r \u00e4ven ett interimistiskt beslut som skulle m\u00f6jligg\u00f6ra licensjakt i enlighet med de ursprungliga besluten, i v\u00e4ntan p\u00e5 slutlig dom.<\/p>\n<p>Under m\u00e5ndagen st\u00e5r det klart att  samtliga fem vargjaktsl\u00e4n \u00f6verklagar den av f\u00f6rvaltningsr\u00e4tten stoppade jakten i januari: V\u00e4stra G\u00f6taland, \u00d6rebro, S\u00f6rmland, Dalarna och V\u00e4stmanland.<\/p>\n<p>V\u00e4ldigt v\u00e4ntat<\/p>\n<p>\u2013 Att l\u00e4nsstyrelserna \u00f6verklagar \u00e4r naturligtvis v\u00e4ldigt v\u00e4ntat och gl\u00e4djande. Det \u00e4r ju deras eget beslut som \u00f6verklagats av djurv\u00e4rnarorganisationer, s\u00e4ger Jens Gustafsson, riksviltv\u00e5rdskonsulent p\u00e5 J\u00e4garnas Riksf\u00f6rbund. <\/p>\n<p>\u2013 Det handlar om hurvida en domstol ska vara expert p\u00e5 n\u00e5got som en myndighet har beslutat. Man m\u00e5ste v\u00e4l \u00e4nd\u00e5 utg\u00e5 fr\u00e5n att myndigheten har fattat sitt beslut p\u00e5 goda grunder? Domstolen ska inte recensera myndighetens utredning. Nu hoppas vi att kammarr\u00e4tten fattar ett klokare beslut s\u00e5 att vargjakten kan komma ig\u00e5ng som planerat, avslutar Gustafsson.<\/p>\n","protected":false},"excerpt":{"rendered":"Foto: Peter W. Eriksson, Mostphotos Vargjakten skulle ha startat 2 januari. Nu \u00e4r det ovisst om eller n\u00e4r&hellip;\n","protected":false},"author":2,"featured_media":113863,"comment_status":"","ping_status":"","sticky":false,"template":"","format":"standard","meta":{"footnotes":""},"categories":[12],"tags":[22,23,26,27,17,21,24,25,28,29,15,16,18,34,31,33,32,30,19,20],"class_list":{"0":"post-113862","1":"post","2":"type-post","3":"status-publish","4":"format-standard","5":"has-post-thumbnail","7":"category-sverige","8":"tag-breaking-news","9":"tag-breakingnews","10":"tag-featured-news","11":"tag-featurednews","12":"tag-headlines","13":"tag-huvudnyheter","14":"tag-latest-news","15":"tag-latestnews","16":"tag-main-news","17":"tag-mainnews","18":"tag-news","19":"tag-nyheter","20":"tag-rubriker","21":"tag-se","22":"tag-svenska","23":"tag-sverige","24":"tag-sweden","25":"tag-swedish","26":"tag-top-stories","27":"tag-topstories"},"share_on_mastodon":{"url":"https:\/\/pubeurope.com\/@se\/115763314221678069","error":""},"_links":{"self":[{"href":"https:\/\/www.europesays.com\/se\/wp-json\/wp\/v2\/posts\/113862","targetHints":{"allow":["GET"]}}],"collection":[{"href":"https:\/\/www.europesays.com\/se\/wp-json\/wp\/v2\/posts"}],"about":[{"href":"https:\/\/www.europesays.com\/se\/wp-json\/wp\/v2\/types\/post"}],"author":[{"embeddable":true,"href":"https:\/\/www.europesays.com\/se\/wp-json\/wp\/v2\/users\/2"}],"replies":[{"embeddable":true,"href":"https:\/\/www.europesays.com\/se\/wp-json\/wp\/v2\/comments?post=113862"}],"version-history":[{"count":0,"href":"https:\/\/www.europesays.com\/se\/wp-json\/wp\/v2\/posts\/113862\/revisions"}],"wp:featuredmedia":[{"embeddable":true,"href":"https:\/\/www.europesays.com\/se\/wp-json\/wp\/v2\/media\/113863"}],"wp:attachment":[{"href":"https:\/\/www.europesays.com\/se\/wp-json\/wp\/v2\/media?parent=113862"}],"wp:term":[{"taxonomy":"category","embeddable":true,"href":"https:\/\/www.europesays.com\/se\/wp-json\/wp\/v2\/categories?post=113862"},{"taxonomy":"post_tag","embeddable":true,"href":"https:\/\/www.europesays.com\/se\/wp-json\/wp\/v2\/tags?post=113862"}],"curies":[{"name":"wp","href":"https:\/\/api.w.org\/{rel}","templated":true}]}}