{"id":113868,"date":"2025-12-22T12:55:22","date_gmt":"2025-12-22T12:55:22","guid":{"rendered":"https:\/\/www.europesays.com\/se\/113868\/"},"modified":"2025-12-22T12:55:22","modified_gmt":"2025-12-22T12:55:22","slug":"knausgard-ska-skriva-en-sista-del-av-morgonstjarnan","status":"publish","type":"post","link":"https:\/\/www.europesays.com\/se\/113868\/","title":{"rendered":"Knausg\u00e5rd ska skriva en sista del av \u201dMorgonstj\u00e4rnan\u201d"},"content":{"rendered":"<p>Karl Ove Knausg\u00e5rd avslutar n\u00e4sta \u00e5r sin romansvit \u201dMorgonstj\u00e4rnan\u201d med en sjunde och sista del, skriver VG. F\u00f6rfattaren s\u00e4ger att han d\u00e5 har \u00e4gnat sju \u00e5r \u00e5t serien och nu vill g\u00e5 vidare till andra projekt.<\/p>\n<p>\u2013 D\u00e5 har jag lagt sju \u00e5r av mitt liv p\u00e5 den h\u00e4r serien, och det finns s\u00e5 mycket annat jag vill skriva, s\u00e5 jag beh\u00f6ver helt enkelt s\u00e4tta punkt, s\u00e4ger han.<\/p>\n<p>Den sj\u00e4tte delen, \u201dJag var l\u00e4nge d\u00f6d\u201d, har nyligen kommit ut i Norge.<\/p>\n<p>Omni \u00e4r politiskt obundna och oberoende. Vi str\u00e4var efter att ge fler perspektiv p\u00e5 nyheterna. Har du fr\u00e5gor eller synpunkter kring v\u00e5r rapportering? <a href=\"https:\/\/omni.se\/knausgard-ska-skriva-en-sista-del-av-morgonstjarnan\/a\/mailto:redaktion@omni.se\" class=\"ArticleActions_contactLink__W2F1M\" rel=\"nofollow noopener\" target=\"_blank\">Kontakta redaktionen<\/a><\/p>\n","protected":false},"excerpt":{"rendered":"Karl Ove Knausg\u00e5rd avslutar n\u00e4sta \u00e5r sin romansvit \u201dMorgonstj\u00e4rnan\u201d med en sjunde och sista del, skriver VG. F\u00f6rfattaren&hellip;\n","protected":false},"author":2,"featured_media":113869,"comment_status":"","ping_status":"","sticky":false,"template":"","format":"standard","meta":{"footnotes":""},"categories":[67],"tags":[12389,104,7434,1082,34,31,33,32,30,105],"class_list":{"0":"post-113868","1":"post","2":"type-post","3":"status-publish","4":"format-standard","5":"has-post-thumbnail","7":"category-underhallning","8":"tag-drafter","9":"tag-entertainment","10":"tag-karl-ove-knausgard","11":"tag-litteratur","12":"tag-se","13":"tag-svenska","14":"tag-sverige","15":"tag-sweden","16":"tag-swedish","17":"tag-underhallning"},"share_on_mastodon":{"url":"https:\/\/pubeurope.com\/@se\/115763329325982299","error":""},"_links":{"self":[{"href":"https:\/\/www.europesays.com\/se\/wp-json\/wp\/v2\/posts\/113868","targetHints":{"allow":["GET"]}}],"collection":[{"href":"https:\/\/www.europesays.com\/se\/wp-json\/wp\/v2\/posts"}],"about":[{"href":"https:\/\/www.europesays.com\/se\/wp-json\/wp\/v2\/types\/post"}],"author":[{"embeddable":true,"href":"https:\/\/www.europesays.com\/se\/wp-json\/wp\/v2\/users\/2"}],"replies":[{"embeddable":true,"href":"https:\/\/www.europesays.com\/se\/wp-json\/wp\/v2\/comments?post=113868"}],"version-history":[{"count":0,"href":"https:\/\/www.europesays.com\/se\/wp-json\/wp\/v2\/posts\/113868\/revisions"}],"wp:featuredmedia":[{"embeddable":true,"href":"https:\/\/www.europesays.com\/se\/wp-json\/wp\/v2\/media\/113869"}],"wp:attachment":[{"href":"https:\/\/www.europesays.com\/se\/wp-json\/wp\/v2\/media?parent=113868"}],"wp:term":[{"taxonomy":"category","embeddable":true,"href":"https:\/\/www.europesays.com\/se\/wp-json\/wp\/v2\/categories?post=113868"},{"taxonomy":"post_tag","embeddable":true,"href":"https:\/\/www.europesays.com\/se\/wp-json\/wp\/v2\/tags?post=113868"}],"curies":[{"name":"wp","href":"https:\/\/api.w.org\/{rel}","templated":true}]}}