{"id":113875,"date":"2025-12-22T13:02:18","date_gmt":"2025-12-22T13:02:18","guid":{"rendered":"https:\/\/www.europesays.com\/se\/113875\/"},"modified":"2025-12-22T13:02:18","modified_gmt":"2025-12-22T13:02:18","slug":"veckans-lag-12-nu-har-det-lossnat-for-guldhjalten","status":"publish","type":"post","link":"https:\/\/www.europesays.com\/se\/113875\/","title":{"rendered":"Veckans lag #12: &#8221;Nu har det lossnat f\u00f6r guldhj\u00e4lten&#8221;"},"content":{"rendered":"<p><strong>En ny SHL-vecka \u00e4r f\u00e4rdigspelad. D\u00e4rf\u00f6r plockar M\u00e5ns Karlsson ut s\u00e4songens tolfte \u201dVeckans lag\u201d i\u00a0<a href=\"https:\/\/hockeysverige.se\/shl\/\" rel=\"nofollow noopener\" target=\"_blank\">SHL<\/a>.<\/strong><\/p>\n<ul class=\"wp-block-list\">\n<li><strong>Vann b\u00e5da sina matcher.<\/strong><\/li>\n<li><strong>Toks\u00e5gade backens po\u00e4ngfest.<\/strong><\/li>\n<li><strong>Fick utdelning \u2013 efter 35 m\u00e5ll\u00f6sa matcher.<\/strong><\/li>\n<li><strong>Avgjorde b\u00e5da (!) matcherna.<\/strong><\/li>\n<li><strong>Har sju po\u00e4ng de tre senaste matcherna.<\/strong><\/li>\n<li><strong>Hj\u00e4lpte bottenlaget.<\/strong><\/li>\n<\/ul>\n<p>M\u00e5lvakt<\/p>\n<p>Waltteri Ignatjew, Link\u00f6ping<\/p>\n<p>Endast en m\u00e5lvakt vann tv\u00e5 matcher i SHL f\u00f6rra veckan, och det var Waltteri Ignatjew. Link\u00f6pingsm\u00e5lvakten var dessutom h\u00f6gst bidragande till vinsterna.<\/p>\n<p>Mot Djurg\u00e5rden r\u00e4ddade han 27 av 28 skott, och mot Skellefte\u00e5 stoppade han 29 av 33 skott samt blev hj\u00e4lte i straffl\u00e4ggningen som f\u00f6ljde efter 4-4-matchen. Han hj\u00e4lpte LHC till fem po\u00e4ng som ger dem lite andrum till lagen d\u00e4r bakom, och framf\u00f6r allt en lugnare jul.<\/p>\n<p> Source: <a href=\"https:\/\/www.eliteprospects.com\/player\/279019\/waltteri-ignatjew\" target=\"_blank\" rel=\"noopener noreferrer nofollow\">Waltteri Ignatjew<\/a> @ Elite Prospects<\/p>\n<p>Backar<\/p>\n<p><a href=\"https:\/\/hockeysverige.se\/spelare\/axel-rindell\/\" rel=\"nofollow noopener\" target=\"_blank\">Axel Rindell<\/a>, HV71<\/p>\n<p>F\u00f6rra s\u00e4songens mest s\u00e5gade spelare har varit b\u00e4ttre i HV71 \u00e4n han var under sin parodiska svaga s\u00e4song i Leksand, men han har f\u00f6rst\u00e5s blandat och gett. Som Axel Rindell alltid g\u00f6r. Men baserat p\u00e5 f\u00f6rra veckans prestationer \u00e4r det sv\u00e5rt att gn\u00e4lla p\u00e5 den finske backen.<\/p>\n<p>Rindell gjorde en po\u00e4ng n\u00e4r HV71, skr\u00e4llartat, fick med sig en po\u00e4ng mot Fr\u00f6lunda. Sen gjorde han fyra (!) po\u00e4ng (2+2) i 5-2-vinsten mot Djurg\u00e5rden i l\u00f6rdags. D\u00e5 \u00e4r man kort och gott given i veckans lag.<\/p>\n<p> Source: <a href=\"https:\/\/www.eliteprospects.com\/player\/375833\/axel-rindell\" target=\"_blank\" rel=\"noopener noreferrer nofollow\">Axel Rindell<\/a> @ Elite Prospects<\/p>\n<p><a href=\"https:\/\/hockeysverige.se\/spelare\/frederic-allard\/\" rel=\"nofollow noopener\" target=\"_blank\">Frederic Allard<\/a>, Lule\u00e5<\/p>\n<p>Frederic Allard har skjutit och skjutit och skjutit och skjutit \u2013 men pucken har inte velat g\u00e5 in. Nu har det till sist lossnat f\u00f6r v\u00e5rens slutspels-MVP.<\/p>\n<p>Kanadensaren blev m\u00e5lskytt i b\u00e5da f\u00f6rra veckans matcher, och adderade dessutom en assistpo\u00e4ng. Det var faktiskt Allards tv\u00e5 f\u00f6rsta fulltr\u00e4ffar f\u00f6r s\u00e4songen, efter att han dessf\u00f6rinnan g\u00e5tt 35 matcher utan m\u00e5l om vi r\u00e4knar in Lule\u00e5s nio CHL-matcher.<\/p>\n<p> Source: <a href=\"https:\/\/www.eliteprospects.com\/player\/213473\/frederic-allard\" target=\"_blank\" rel=\"noopener noreferrer nofollow\">Fr\u00e9d\u00e9ric Allard<\/a> @ Elite Prospects<\/p>\n<p>Forwards<\/p>\n<p><a href=\"https:\/\/hockeysverige.se\/spelare\/jere-innala\/\" rel=\"nofollow noopener\" target=\"_blank\">Jere Innala<\/a>, Fr\u00f6lunda (2)<\/p>\n<p>Fr\u00f6lunda tar jullov med tolv po\u00e4ngs serieledning. Att ledningen \u00e4r s\u00e5 stor kan de bland annat tacka Jere Innala f\u00f6r. Han avgjorde n\u00e4mligen b\u00e5da f\u00f6rra veckans matcher.<\/p>\n<p>F\u00f6rst gjorde han 2+1 i 3-2-segern mot HV71, d\u00e4r det var Innala som avgjorde matchen i straffl\u00e4ggningen. Sen gjorde han 2-0-m\u00e5let i 3-1-segern borta mot Bryn\u00e4s \u2013 och satte allts\u00e5 det matchavg\u00f6rande m\u00e5let \u00e4ven i den matchen. En skaplig vecka p\u00e5 jobbet, helt enkelt.<\/p>\n<p> Source: <a href=\"https:\/\/www.eliteprospects.com\/player\/277079\/jere-innala\" target=\"_blank\" rel=\"noopener noreferrer nofollow\">Jere Innala<\/a> @ Elite Prospects<\/p>\n<p><a href=\"https:\/\/hockeysverige.se\/spelare\/brian-oneill\/\" rel=\"nofollow noopener\" target=\"_blank\">Brian O\u2019Neill<\/a>, Lule\u00e5<\/p>\n<p>Brian O\u2019Neill har hittat po\u00e4ngformen igen. Eller vad s\u00e4gs om sju po\u00e4ng p\u00e5 de tre senaste SHL-matcherna, och fem po\u00e4ng p\u00e5 f\u00f6rra veckans tv\u00e5 matcher? O\u2019Neill var tillsammans med Axel Rindell den spelare som gjorde flest po\u00e4ng i ligan f\u00f6rra veckan.<\/p>\n<p>Lule\u00e5s stj\u00e4rncenter levererade tv\u00e5 po\u00e4ng i den starka v\u00e4ndningen mot V\u00e4xj\u00f6 i torsdags och tre po\u00e4ng i segern mot formstarka Malm\u00f6 i l\u00f6rdags. Fr\u00e5gan \u00e4r om inte den kanadensiske po\u00e4ngsprutan s\u00e5g till att hj\u00e4lpa Lule\u00e5 ur den v\u00e4rsta krisen och den v\u00e4rsta bottenstriden en g\u00e5ng f\u00f6r alla nu? Har stj\u00e4rnlaget i Norrbotten mullrat ig\u00e5ng nu?<\/p>\n<p> Source: <a href=\"https:\/\/www.eliteprospects.com\/player\/16709\/brian-o-neill\" target=\"_blank\" rel=\"noopener noreferrer nofollow\">Brian O\u2019Neill<\/a> @ Elite Prospects<\/p>\n<p><a href=\"https:\/\/hockeysverige.se\/spelare\/jonathan-ang\/\" rel=\"nofollow noopener\" target=\"_blank\">Jonathan Ang<\/a>, HV71 (2)<\/p>\n<p>Det var m\u00e5nga bottenlag som levererade f\u00f6rra veckan. HV71 var ett av dem. De fick med sig fyra po\u00e4ng fr\u00e5n en riktig \u00f6desvecka, och det kan man delvis tacka Jonathan Ang f\u00f6r. Stj\u00e4rnforwarden gjorde en po\u00e4ng i straffnederlaget mot Fr\u00f6lunda i torsdags och sedan tre assistpo\u00e4ng i den extremt viktiga matchen mot Djurg\u00e5rden i helgen.<\/p>\n<p>Det som ocks\u00e5 stack ut med Ang f\u00f6rra veckan var att han var inne p\u00e5 fyra m\u00e5l fram\u00e5t och inte ett enda m\u00e5l bak\u00e5t, trots rikligt med speltid i b\u00e5da matcherna.<\/p>\n<p> Source: <a href=\"https:\/\/www.eliteprospects.com\/player\/251447\/jonathan-ang\" target=\"_blank\" rel=\"noopener noreferrer nofollow\">Jonathan Ang<\/a> @ Elite Prospects<\/p>\n","protected":false},"excerpt":{"rendered":"En ny SHL-vecka \u00e4r f\u00e4rdigspelad. D\u00e4rf\u00f6r plockar M\u00e5ns Karlsson ut s\u00e4songens tolfte \u201dVeckans lag\u201d i\u00a0SHL. Vann b\u00e5da sina&hellip;\n","protected":false},"author":2,"featured_media":113876,"comment_status":"","ping_status":"","sticky":false,"template":"","format":"standard","meta":{"footnotes":""},"categories":[68],"tags":[741,34,134,111,110,31,33,32,30],"class_list":{"0":"post-113875","1":"post","2":"type-post","3":"status-publish","4":"format-standard","5":"has-post-thumbnail","7":"category-sport","8":"tag-featured-articles","9":"tag-se","10":"tag-shl","11":"tag-sport","12":"tag-sports","13":"tag-svenska","14":"tag-sverige","15":"tag-sweden","16":"tag-swedish"},"share_on_mastodon":{"url":"https:\/\/pubeurope.com\/@se\/115763356796378931","error":""},"_links":{"self":[{"href":"https:\/\/www.europesays.com\/se\/wp-json\/wp\/v2\/posts\/113875","targetHints":{"allow":["GET"]}}],"collection":[{"href":"https:\/\/www.europesays.com\/se\/wp-json\/wp\/v2\/posts"}],"about":[{"href":"https:\/\/www.europesays.com\/se\/wp-json\/wp\/v2\/types\/post"}],"author":[{"embeddable":true,"href":"https:\/\/www.europesays.com\/se\/wp-json\/wp\/v2\/users\/2"}],"replies":[{"embeddable":true,"href":"https:\/\/www.europesays.com\/se\/wp-json\/wp\/v2\/comments?post=113875"}],"version-history":[{"count":0,"href":"https:\/\/www.europesays.com\/se\/wp-json\/wp\/v2\/posts\/113875\/revisions"}],"wp:featuredmedia":[{"embeddable":true,"href":"https:\/\/www.europesays.com\/se\/wp-json\/wp\/v2\/media\/113876"}],"wp:attachment":[{"href":"https:\/\/www.europesays.com\/se\/wp-json\/wp\/v2\/media?parent=113875"}],"wp:term":[{"taxonomy":"category","embeddable":true,"href":"https:\/\/www.europesays.com\/se\/wp-json\/wp\/v2\/categories?post=113875"},{"taxonomy":"post_tag","embeddable":true,"href":"https:\/\/www.europesays.com\/se\/wp-json\/wp\/v2\/tags?post=113875"}],"curies":[{"name":"wp","href":"https:\/\/api.w.org\/{rel}","templated":true}]}}