{"id":113913,"date":"2025-12-22T13:47:08","date_gmt":"2025-12-22T13:47:08","guid":{"rendered":"https:\/\/www.europesays.com\/se\/113913\/"},"modified":"2025-12-22T13:47:08","modified_gmt":"2025-12-22T13:47:08","slug":"hjarnstark-traning-for-din-hjarnhalsa","status":"publish","type":"post","link":"https:\/\/www.europesays.com\/se\/113913\/","title":{"rendered":"Hj\u00e4rnstark \u2013 Tr\u00e4ning f\u00f6r din hj\u00e4rnh\u00e4lsa"},"content":{"rendered":"<p class=\"normal\">\u2013 En internationell forskningsstudie (FINGER-studien) har visat att olika livsstils\u00e5tg\u00e4rder kan f\u00f6rb\u00e4ttra hj\u00e4rnh\u00e4lsa och f\u00f6rebygga kognitiv svikt, s\u00e4ger Marie Eriksson, enhetschef f\u00f6r demensteamet hos V\u00e5rd- och omsorgsf\u00f6rvaltningen.<\/p>\n<p class=\"normal\">Tr\u00e4ningen sker i en liten grupp och leds av erfarna tr\u00e4nare. Varje pass avslutas med fika och samtal. Vid tr\u00e4ffarna f\u00e5r du ocks\u00e5 information om hur du kan st\u00e4rka din hj\u00e4rnh\u00e4lsa genom sunda levnadsvanor. Tr\u00e4ningen \u00e4r kostnadsfri.<\/p>\n<p class=\"normal\">\u2013 Man har bland annat sett att fysiska och sociala aktiviteter har en positiv effekt p\u00e5 hj\u00e4rnan. Livsstils\u00e5tg\u00e4rderna kan ocks\u00e5 bidra till att bromsa en process som redan startat, s\u00e5 det \u00e4r aldrig f\u00f6r sent att b\u00f6rja. M\u00e5ls\u00e4ttningen med detta samarbete \u00e4r att bidra till en b\u00e4ttre h\u00e4lsa och livskvalitet f\u00f6r \u00e4ldre personer med begynnande kognitiv svikt\/demenssjukdom och deras anh\u00f6riga, s\u00e4ger Marie Eriksson.<\/p>\n<p>N\u00e4r och var?<\/p>\n<p class=\"normal\">Tr\u00e4ningsgruppen tr\u00e4ffas torsdagar mellan kl. 13.30 och 14.45 hos Friskis&amp;Svettis p\u00e5 Fr\u00f6s\u00f6 Strand. Det f\u00f6rsta tillf\u00e4llet \u00e4r den 12 februari. Det \u00e4r ett \u201dprova p\u00e5-tillf\u00e4lle\u201d d\u00e5 du kan testa tr\u00e4ningen och st\u00e4lla fr\u00e5gor om du undrar n\u00e5got. Sedan kommer tr\u00e4ningen att p\u00e5g\u00e5 under 12 veckor.<\/p>\n<p>Anm\u00e4lan<\/p>\n<p class=\"normal\">Vill du vara med? Anm\u00e4lan b\u00f6rjar <strong>12 januari.<\/strong><\/p>\n<p class=\"normal\">Har du fr\u00e5gor kan du kontakta projektledare Andreas Bengtsson via e-post, <a href=\"https:\/\/www.ostersund.se\/om-webbplatsen\/nyhetsarkiv\/nyhetsarkiv\/mailto:andreas.bengtsson@ostersund.se\" rel=\"nofollow noopener\" target=\"_blank\">andreas.bengtsson@ostersund.se<\/a> eller telefon 072-221 75 14.<\/p>\n<p class=\"normal\">Varmt v\u00e4lkommen!<\/p>\n","protected":false},"excerpt":{"rendered":"\u2013 En internationell forskningsstudie (FINGER-studien) har visat att olika livsstils\u00e5tg\u00e4rder kan f\u00f6rb\u00e4ttra hj\u00e4rnh\u00e4lsa och f\u00f6rebygga kognitiv svikt, s\u00e4ger&hellip;\n","protected":false},"author":2,"featured_media":42664,"comment_status":"","ping_status":"","sticky":false,"template":"","format":"standard","meta":{"footnotes":""},"categories":[12],"tags":[5444,22,23,26,27,113,17,21,24,25,28,29,15,16,18,34,3098,31,33,32,30,19,20],"class_list":{"0":"post-113913","1":"post","2":"type-post","3":"status-publish","4":"format-standard","5":"has-post-thumbnail","7":"category-sverige","8":"tag-aldre","9":"tag-breaking-news","10":"tag-breakingnews","11":"tag-featured-news","12":"tag-featurednews","13":"tag-halsa","14":"tag-headlines","15":"tag-huvudnyheter","16":"tag-latest-news","17":"tag-latestnews","18":"tag-main-news","19":"tag-mainnews","20":"tag-news","21":"tag-nyheter","22":"tag-rubriker","23":"tag-se","24":"tag-senior","25":"tag-svenska","26":"tag-sverige","27":"tag-sweden","28":"tag-swedish","29":"tag-top-stories","30":"tag-topstories"},"share_on_mastodon":{"url":"https:\/\/pubeurope.com\/@se\/115763534312728956","error":""},"_links":{"self":[{"href":"https:\/\/www.europesays.com\/se\/wp-json\/wp\/v2\/posts\/113913","targetHints":{"allow":["GET"]}}],"collection":[{"href":"https:\/\/www.europesays.com\/se\/wp-json\/wp\/v2\/posts"}],"about":[{"href":"https:\/\/www.europesays.com\/se\/wp-json\/wp\/v2\/types\/post"}],"author":[{"embeddable":true,"href":"https:\/\/www.europesays.com\/se\/wp-json\/wp\/v2\/users\/2"}],"replies":[{"embeddable":true,"href":"https:\/\/www.europesays.com\/se\/wp-json\/wp\/v2\/comments?post=113913"}],"version-history":[{"count":0,"href":"https:\/\/www.europesays.com\/se\/wp-json\/wp\/v2\/posts\/113913\/revisions"}],"wp:featuredmedia":[{"embeddable":true,"href":"https:\/\/www.europesays.com\/se\/wp-json\/wp\/v2\/media\/42664"}],"wp:attachment":[{"href":"https:\/\/www.europesays.com\/se\/wp-json\/wp\/v2\/media?parent=113913"}],"wp:term":[{"taxonomy":"category","embeddable":true,"href":"https:\/\/www.europesays.com\/se\/wp-json\/wp\/v2\/categories?post=113913"},{"taxonomy":"post_tag","embeddable":true,"href":"https:\/\/www.europesays.com\/se\/wp-json\/wp\/v2\/tags?post=113913"}],"curies":[{"name":"wp","href":"https:\/\/api.w.org\/{rel}","templated":true}]}}