{"id":113922,"date":"2025-12-22T13:55:08","date_gmt":"2025-12-22T13:55:08","guid":{"rendered":"https:\/\/www.europesays.com\/se\/113922\/"},"modified":"2025-12-22T13:55:08","modified_gmt":"2025-12-22T13:55:08","slug":"skadligt-att-inte-ge-hela-bilden","status":"publish","type":"post","link":"https:\/\/www.europesays.com\/se\/113922\/","title":{"rendered":"\u201dSkadligt att inte ge hela bilden\u201d"},"content":{"rendered":"<p>Men det finns s\u00e4tt att turista utan att g\u00f6ra mer skada \u00e4n nytta.<\/p>\n<p>\u2013 Det \u00e4r ett vackert land som tagits \u00f6ver av en grupp som inf\u00f6rt alla dessa restriktioner. Men det enda vi h\u00f6r \u00e4r den f\u00f6rsta delen i meningen, det \u00e4r vackert, maten \u00e4r god, afghaner bjuder p\u00e5 te, men vi f\u00e5r s\u00e4llan hela bilden. Det g\u00f6r turism skadligt.<\/p>\n<p>Fereshta Abbasi, sj\u00e4lv afghanska, \u00e4r Afghanistanresearcher p\u00e5 HRW. Hon menar att bilder p\u00e5 vacker natur, glada afghaner och god mat passar perfekt in i talibanernas propaganda om att allt \u00e4r normalt i  Afghanistan, att det afghanska folket \u00e4r lyckligt. Turism g\u00e5r till m\u00e5nga problematiska l\u00e4nder, men  Afghanistan \u00e4r inte j\u00e4mf\u00f6rbart med n\u00e5got annat land i v\u00e4rlden, anser Fereshta Abbasi. Det \u00e4r v\u00e4rldens v\u00e4rsta land n\u00e4r det g\u00e4ller kr\u00e4nkningar av kvinnors m\u00e4nskliga r\u00e4ttigheter.<\/p>\n<p>\u2013 Det \u00e4r en grupp som har tagit \u00f6ver landet och som i huvudsak f\u00f6rnekar alla afghaner deras fundamentala r\u00e4ttigheter, s\u00e4ger Fereshta Abbasi.<\/p>\n<p>Afghanska journalister \u00e4r f\u00f6rhindrade att rapportera om m\u00e5nga fr\u00e5gor, som kvinnors r\u00e4ttigheter. D\u00e4rf\u00f6r b\u00f6r utl\u00e4ndska bes\u00f6kare anv\u00e4nda sin privilegierade situation till att inte bara f\u00f6rmedla de vackra bilderna, utan ocks\u00e5 ber\u00e4tta om restriktionerna, menar Fereshta Abbasi. Det kanske inte \u00e4r m\u00f6jligt n\u00e4r man \u00e4r i  landet, men n\u00e4r man har l\u00e4mnat det.<\/p>\n<p>Hon kan se vissa positiva aspekter av turism, som att det gynnar ekonomin och kan bidra till att Afghanistan uppm\u00e4rksammas. Men bara s\u00e5 l\u00e4nge bes\u00f6karna \u00e4r medvetna om vilket sorts land de bes\u00f6ker, och ber\u00e4ttar \u00e4ven om de negativa sidorna.<\/p>\n<p>Kontakter mellan afghaner och utl\u00e4ndska bes\u00f6kare kan ha positiva effekter, speciellt m\u00f6ten med kvinnor, s\u00e4ger hon.<\/p>\n<p>\u2013 Du kan h\u00e5lla hoppet levande, om du kan visa afghanska kvinnor att det som h\u00e4nder i Afghanistan inte \u00e4r normalt. Jag tror att kvinnor i Afghanistan beh\u00f6ver h\u00f6ra det, och f\u00e5 m\u00f6jlighet till kontakter. Kvinnor beh\u00f6ver f\u00f6rst\u00e5 att det finns en v\u00e4rld utanf\u00f6r Afghanistan d\u00e4r kvinnors sj\u00e4lvbest\u00e4mmande och de fundamentala r\u00e4ttigheterna respekteras. Att ha s\u00e5dana samtal skulle kunna ha betydelse.<\/p>\n<p><img decoding=\"async\" src=\"https:\/\/www.europesays.com\/se\/wp-content\/uploads\/2025\/12\/eva_web-150x150.png\"\/>Eva Kellstr\u00f6m Froste<\/p>\n<p>Redakt\u00f6r f\u00f6r Afghanistan-nytt<\/p>\n","protected":false},"excerpt":{"rendered":"Men det finns s\u00e4tt att turista utan att g\u00f6ra mer skada \u00e4n nytta. \u2013 Det \u00e4r ett vackert&hellip;\n","protected":false},"author":2,"featured_media":113923,"comment_status":"","ping_status":"","sticky":false,"template":"","format":"standard","meta":{"footnotes":""},"categories":[14],"tags":[22,23,26,27,17,21,24,25,28,29,15,16,18,34,31,33,32,30,19,20,51,52,53,54],"class_list":{"0":"post-113922","1":"post","2":"type-post","3":"status-publish","4":"format-standard","5":"has-post-thumbnail","7":"category-varlden","8":"tag-breaking-news","9":"tag-breakingnews","10":"tag-featured-news","11":"tag-featurednews","12":"tag-headlines","13":"tag-huvudnyheter","14":"tag-latest-news","15":"tag-latestnews","16":"tag-main-news","17":"tag-mainnews","18":"tag-news","19":"tag-nyheter","20":"tag-rubriker","21":"tag-se","22":"tag-svenska","23":"tag-sverige","24":"tag-sweden","25":"tag-swedish","26":"tag-top-stories","27":"tag-topstories","28":"tag-varlden","29":"tag-world","30":"tag-world-news","31":"tag-worldnews"},"share_on_mastodon":{"url":"https:\/\/pubeurope.com\/@se\/115763565387101908","error":""},"_links":{"self":[{"href":"https:\/\/www.europesays.com\/se\/wp-json\/wp\/v2\/posts\/113922","targetHints":{"allow":["GET"]}}],"collection":[{"href":"https:\/\/www.europesays.com\/se\/wp-json\/wp\/v2\/posts"}],"about":[{"href":"https:\/\/www.europesays.com\/se\/wp-json\/wp\/v2\/types\/post"}],"author":[{"embeddable":true,"href":"https:\/\/www.europesays.com\/se\/wp-json\/wp\/v2\/users\/2"}],"replies":[{"embeddable":true,"href":"https:\/\/www.europesays.com\/se\/wp-json\/wp\/v2\/comments?post=113922"}],"version-history":[{"count":0,"href":"https:\/\/www.europesays.com\/se\/wp-json\/wp\/v2\/posts\/113922\/revisions"}],"wp:featuredmedia":[{"embeddable":true,"href":"https:\/\/www.europesays.com\/se\/wp-json\/wp\/v2\/media\/113923"}],"wp:attachment":[{"href":"https:\/\/www.europesays.com\/se\/wp-json\/wp\/v2\/media?parent=113922"}],"wp:term":[{"taxonomy":"category","embeddable":true,"href":"https:\/\/www.europesays.com\/se\/wp-json\/wp\/v2\/categories?post=113922"},{"taxonomy":"post_tag","embeddable":true,"href":"https:\/\/www.europesays.com\/se\/wp-json\/wp\/v2\/tags?post=113922"}],"curies":[{"name":"wp","href":"https:\/\/api.w.org\/{rel}","templated":true}]}}