{"id":113929,"date":"2025-12-22T14:00:12","date_gmt":"2025-12-22T14:00:12","guid":{"rendered":"https:\/\/www.europesays.com\/se\/113929\/"},"modified":"2025-12-22T14:00:12","modified_gmt":"2025-12-22T14:00:12","slug":"mordaren-har-flerrattigheter-an-vi","status":"publish","type":"post","link":"https:\/\/www.europesays.com\/se\/113929\/","title":{"rendered":"M\u00f6rdaren har fler\nr\u00e4ttigheter \u00e4n vi"},"content":{"rendered":"<p>Publicerad 22 dec 2025 kl 14.00<\/p>\n<p>En augustidag 2019 m\u00f6rdades 16-\u00e5rige Peter Plax av en j\u00e4mn\u00e5rig.<\/p>\n<p>Dmitri Plax s\u00f6kte ett svar p\u00e5 varf\u00f6r m\u00f6rdaren nu beviljas permissioner \u2013 f\u00f6rklaringen f\u00e5r honom att fundera \u00f6ver vad ord betyder.<\/p>\n<p><img   alt=\"\"\/><\/p>\n<p>Peter Plax p\u00e5 den sista bild som hans pappa Dmitri tog av honom.<\/p>\n<p>Foto: PRIVAT<\/p>\n<p>\u00d6ppna bild i helsk\u00e4rm<img loading=\"lazy\"   alt=\"\"\/><\/p>\n<p>Dmitri Plax \u00e4r dramatiker och medarbetare p\u00e5 Expressens kultursida.<\/p>\n<p>Foto: Fredrik Sandberg \/ TT NYHETSBYR\u00c5N<\/p>\n<p>\u00d6ppna bild i helsk\u00e4rm<img loading=\"lazy\"   alt=\"\"\/><\/p>\n<p>I oktober f\u00e5r Dmitri Plax ett samtal fr\u00e5n r\u00e4ttspsykiatrin om att hans sons m\u00f6rdare har beviljats permissioner.<\/p>\n<p>\u00d6ppna bild i helsk\u00e4rm<\/p>\n<p><strong>KOMMENTAR<\/strong>. I oktober <a href=\"https:\/\/www.expressen.se\/kultur\/min-sons-mordare--ska-nu-ut-och-fika\" rel=\"nofollow noopener\" target=\"_blank\">skrev jag om ett samtal <\/a>som en dag, mitt i dammsugningen, kom fr\u00e5n r\u00e4ttspsykiatrin. En kvinna meddelade mig att han som f\u00f6r sex \u00e5r sedan m\u00f6rdade min son hade beviljats tre permissioner.\u00a0<\/p>\n<p>Texter orsakade en del reaktioner och uppmaningar till att forts\u00e4tta skriva om \u00e4mnet som jag ber\u00f6rt \u2013 om anh\u00f6riga, om offrens perspektiv. Jag \u00e4r tacksam f\u00f6r alla reaktioner och allt st\u00f6d. I likhet med m\u00e5nga av er tycker jag ocks\u00e5 att fokuseringen p\u00e5 g\u00e4rningsm\u00e4n \u00e4r konstig \u2013 f\u00f6r att inte s\u00e4ga sjuk. Inte minst inom kultursf\u00e4ren d\u00e4r otaliga \u201dtrue crime\u201d-ber\u00e4ttelser och h\u00f6gar med deckarlitteratur s\u00e5 gott som alltid s\u00e4tter g\u00e4rningsmannens nervkittlande beteende och perversa logik i centrum. Incitamentet tycks vara: \u201dtitta vad hemskt, visst \u00e4r det fascinerande?\u201d<\/p>\n<blockquote><p>&#8217;Helhetsbed\u00f6mningen&#8217; g\u00e4ller g\u00e4rningsmannen.<\/p><\/blockquote>\n<p>I den texten fr\u00e5gade jag hur det g\u00e5r till n\u00e4r en m\u00f6rdare f\u00e5r permissioner beviljade. Jag har nu ett svar, och f\u00f6rklaringen som jag fick var intressant ur bland annat ett spr\u00e5kligt perspektiv. Till grund f\u00f6r s\u00e5dana beslut, f\u00f6rkunnades det, ligger en \u201dhelhetsbed\u00f6mning\u201d. P\u00e5 min f\u00f6ljdfr\u00e5ga om ifall denna \u201dhelhetsbed\u00f6mning\u201d innefattar, exempelvis, offrens anh\u00f6riga och hur beslut om m\u00f6rdares permissioner p\u00e5verkar deras situation var svaret: \u201dNej\u201d. \u201dHelhetsbed\u00f6mningen\u201d g\u00e4ller g\u00e4rningsmannen. Fr\u00e5gan om vad i s\u00e5dant fall f\u00f6rledet \u201dhelhet\u201d betyder i den bed\u00f6mning som g\u00f6rs, f\u00f6rblev obesvarad.\u00a0<\/p>\n<p>\u00c4r det inte lite intressant \u00e4nd\u00e5? En helhetsbed\u00f6mning utan helhet? Ord som betyder n\u00e5got annat \u00e4n det som de egentligen betyder? Ett spr\u00e5k som byggs upp och anv\u00e4nds i ett autonomt syfte, f\u00f6r att motsvara exakt de m\u00e5l som dess skapare avser. Ett spr\u00e5k f\u00f6r att h\u00e5lla alla icke invigda borta fr\u00e5n systemet, men \u00e4nd\u00e5 \u201dl\u00e5ta bra\u201d ut\u00e5t. Och en fr\u00e5ga till \u2013 om \u201dhelhet\u201d inte \u00e4r helhet \u00e4r d\u00e5 \u201dbed\u00f6mning\u201d en bed\u00f6mning? Kan man lita p\u00e5 den?\u00a0<\/p>\n<p>En ungersk marxistisk filosof vid namn <strong>Georg Luk\u00e1cs <\/strong>myntade f\u00f6r drygt 100 \u00e5r sedan begreppet \u201dreifikation\u201d. I stora drag inneb\u00e4r det en f\u00f6rvandling av synen p\u00e5 m\u00e4nniskor \u2013 fr\u00e5n personer till f\u00f6rem\u00e5l. Luk\u00e1cs utvecklade den l\u00e4tt mystiska beskrivningen av varans n\u00e4rmast \u00f6vernaturliga egenskaper man kan hitta i \u201dKapitalet\u201d. Reifikation \u00e4r allts\u00e5 en teoretisk term i beskrivning av ett samh\u00e4lle ur ett ekonomiskt marxistiskt perspektiv.\u00a0<\/p>\n<blockquote><p>M\u00e4nniskor som lidit obeskrivliga f\u00f6rluster, reduceras till omst\u00e4ndigheter.<\/p><\/blockquote>\n<p>Jag har inga anledningar att misst\u00e4nka r\u00e4ttspsykiatrin, <a href=\"https:\/\/www.expressen.se\/tagg\/organization\/kriminalvarden\/\" class=\"\" rel=\"nofollow noopener\" target=\"_blank\">Kriminalv\u00e5rden<\/a> eller r\u00e4ttsv\u00e4sendet i stort f\u00f6r marxistiska b\u00f6jelser. Men n\u00e5got slags f\u00f6rvandling, en annan sorts reifikation, h\u00e4nder d\u00e4r. De anh\u00f6riga, m\u00e4nniskor som lidit obeskrivliga f\u00f6rluster, reduceras till omst\u00e4ndigheter som inte tas i ber\u00e4kning i en process kallad \u201drehabilitering av f\u00f6r\u00f6vare\u201d. Till n\u00e5got som inte inkluderas i helheten vid en helhetsbed\u00f6mning.\u00a0<\/p>\n<p>Jag har redan ben\u00e4mnt det fenomenet som \u201dhumanism p\u00e5 andras bekostnad\u201d. I skrivande stund kan jag inte hitta en b\u00e4ttre definition.\u00a0<\/p>\n<p>Dmitri Plax \u00e4r medarbetare p\u00e5 Expressens kultursida samt regiss\u00f6r, dramatiker och konstn\u00e4rlig ledare f\u00f6r Dramaten.doc.<\/p>\n","protected":false},"excerpt":{"rendered":"Publicerad 22 dec 2025 kl 14.00 En augustidag 2019 m\u00f6rdades 16-\u00e5rige Peter Plax av en j\u00e4mn\u00e5rig. Dmitri Plax&hellip;\n","protected":false},"author":2,"featured_media":113930,"comment_status":"","ping_status":"","sticky":false,"template":"","format":"standard","meta":{"footnotes":""},"categories":[67],"tags":[104,5955,3755,3472,12430,34,31,33,32,30,105],"class_list":{"0":"post-113929","1":"post","2":"type-post","3":"status-publish","4":"format-standard","5":"has-post-thumbnail","7":"category-underhallning","8":"tag-entertainment","9":"tag-organization-dramaten","10":"tag-organization-expressen-kultur","11":"tag-organization-kriminalvarden","12":"tag-person-dmitri-plax","13":"tag-se","14":"tag-svenska","15":"tag-sverige","16":"tag-sweden","17":"tag-swedish","18":"tag-underhallning"},"share_on_mastodon":{"url":"https:\/\/pubeurope.com\/@se\/115763585143865394","error":""},"_links":{"self":[{"href":"https:\/\/www.europesays.com\/se\/wp-json\/wp\/v2\/posts\/113929","targetHints":{"allow":["GET"]}}],"collection":[{"href":"https:\/\/www.europesays.com\/se\/wp-json\/wp\/v2\/posts"}],"about":[{"href":"https:\/\/www.europesays.com\/se\/wp-json\/wp\/v2\/types\/post"}],"author":[{"embeddable":true,"href":"https:\/\/www.europesays.com\/se\/wp-json\/wp\/v2\/users\/2"}],"replies":[{"embeddable":true,"href":"https:\/\/www.europesays.com\/se\/wp-json\/wp\/v2\/comments?post=113929"}],"version-history":[{"count":0,"href":"https:\/\/www.europesays.com\/se\/wp-json\/wp\/v2\/posts\/113929\/revisions"}],"wp:featuredmedia":[{"embeddable":true,"href":"https:\/\/www.europesays.com\/se\/wp-json\/wp\/v2\/media\/113930"}],"wp:attachment":[{"href":"https:\/\/www.europesays.com\/se\/wp-json\/wp\/v2\/media?parent=113929"}],"wp:term":[{"taxonomy":"category","embeddable":true,"href":"https:\/\/www.europesays.com\/se\/wp-json\/wp\/v2\/categories?post=113929"},{"taxonomy":"post_tag","embeddable":true,"href":"https:\/\/www.europesays.com\/se\/wp-json\/wp\/v2\/tags?post=113929"}],"curies":[{"name":"wp","href":"https:\/\/api.w.org\/{rel}","templated":true}]}}