{"id":113931,"date":"2025-12-22T14:02:11","date_gmt":"2025-12-22T14:02:11","guid":{"rendered":"https:\/\/www.europesays.com\/se\/113931\/"},"modified":"2025-12-22T14:02:11","modified_gmt":"2025-12-22T14:02:11","slug":"dags-for-arets-lonerevision-detaljhandelsavtalet","status":"publish","type":"post","link":"https:\/\/www.europesays.com\/se\/113931\/","title":{"rendered":"Dags f\u00f6r \u00e5rets l\u00f6nerevision Detaljhandelsavtalet"},"content":{"rendered":"<p>                <img decoding=\"async\" src=\"https:\/\/www.europesays.com\/se\/wp-content\/uploads\/2025\/09\/nya-sajten2.png\" alt=\"En b\u00e4rbar dator som sitter p\u00e5 ett bord.\" class=\"\"\/><\/p>\n<p>V\u00e4lkommen Svensk Handels nya webbplats!<\/p>\n<p>\n                        Nytt utseende, f\u00f6rb\u00e4ttrad funktionalitet och ett smidigare inlogg med BankID. Vi hoppas att du ska gilla vad du ser.\n                    <\/p>\n<p>\n                        Tillbaka<br \/>\n                        N\u00e4sta<\/p>\n<p>                            St\u00e4ng<\/p>\n<p>                <img decoding=\"async\" src=\"https:\/\/www.europesays.com\/se\/wp-content\/uploads\/2025\/09\/modal-1.png\" alt=\"dator\" class=\"\"\/><\/p>\n<p>En \u00e4nnu vassare Arbetsgivarguide<\/p>\n<p>\n                        Nu finns m\u00f6jlighet att f\u00e5 text uppl\u00e4st och \u00f6versatt. Dessutom har vi uppdaterat inneh\u00e5llet med en ny r\u00e4knesnurra.\n                    <\/p>\n<p>\n                        Tillbaka<br \/>\n                        N\u00e4sta<\/p>\n<p>                            St\u00e4ng<\/p>\n<p>                <img decoding=\"async\" src=\"https:\/\/www.europesays.com\/se\/wp-content\/uploads\/2025\/09\/namnlos-design-19.png\" alt=\"dator\" class=\"\"\/><\/p>\n<p>Ny sida samlar checklistor, tips och verktyg<\/p>\n<p>\n                        Vi hj\u00e4lper dig som handelsf\u00f6retagare att g\u00f6ra r\u00e4tt. Svensk Handel checklistor och guider inom en rad omr\u00e5den. Exklusiva f\u00f6r dig som medlem.\n                    <\/p>\n<p>\n                        Tillbaka<br \/>\n                        N\u00e4sta<\/p>\n<p>                            St\u00e4ng<\/p>\n<p>                <img decoding=\"async\" src=\"https:\/\/www.europesays.com\/se\/wp-content\/uploads\/2025\/09\/mina-sidor.png\" alt=\"dator\" class=\"\"\/><\/p>\n<p>F\u00e5 ut mer av Mina sidor<\/p>\n<p>\n                        Mina sidor samlar all information om ditt medlemskap. Du kan exempelvis v\u00e4lja vilka av Svensk Handels olika nyhetsbrev du vill ta del av.\n                    <\/p>\n<p>\n                        Tillbaka<br \/>\n                        N\u00e4sta<\/p>\n<p>                            St\u00e4ng<\/p>\n","protected":false},"excerpt":{"rendered":"V\u00e4lkommen Svensk Handels nya webbplats! Nytt utseende, f\u00f6rb\u00e4ttrad funktionalitet och ett smidigare inlogg med BankID. Vi hoppas att&hellip;\n","protected":false},"author":2,"featured_media":32549,"comment_status":"","ping_status":"","sticky":false,"template":"","format":"standard","meta":{"footnotes":""},"categories":[65],"tags":[72,70,71,34,31,33,32,30],"class_list":{"0":"post-113931","1":"post","2":"type-post","3":"status-publish","4":"format-standard","5":"has-post-thumbnail","7":"category-ekonomi","8":"tag-business","9":"tag-economy","10":"tag-ekonomi","11":"tag-se","12":"tag-svenska","13":"tag-sverige","14":"tag-sweden","15":"tag-swedish"},"share_on_mastodon":{"url":"https:\/\/pubeurope.com\/@se\/115763593036255589","error":""},"_links":{"self":[{"href":"https:\/\/www.europesays.com\/se\/wp-json\/wp\/v2\/posts\/113931","targetHints":{"allow":["GET"]}}],"collection":[{"href":"https:\/\/www.europesays.com\/se\/wp-json\/wp\/v2\/posts"}],"about":[{"href":"https:\/\/www.europesays.com\/se\/wp-json\/wp\/v2\/types\/post"}],"author":[{"embeddable":true,"href":"https:\/\/www.europesays.com\/se\/wp-json\/wp\/v2\/users\/2"}],"replies":[{"embeddable":true,"href":"https:\/\/www.europesays.com\/se\/wp-json\/wp\/v2\/comments?post=113931"}],"version-history":[{"count":0,"href":"https:\/\/www.europesays.com\/se\/wp-json\/wp\/v2\/posts\/113931\/revisions"}],"wp:featuredmedia":[{"embeddable":true,"href":"https:\/\/www.europesays.com\/se\/wp-json\/wp\/v2\/media\/32549"}],"wp:attachment":[{"href":"https:\/\/www.europesays.com\/se\/wp-json\/wp\/v2\/media?parent=113931"}],"wp:term":[{"taxonomy":"category","embeddable":true,"href":"https:\/\/www.europesays.com\/se\/wp-json\/wp\/v2\/categories?post=113931"},{"taxonomy":"post_tag","embeddable":true,"href":"https:\/\/www.europesays.com\/se\/wp-json\/wp\/v2\/tags?post=113931"}],"curies":[{"name":"wp","href":"https:\/\/api.w.org\/{rel}","templated":true}]}}