{"id":113932,"date":"2025-12-22T14:03:07","date_gmt":"2025-12-22T14:03:07","guid":{"rendered":"https:\/\/www.europesays.com\/se\/113932\/"},"modified":"2025-12-22T14:03:07","modified_gmt":"2025-12-22T14:03:07","slug":"kobildning-i-sodra-lanken-infarter-stangdes-av","status":"publish","type":"post","link":"https:\/\/www.europesays.com\/se\/113932\/","title":{"rendered":"K\u00f6bildning i S\u00f6dra l\u00e4nken \u2013 infarter st\u00e4ngdes av"},"content":{"rendered":"<p>Det var vid 14-tiden som infarterna fr\u00e5n Sickla och Gullmarsplan fick st\u00e4ngas av efter att det bildats l\u00e5nga k\u00f6er i S\u00f6dra l\u00e4nken.<\/p>\n<p>\u2013 Just tunneln \u00e4r v\u00e4ldigt k\u00e4nslig, vi vill inte ha f\u00f6r m\u00e5nga stillast\u00e5ende bilar d\u00e4r inne. N\u00e4r det blir f\u00f6r mycket trafik s\u00e5 st\u00e4nger vi infarterna, s\u00e4ger Katarina Wolffram, presstalesperson p\u00e5 Trafikverket.<\/p>\n<p>Runt 14.40 h\u00f6ll infarterna p\u00e5 att \u00f6ppnas igen men enligt Trafikverket kan de beh\u00f6va st\u00e4nga tunneln igen. <\/p>\n<p>\u2013N\u00e4r det blir f\u00f6r mycket trafik s\u00e5 st\u00e4nger vi infarterna. <\/p>\n<p>I en tidigare version av den h\u00e4r artikeln stod det att en trafikolycka hade intr\u00e4ffat men enligt Trafikverket kan de inte se att det varit orsaken till stoppet. <\/p>\n","protected":false},"excerpt":{"rendered":"Det var vid 14-tiden som infarterna fr\u00e5n Sickla och Gullmarsplan fick st\u00e4ngas av efter att det bildats l\u00e5nga&hellip;\n","protected":false},"author":2,"featured_media":793,"comment_status":"","ping_status":"","sticky":false,"template":"","format":"standard","meta":{"footnotes":""},"categories":[14],"tags":[22,23,26,27,17,21,24,25,28,29,15,16,18,34,31,33,32,30,19,20,51,52,53,54],"class_list":{"0":"post-113932","1":"post","2":"type-post","3":"status-publish","4":"format-standard","5":"has-post-thumbnail","7":"category-varlden","8":"tag-breaking-news","9":"tag-breakingnews","10":"tag-featured-news","11":"tag-featurednews","12":"tag-headlines","13":"tag-huvudnyheter","14":"tag-latest-news","15":"tag-latestnews","16":"tag-main-news","17":"tag-mainnews","18":"tag-news","19":"tag-nyheter","20":"tag-rubriker","21":"tag-se","22":"tag-svenska","23":"tag-sverige","24":"tag-sweden","25":"tag-swedish","26":"tag-top-stories","27":"tag-topstories","28":"tag-varlden","29":"tag-world","30":"tag-world-news","31":"tag-worldnews"},"share_on_mastodon":{"url":"https:\/\/pubeurope.com\/@se\/115763596758675479","error":""},"_links":{"self":[{"href":"https:\/\/www.europesays.com\/se\/wp-json\/wp\/v2\/posts\/113932","targetHints":{"allow":["GET"]}}],"collection":[{"href":"https:\/\/www.europesays.com\/se\/wp-json\/wp\/v2\/posts"}],"about":[{"href":"https:\/\/www.europesays.com\/se\/wp-json\/wp\/v2\/types\/post"}],"author":[{"embeddable":true,"href":"https:\/\/www.europesays.com\/se\/wp-json\/wp\/v2\/users\/2"}],"replies":[{"embeddable":true,"href":"https:\/\/www.europesays.com\/se\/wp-json\/wp\/v2\/comments?post=113932"}],"version-history":[{"count":0,"href":"https:\/\/www.europesays.com\/se\/wp-json\/wp\/v2\/posts\/113932\/revisions"}],"wp:featuredmedia":[{"embeddable":true,"href":"https:\/\/www.europesays.com\/se\/wp-json\/wp\/v2\/media\/793"}],"wp:attachment":[{"href":"https:\/\/www.europesays.com\/se\/wp-json\/wp\/v2\/media?parent=113932"}],"wp:term":[{"taxonomy":"category","embeddable":true,"href":"https:\/\/www.europesays.com\/se\/wp-json\/wp\/v2\/categories?post=113932"},{"taxonomy":"post_tag","embeddable":true,"href":"https:\/\/www.europesays.com\/se\/wp-json\/wp\/v2\/tags?post=113932"}],"curies":[{"name":"wp","href":"https:\/\/api.w.org\/{rel}","templated":true}]}}