{"id":113933,"date":"2025-12-22T14:04:08","date_gmt":"2025-12-22T14:04:08","guid":{"rendered":"https:\/\/www.europesays.com\/se\/113933\/"},"modified":"2025-12-22T14:04:08","modified_gmt":"2025-12-22T14:04:08","slug":"nya-uppdrag-till-myndigheterna-inom-energiomradet","status":"publish","type":"post","link":"https:\/\/www.europesays.com\/se\/113933\/","title":{"rendered":"Nya uppdrag till myndigheterna inom energiomr\u00e5det"},"content":{"rendered":"<p>&#13;<br \/>\nI regleringsbreven f\u00f6r 2026 f\u00e5r myndigheterna inom energiomr\u00e5det uppdrag som bidrar till ett robust, kostnadseffektivt och fossilfritt energisystem som m\u00f6jligg\u00f6r klimatomst\u00e4llningen, st\u00e4rker konkurrenskraften och m\u00f6ter framtidens behov \u2013 i vardag, i kris och ytterst i krig. <\/p>\n<p>\u2013 Myndigheterna inom energiomr\u00e5det har en central roll f\u00f6r att s\u00e4kra ett robust elsystem som bidrar till svensk konkurrenskraft och v\u00e4lf\u00e4rd. Under 2026 intensifierar d\u00e4rf\u00f6r regeringen arbetet med att trygga det svenska energisystemet p\u00e5 l\u00e5ng och kort sikt. Genom uppdragen i regleringsbreven kan vi st\u00e4rka dessa prioriterade omr\u00e5den, s\u00e4ger energi- och n\u00e4ringsminister Ebba Busch.\u00a0<\/p>\n<p>\u2013 En stabil energif\u00f6rs\u00f6rjning \u00e4r en grundf\u00f6ruts\u00e4ttning f\u00f6r Sveriges totalf\u00f6rsvar. Det \u00e4r en grundplatta f\u00f6r att sjukv\u00e5rden, dricksvattenf\u00f6rs\u00f6rjningen, barn- och \u00e4ldreomsorgen, och andra kritiska samh\u00e4llsfunktioner. D\u00e4rf\u00f6r \u00e4r det angel\u00e4get att regeringen nu tar ytterligare steg f\u00f6r att st\u00e4rka landets energif\u00f6rs\u00f6rjning, f\u00f6r att Sveriges ska st\u00e5 stabilt i allvarstider, s\u00e4ger minister f\u00f6r civilt f\u00f6rsvar Carl-Oskar Bohlin.<\/p>\n<p>Sveriges samlade motst\u00e5ndskraft forts\u00e4tter st\u00e4rkas<\/p>\n<p>En fungerande energif\u00f6rs\u00f6rjning \u00e4r central f\u00f6r att ett samh\u00e4lle ska fungera \u00e4ven vid h\u00f6jd beredskap och ytterst i krig. Aff\u00e4rsverket svenska kraftn\u00e4t (Svenska kraftn\u00e4t) ska d\u00e4rf\u00f6r utreda och f\u00f6resl\u00e5 hur civilplikt med m\u00f6nstring och l\u00e5ng grundutbildning kan utformas. Systemet ska g\u00e4lla drift och underh\u00e5ll inom elproduktion och n\u00e4tverksamhet.<\/p>\n<p>F\u00f6r att st\u00e4rka leveranss\u00e4kerheten ska Statens energimyndighet (Energimyndigheten) vidta \u00e5tg\u00e4rder f\u00f6r att st\u00e4rka samh\u00e4llets f\u00f6rm\u00e5ga att uppr\u00e4tth\u00e5lla och om n\u00f6dv\u00e4ndigt anpassa energif\u00f6rs\u00f6rjningen under h\u00f6jd beredskap och ytterst krig. Energimyndigheten ska ocks\u00e5 utreda och bed\u00f6ma behovet av och f\u00f6ruts\u00e4ttningarna f\u00f6r civilplikt inom drift, underh\u00e5ll och reparationer vid andra energislag \u00e4n el.<\/p>\n<p>Els\u00e4kerhetsverket har f\u00e5tt ett f\u00f6rl\u00e4ngt uppdrag att utreda behovet av undantag fr\u00e5n regelverket vid h\u00f6jd beredskap. Myndigheten ska leverera konkreta f\u00f6rfattningsf\u00f6rslag. De ska ocks\u00e5 redovisa vilka \u00e5tg\u00e4rder man har genomf\u00f6rt f\u00f6r att h\u00f6ja det civila f\u00f6rsvarets f\u00f6rm\u00e5ga inom myndighetens ansvarsomr\u00e5de. Redovisningen ska ocks\u00e5 visa hur \u00e5tg\u00e4rderna har bidragit till att uppfylla m\u00e5let f\u00f6r det civila f\u00f6rsvaret.\u00a0\u00a0<\/p>\n<p>Utbyggnaden av elsystemet forts\u00e4tter<\/p>\n<p>Svenska kraftn\u00e4t ska utvidga transmissionsn\u00e4tet i norra Norrbotten. Detta f\u00f6r att m\u00f6jligg\u00f6ra f\u00f6r samh\u00e4lle och industri i norra Sverige att utvecklas p\u00e5 samma villkor som i andra delar av landet.<\/p>\n<p>Energimarknadsinspektionen ska forts\u00e4tta att utveckla metoder och arbetss\u00e4tt f\u00f6r att korta ledtiderna vid tillst\u00e5ndspr\u00f6vningen f\u00f6r utbyggnad av eln\u00e4t. Arbetet ska g\u00f6ras tillsammans med ber\u00f6rda l\u00e4nsstyrelser och Lantm\u00e4teriet. Myndigheterna ska prioritera projekt som syftar till att f\u00f6rb\u00e4ttra \u00f6verf\u00f6ringen i nord-sydlig riktning, mellan elomr\u00e5den och till tillv\u00e4xtomr\u00e5den. \u00c4ven projekt till slutkund som bed\u00f6ms medf\u00f6ra stor samh\u00e4llsnytta och\/eller klimatnytta ska prioriteras.<\/p>\n<p>Energimarknadsinspektionen ska utveckla en karttj\u00e4nst f\u00f6r att presentera den \u00e5rliga eln\u00e4tsutbyggnaden och dess kostnader. Syftet \u00e4r att ge akt\u00f6rer i samh\u00e4llet en god \u00f6verblick \u00f6ver hur mycket eln\u00e4t som byggs i Sverige och d\u00e4rigenom st\u00e4rka energiplaneringen.<\/p>\n<p>Energimarknadsinspektionen ska \u00e4ven f\u00f6ra dialog om elmarknadens regelverk med akt\u00f6rer i Norrbotten, V\u00e4sterbotten, V\u00e4stra G\u00f6taland, Sk\u00e5ne och Gotlands l\u00e4n. Syftet \u00e4r att fr\u00e4mja att flexibilitet kan integreras i relevanta projekt s\u00e5 att anslutning till eln\u00e4tet eller abonnemangs\u00f6kning sker mer effektivt. Det underl\u00e4ttar investeringar f\u00f6r elektrifieringen och klimatomst\u00e4llningen.<\/p>\n<p>F\u00f6r att m\u00f6jligg\u00f6ra f\u00f6r ut\u00f6kad elproduktionskapacitet ska Energimyndigheten st\u00f6dja kompetensf\u00f6rs\u00f6rjningen f\u00f6r elektrifiering. Fokus \u00e4r att kvantifiera behovet av k\u00e4rnkraftskompetens p\u00e5 kort, medell\u00e5ng och l\u00e4ngre sikt. Myndigheten ska \u00e4ven genomf\u00f6ra f\u00f6rst\u00e4rkningen av investeringsst\u00f6det f\u00f6r att st\u00e4rka leveranss\u00e4kerheten i elsystemet, det s\u00e5 kallade Kraftlyftet, samt se \u00f6ver f\u00f6ruts\u00e4ttningarna f\u00f6r mer pumpkraft i Sverige.<\/p>\n","protected":false},"excerpt":{"rendered":"&#13; I regleringsbreven f\u00f6r 2026 f\u00e5r myndigheterna inom energiomr\u00e5det uppdrag som bidrar till ett robust, kostnadseffektivt och fossilfritt&hellip;\n","protected":false},"author":2,"featured_media":67452,"comment_status":"","ping_status":"","sticky":false,"template":"","format":"standard","meta":{"footnotes":""},"categories":[12],"tags":[22,23,26,27,17,21,24,25,28,29,15,16,18,34,31,33,32,30,19,20],"class_list":{"0":"post-113933","1":"post","2":"type-post","3":"status-publish","4":"format-standard","5":"has-post-thumbnail","7":"category-sverige","8":"tag-breaking-news","9":"tag-breakingnews","10":"tag-featured-news","11":"tag-featurednews","12":"tag-headlines","13":"tag-huvudnyheter","14":"tag-latest-news","15":"tag-latestnews","16":"tag-main-news","17":"tag-mainnews","18":"tag-news","19":"tag-nyheter","20":"tag-rubriker","21":"tag-se","22":"tag-svenska","23":"tag-sverige","24":"tag-sweden","25":"tag-swedish","26":"tag-top-stories","27":"tag-topstories"},"share_on_mastodon":{"url":"https:\/\/pubeurope.com\/@se\/115763600776849135","error":""},"_links":{"self":[{"href":"https:\/\/www.europesays.com\/se\/wp-json\/wp\/v2\/posts\/113933","targetHints":{"allow":["GET"]}}],"collection":[{"href":"https:\/\/www.europesays.com\/se\/wp-json\/wp\/v2\/posts"}],"about":[{"href":"https:\/\/www.europesays.com\/se\/wp-json\/wp\/v2\/types\/post"}],"author":[{"embeddable":true,"href":"https:\/\/www.europesays.com\/se\/wp-json\/wp\/v2\/users\/2"}],"replies":[{"embeddable":true,"href":"https:\/\/www.europesays.com\/se\/wp-json\/wp\/v2\/comments?post=113933"}],"version-history":[{"count":0,"href":"https:\/\/www.europesays.com\/se\/wp-json\/wp\/v2\/posts\/113933\/revisions"}],"wp:featuredmedia":[{"embeddable":true,"href":"https:\/\/www.europesays.com\/se\/wp-json\/wp\/v2\/media\/67452"}],"wp:attachment":[{"href":"https:\/\/www.europesays.com\/se\/wp-json\/wp\/v2\/media?parent=113933"}],"wp:term":[{"taxonomy":"category","embeddable":true,"href":"https:\/\/www.europesays.com\/se\/wp-json\/wp\/v2\/categories?post=113933"},{"taxonomy":"post_tag","embeddable":true,"href":"https:\/\/www.europesays.com\/se\/wp-json\/wp\/v2\/tags?post=113933"}],"curies":[{"name":"wp","href":"https:\/\/api.w.org\/{rel}","templated":true}]}}