{"id":113934,"date":"2025-12-22T14:05:12","date_gmt":"2025-12-22T14:05:12","guid":{"rendered":"https:\/\/www.europesays.com\/se\/113934\/"},"modified":"2025-12-22T14:05:12","modified_gmt":"2025-12-22T14:05:12","slug":"kd-vill-kalla-upp-kriminalvarden-efter-paulus-abdelshaheds-fangelseflytt","status":"publish","type":"post","link":"https:\/\/www.europesays.com\/se\/113934\/","title":{"rendered":"KD vill kalla upp Kriminalv\u00e5rden \u2013 efter Paulus Abdelshaheds f\u00e4ngelseflytt"},"content":{"rendered":"<p>Publicerad 22 dec 2025 kl 10.47Uppdaterad kl 13.01<\/p>\n<p>Efter att ha bytt juridiskt k\u00f6n i f\u00e4ngelset flyttas barnam\u00f6rdaren Paulus Abdelshahed till en kvinnoanstalt.<\/p>\n<p>Nu kallar Kristdemokraterna upp Kriminalv\u00e5rdens generaldirekt\u00f6r till riksdagen.<\/p>\n<p>\u2013 Vi undrar hur man till\u00e4mpar den h\u00e4r lagstiftningen, s\u00e4ger Christian Carlsson (KD).<\/p>\n<p><img   alt=\"\"\/><\/p>\n<p>KD:s Christian Carlsson.<\/p>\n<p>Foto: Christine Olsson\/TT<\/p>\n<p>\u00d6ppna bild i helsk\u00e4rm<img loading=\"lazy\"   alt=\"\"\/><\/p>\n<p>Tidaholmsanstalten.<\/p>\n<p>Foto: ANNA H\u00c5LLAMS<\/p>\n<p>\u00d6ppna bild i helsk\u00e4rm<\/p>\n<p>Paulus Abdelshahed, 38, avtj\u00e4nar ett livstidsstraff f\u00f6r mordet p\u00e5 sina tv\u00e5 barn.<\/p>\n<p>Flytten till ett kvinnof\u00e4ngelse f\u00e5r KD att reagera.<\/p>\n<p>\u2013 Det s\u00e4tter fingret p\u00e5 hur fel det var att g\u00f6ra det s\u00e5 mycket l\u00e4ttare att byta juridiskt k\u00f6n, s\u00e4ger socialutskottets ordf\u00f6rande Christian Carlsson.<\/p>\n<p>Nu vill han att <a href=\"https:\/\/www.expressen.se\/tagg\/organization\/kriminalvarden\/\" class=\"\" rel=\"nofollow noopener\" target=\"_blank\">Kriminalv\u00e5rdens<\/a> generaldirekt\u00f6r Martin Holmgren kommer till utskottet.<\/p>\n<p>Tidigare i \u00e5r blev det l\u00e4ttare att byta juridiskt k\u00f6n i och med den nya k\u00f6nstillh\u00f6righetslagen, som KD var emot.<\/p>\n<p>\u00a0\u2013 N\u00e4r vi nu har barnam\u00f6rdare d\u00f6mda till livstid och utvisning som byter juridiskt k\u00f6n, och efter beslut av Kriminalv\u00e5rden flyttas till kvinnof\u00e4ngelse, beh\u00f6ver Kriminalv\u00e5rden komma till riksdagen f\u00f6r att redog\u00f6ra f\u00f6r hur man till\u00e4mpar den nya lagstiftningen, s\u00e4ger Christian Carlsson.<\/p>\n<p>KD: Handlar om kvinnornas s\u00e4kerhet<\/p>\n<p>Efter att ha l\u00e4mnat in sin ans\u00f6kan om att byta juridiskt k\u00f6n flyttades Paulus Abdelshahed till en isoleringscell av s\u00e4kerhetssk\u00e4l.<\/p>\n<p>Det ing\u00e5r som ett sk\u00e4l f\u00f6r Kriminalv\u00e5rdens beslut, och myndigheten skriver att Abdelshahed efter k\u00f6nsbytet \u201dinte tillh\u00f6r m\u00e5lgrupp f\u00f6r placering i anstalten Tidaholm\u201d och ska \u201domplaceras till annan l\u00e4mplig anstalt f\u00f6r att hon ska ges m\u00f6jlighet att \u00e5terg\u00e5 i gemensamhet\u201d.<\/p>\n<p>\u2013 S\u00e4kerhetsaspekten \u00e4r viktig inom Kriminalv\u00e5rden. Men det handlar ocks\u00e5 om s\u00e4kerheten f\u00f6r kvinnorna som \u00e4r intagna, s\u00e4ger Christian Carlsson.<\/p>\n<p>\u2013 Vi vill helt enkelt h\u00f6ra hur man resonerar kring de h\u00e4r best\u00e4mmelserna fram\u00e5t.<\/p>\n","protected":false},"excerpt":{"rendered":"Publicerad 22 dec 2025 kl 10.47Uppdaterad kl 13.01 Efter att ha bytt juridiskt k\u00f6n i f\u00e4ngelset flyttas barnam\u00f6rdaren&hellip;\n","protected":false},"author":2,"featured_media":113935,"comment_status":"","ping_status":"","sticky":false,"template":"","format":"standard","meta":{"footnotes":""},"categories":[5],"tags":[22,23,26,27,17,21,24,25,28,29,15,16,3472,44,18,34,583,31,33,32,30,19,1153,20],"class_list":{"0":"post-113934","1":"post","2":"type-post","3":"status-publish","4":"format-standard","5":"has-post-thumbnail","7":"category-rubriker","8":"tag-breaking-news","9":"tag-breakingnews","10":"tag-featured-news","11":"tag-featurednews","12":"tag-headlines","13":"tag-huvudnyheter","14":"tag-latest-news","15":"tag-latestnews","16":"tag-main-news","17":"tag-mainnews","18":"tag-news","19":"tag-nyheter","20":"tag-organization-kriminalvarden","21":"tag-organization-kristdemokraterna","22":"tag-rubriker","23":"tag-se","24":"tag-sections-politik","25":"tag-svenska","26":"tag-sverige","27":"tag-sweden","28":"tag-swedish","29":"tag-top-stories","30":"tag-topic-kriminalvard-fangelse","31":"tag-topstories"},"share_on_mastodon":{"url":"https:\/\/pubeurope.com\/@se\/115763604566923891","error":""},"_links":{"self":[{"href":"https:\/\/www.europesays.com\/se\/wp-json\/wp\/v2\/posts\/113934","targetHints":{"allow":["GET"]}}],"collection":[{"href":"https:\/\/www.europesays.com\/se\/wp-json\/wp\/v2\/posts"}],"about":[{"href":"https:\/\/www.europesays.com\/se\/wp-json\/wp\/v2\/types\/post"}],"author":[{"embeddable":true,"href":"https:\/\/www.europesays.com\/se\/wp-json\/wp\/v2\/users\/2"}],"replies":[{"embeddable":true,"href":"https:\/\/www.europesays.com\/se\/wp-json\/wp\/v2\/comments?post=113934"}],"version-history":[{"count":0,"href":"https:\/\/www.europesays.com\/se\/wp-json\/wp\/v2\/posts\/113934\/revisions"}],"wp:featuredmedia":[{"embeddable":true,"href":"https:\/\/www.europesays.com\/se\/wp-json\/wp\/v2\/media\/113935"}],"wp:attachment":[{"href":"https:\/\/www.europesays.com\/se\/wp-json\/wp\/v2\/media?parent=113934"}],"wp:term":[{"taxonomy":"category","embeddable":true,"href":"https:\/\/www.europesays.com\/se\/wp-json\/wp\/v2\/categories?post=113934"},{"taxonomy":"post_tag","embeddable":true,"href":"https:\/\/www.europesays.com\/se\/wp-json\/wp\/v2\/tags?post=113934"}],"curies":[{"name":"wp","href":"https:\/\/api.w.org\/{rel}","templated":true}]}}