{"id":113936,"date":"2025-12-22T14:07:18","date_gmt":"2025-12-22T14:07:18","guid":{"rendered":"https:\/\/www.europesays.com\/se\/113936\/"},"modified":"2025-12-22T14:07:18","modified_gmt":"2025-12-22T14:07:18","slug":"8-sidor-afrikas-masterskap-har-borjat","status":"publish","type":"post","link":"https:\/\/www.europesays.com\/se\/113936\/","title":{"rendered":"8 Sidor &#8211; Afrikas m\u00e4sterskap har b\u00f6rjat"},"content":{"rendered":"<p>Marockos spelare Ayoub El Kaabi gjorde ett av m\u00e5len mot Komorerna. Foto: AP\/TT<\/p>\n<p>De afrikanska<br \/>m\u00e4sterskapen<br \/>i fotboll f\u00f6r herrar<br \/>har b\u00f6rjat.<br \/>T\u00e4vlingen \u00e4r<br \/>i landet Marocko.<\/p>\n<p>Den f\u00f6rsta matchen<br \/>var i s\u00f6ndags.<br \/>Marocko vann mot det<br \/>lilla landet Komorerna.<br \/>Matchen slutade 2\u20130.<\/p>\n<p>24 l\u00e4nder \u00e4r med<br \/>i m\u00e4sterskapen.<\/p>\n<p>T\u00e4vlingen h\u00e5ller<br \/>p\u00e5 till den 18 januari.<br \/>D\u00e5 \u00e4r det final.<\/p>\n<p>Marocko \u00e4r en av<br \/>favoriterna till<br \/>att vinna m\u00e4sterskapen.<br \/>Men f\u00f6rra g\u00e5ngen vann<br \/>landet Elfenbenskusten.<\/p>\n<p>8 SIDOR<\/p>\n","protected":false},"excerpt":{"rendered":"Marockos spelare Ayoub El Kaabi gjorde ett av m\u00e5len mot Komorerna. Foto: AP\/TT De afrikanskam\u00e4sterskapeni fotboll f\u00f6r herrarhar&hellip;\n","protected":false},"author":2,"featured_media":113937,"comment_status":"","ping_status":"","sticky":false,"template":"","format":"standard","meta":{"footnotes":""},"categories":[68],"tags":[34,111,110,31,33,32,30],"class_list":{"0":"post-113936","1":"post","2":"type-post","3":"status-publish","4":"format-standard","5":"has-post-thumbnail","7":"category-sport","8":"tag-se","9":"tag-sport","10":"tag-sports","11":"tag-svenska","12":"tag-sverige","13":"tag-sweden","14":"tag-swedish"},"share_on_mastodon":{"url":"https:\/\/pubeurope.com\/@se\/115763612446912856","error":""},"_links":{"self":[{"href":"https:\/\/www.europesays.com\/se\/wp-json\/wp\/v2\/posts\/113936","targetHints":{"allow":["GET"]}}],"collection":[{"href":"https:\/\/www.europesays.com\/se\/wp-json\/wp\/v2\/posts"}],"about":[{"href":"https:\/\/www.europesays.com\/se\/wp-json\/wp\/v2\/types\/post"}],"author":[{"embeddable":true,"href":"https:\/\/www.europesays.com\/se\/wp-json\/wp\/v2\/users\/2"}],"replies":[{"embeddable":true,"href":"https:\/\/www.europesays.com\/se\/wp-json\/wp\/v2\/comments?post=113936"}],"version-history":[{"count":0,"href":"https:\/\/www.europesays.com\/se\/wp-json\/wp\/v2\/posts\/113936\/revisions"}],"wp:featuredmedia":[{"embeddable":true,"href":"https:\/\/www.europesays.com\/se\/wp-json\/wp\/v2\/media\/113937"}],"wp:attachment":[{"href":"https:\/\/www.europesays.com\/se\/wp-json\/wp\/v2\/media?parent=113936"}],"wp:term":[{"taxonomy":"category","embeddable":true,"href":"https:\/\/www.europesays.com\/se\/wp-json\/wp\/v2\/categories?post=113936"},{"taxonomy":"post_tag","embeddable":true,"href":"https:\/\/www.europesays.com\/se\/wp-json\/wp\/v2\/tags?post=113936"}],"curies":[{"name":"wp","href":"https:\/\/api.w.org\/{rel}","templated":true}]}}