{"id":113938,"date":"2025-12-22T14:09:02","date_gmt":"2025-12-22T14:09:02","guid":{"rendered":"https:\/\/www.europesays.com\/se\/113938\/"},"modified":"2025-12-22T14:09:02","modified_gmt":"2025-12-22T14:09:02","slug":"olof-jonmyren-vilden-ar-inte-alltid-adel-men-det-ar-en-bra-story-sn-sodermanlands-nyheter","status":"publish","type":"post","link":"https:\/\/www.europesays.com\/se\/113938\/","title":{"rendered":"OLOF JONMYREN: Vilden \u00e4r inte alltid \u00e4del, men det \u00e4r en bra story &#8211; SN, S\u00f6dermanlands Nyheter"},"content":{"rendered":"<ol>\n<li><a href=\"https:\/\/news.google.com\/rss\/articles\/CBMiogFBVV95cUxNTXh6UUFIOGdUUUJJWnh3SmJvT3lCSzJVem5qRnlZMHQwLWxjM29naV94S3p6Tm9MRGNjc2ZhbjBScWo4NTlSNmtjcVlaZ0szWU1xRkw5UGRkcXVnanhjOTVqM3JaR2lJX2tNVGVWY05GbDJYd0RZZzNBWGhmMlQ1cXhoaGRzbHJCbkkyU196V0UzZTBkN0liRk4wZFRyWndaWVE?oc=5\" target=\"_blank\" rel=\"nofollow noopener\">OLOF JONMYREN: Vilden \u00e4r inte alltid \u00e4del, men det \u00e4r en bra story<\/a>&nbsp;&nbsp;SN, S\u00f6dermanlands Nyheter<\/li>\n<li><a href=\"https:\/\/news.google.com\/rss\/articles\/CBMifEFVX3lxTE9JS2kwZEJKZkw1OC1DVldYR0dGUF9MdkRDTXdzcWtjYlE2aXFHZWt2MXVDTzBPM3BxZGs3MXhxalgxYjJuX0pHWDg2MU9vUWRlU001Q3czYXJrQjFFWEZEUHBPWHFpLVpfNUhSUXN0REFhdXJ3RFpZbjJ1Ukg?oc=5\" target=\"_blank\" rel=\"nofollow noopener\">Recension: \u201dAvatar: Fire and Ash\u201d av James Cameron<\/a>&nbsp;&nbsp;SVT Nyheter<\/li>\n<li><a href=\"https:\/\/news.google.com\/rss\/articles\/CBMidEFVX3lxTE96S2sxRlBTUUlIUE5vRkdRaTYzcy1HcnJ2QzNYcXRvMXppMkNtMTh5LWtpdmIxR0p1TFNoZmxiYWJyVnRGeWpDQ19tMEtKYnV3b0xLNGdwMzk0dDRrWWFrWWhIRi0tREpnbWc2cTdPZ050Rm12?oc=5\" target=\"_blank\" rel=\"nofollow noopener\">Nya \u201dAvatar&#8221; dominerade biohelgen<\/a>&nbsp;&nbsp;V\u00e4sterbottens-Kuriren<\/li>\n<li><a href=\"https:\/\/news.google.com\/rss\/articles\/CBMic0FVX3lxTE01a3pmaWh3NktNemRFT1dSZm4wYzlQOHZtLVh4ODZ6UTlIWjlKSjBlVFd1MzFGMDhCU0Z6eElUZDctWVNBM3ZMOVY3WldZaE40SG5Vby1qb2JZWURLcnp0dXhmRmJjNUNCT2VvMVVxb0ZEOFE?oc=5\" target=\"_blank\" rel=\"nofollow noopener\">Varf\u00f6r skulle n\u00e5gon vilja se \u00e4nnu en Avatar-film?<\/a>&nbsp;&nbsp;SvD<\/li>\n<li><a href=\"https:\/\/news.google.com\/rss\/articles\/CBMiuwFBVV95cUxOdVpQaUJBbVdEc09sMWhmVnVQRmhPTGVnRXVFUDFiaWhjLTBKcTR2alBEY0ZPbGdyMUZCRjZYU1I0Y1lCU3pGazZNMXA5c0dKOWxDSlJsbmZEU3hTdUhCNFFiU0xKSzhrVFFsM2JkS2N0cVJDZWN6eEhjY3JQWFh1OHRfb2U3dnFjdi0zdWIxOHNpMXIxTlNPNWxrYTdPSFdZMjBGS2hyd1dvSkRMNTVWSnhxR28yNXNVcVdn?oc=5\" target=\"_blank\" rel=\"nofollow noopener\">Avatar: Fire and Ash st\u00e5r f\u00f6r en av \u00e5rets st\u00f6rsta premi\u00e4rer &#8211; men kl\u00e5r inte Zootopia 2<\/a>&nbsp;&nbsp;Gamereactor<\/li>\n<\/ol>\n","protected":false},"excerpt":{"rendered":"OLOF JONMYREN: Vilden \u00e4r inte alltid \u00e4del, men det \u00e4r en bra story&nbsp;&nbsp;SN, S\u00f6dermanlands Nyheter Recension: \u201dAvatar: Fire&hellip;\n","protected":false},"author":2,"featured_media":113939,"comment_status":"","ping_status":"","sticky":false,"template":"","format":"standard","meta":{"footnotes":""},"categories":[67],"tags":[104,34,31,33,32,30,105],"class_list":{"0":"post-113938","1":"post","2":"type-post","3":"status-publish","4":"format-standard","5":"has-post-thumbnail","7":"category-underhallning","8":"tag-entertainment","9":"tag-se","10":"tag-svenska","11":"tag-sverige","12":"tag-sweden","13":"tag-swedish","14":"tag-underhallning"},"share_on_mastodon":{"url":"","error":""},"_links":{"self":[{"href":"https:\/\/www.europesays.com\/se\/wp-json\/wp\/v2\/posts\/113938","targetHints":{"allow":["GET"]}}],"collection":[{"href":"https:\/\/www.europesays.com\/se\/wp-json\/wp\/v2\/posts"}],"about":[{"href":"https:\/\/www.europesays.com\/se\/wp-json\/wp\/v2\/types\/post"}],"author":[{"embeddable":true,"href":"https:\/\/www.europesays.com\/se\/wp-json\/wp\/v2\/users\/2"}],"replies":[{"embeddable":true,"href":"https:\/\/www.europesays.com\/se\/wp-json\/wp\/v2\/comments?post=113938"}],"version-history":[{"count":0,"href":"https:\/\/www.europesays.com\/se\/wp-json\/wp\/v2\/posts\/113938\/revisions"}],"wp:featuredmedia":[{"embeddable":true,"href":"https:\/\/www.europesays.com\/se\/wp-json\/wp\/v2\/media\/113939"}],"wp:attachment":[{"href":"https:\/\/www.europesays.com\/se\/wp-json\/wp\/v2\/media?parent=113938"}],"wp:term":[{"taxonomy":"category","embeddable":true,"href":"https:\/\/www.europesays.com\/se\/wp-json\/wp\/v2\/categories?post=113938"},{"taxonomy":"post_tag","embeddable":true,"href":"https:\/\/www.europesays.com\/se\/wp-json\/wp\/v2\/tags?post=113938"}],"curies":[{"name":"wp","href":"https:\/\/api.w.org\/{rel}","templated":true}]}}