{"id":113942,"date":"2025-12-22T14:11:10","date_gmt":"2025-12-22T14:11:10","guid":{"rendered":"https:\/\/www.europesays.com\/se\/113942\/"},"modified":"2025-12-22T14:11:10","modified_gmt":"2025-12-22T14:11:10","slug":"ny-forbundsdirektor-for-almega-sakerhetsforetagen","status":"publish","type":"post","link":"https:\/\/www.europesays.com\/se\/113942\/","title":{"rendered":"Ny f\u00f6rbundsdirekt\u00f6r f\u00f6r Almega S\u00e4kerhetsf\u00f6retagen"},"content":{"rendered":"<p class=\"intro\">Maria Elinder blir ny f\u00f6rbundsdirekt\u00f6r f\u00f6r S\u00e4kerhetsf\u00f6retagen. Hon kommer n\u00e4rmast fr\u00e5n en tj\u00e4nst som utvecklingschef inom Almega och tilltr\u00e4der sin nya tj\u00e4nst vid \u00e5rsskiftet.<\/p>\n<p>\u2013 Jag \u00e4r glad \u00f6ver f\u00f6rtroendet och enormt motiverad att leda S\u00e4kerhetsf\u00f6retagen vars medlemmar fyller en allt viktigare funktion i samh\u00e4llet genom att \u00f6ka tryggheten i offentliga milj\u00f6er, skolor, kollektivtrafik och vid evenemang. I tider av \u00f6kad g\u00e4ngkriminalitet och v\u00e5ld \u00e4r deras insats avg\u00f6rande f\u00f6r att avlasta polisen i det offentliga trygghetsarbetet, s\u00e4ger Maria Elinder.<\/p>\n<p>Maria Elinder har en gedigen bakgrund inom arbetsr\u00e4tt och f\u00f6rhandling. N\u00e4rmast kommer hon fr\u00e5n tj\u00e4nsten som utvecklingschef p\u00e5 Almega d\u00e4r hon drivit strategiska projekt inom digitalisering och AI, samt arbetat med kompetensomst\u00e4llning och ledarskapsutveckling.<\/p>\n<p>\u2013\u00a0Jag \u00e4r mycket glad \u00f6ver att kunna v\u00e4lkomna Maria Elinder till S\u00e4kerhetsf\u00f6retagen.\u00a0Hennes gedigna erfarenhet fr\u00e5n f\u00f6rhandlingar och arbetsgivarst\u00f6d i kombination i med\u00a0den kompetens hon byggt upp kring framtidens arbetsmarknad g\u00f6r henne till ett\u00a0ov\u00e4rderligt tillskott i v\u00e5r bransch som \u00e4r under stark tillv\u00e4xt och omst\u00e4llning inom tj\u00e4nstesektorn, s\u00e4ger S\u00e4kerhetsf\u00f6retagens ordf\u00f6rande Joakim K\u00e4llsholm.<\/p>\n<p>Almegas vd, Ann \u00d6berg, \u00e4r ocks\u00e5 n\u00f6jd med rekryteringen.<\/p>\n<p>\u2013\u00a0Givet\u00a0det aff\u00e4rsutvecklingsarbete som skett under Maria Elinders ledning p\u00e5 Almega\u00a0\u00e4r jag \u00f6vertygad om att hon\u00a0kommer att\u00a0g\u00f6ra\u00a0ett\u00a0viktigt\u00a0och\u00a0v\u00e4rdefullt\u00a0arbete f\u00f6r\u00a0S\u00e4kerhetsf\u00f6retagen. Samtidigt blir hon kvar inom Almega och jag ser fram emot att\u00a0vi\u00a0\u00e4ven forts\u00e4ttningsvis\u00a0f\u00e5r\u00a0skapa\u00a0de b\u00e4sta\u00a0f\u00f6ruts\u00e4ttningarna\u00a0tillsammans f\u00f6r medlemsf\u00f6retagen, s\u00e4ger Ann \u00d6berg.<\/p>\n<p>\n        <strong>Publicerad:<\/strong> 22 december 2025<br \/><strong>Senast uppdaterad:<\/strong> 22 december 2025<\/p>\n","protected":false},"excerpt":{"rendered":"Maria Elinder blir ny f\u00f6rbundsdirekt\u00f6r f\u00f6r S\u00e4kerhetsf\u00f6retagen. Hon kommer n\u00e4rmast fr\u00e5n en tj\u00e4nst som utvecklingschef inom Almega och&hellip;\n","protected":false},"author":2,"featured_media":48542,"comment_status":"","ping_status":"","sticky":false,"template":"","format":"standard","meta":{"footnotes":""},"categories":[65],"tags":[72,70,71,34,31,33,32,30],"class_list":{"0":"post-113942","1":"post","2":"type-post","3":"status-publish","4":"format-standard","5":"has-post-thumbnail","7":"category-ekonomi","8":"tag-business","9":"tag-economy","10":"tag-ekonomi","11":"tag-se","12":"tag-svenska","13":"tag-sverige","14":"tag-sweden","15":"tag-swedish"},"share_on_mastodon":{"url":"https:\/\/pubeurope.com\/@se\/115763628166905970","error":""},"_links":{"self":[{"href":"https:\/\/www.europesays.com\/se\/wp-json\/wp\/v2\/posts\/113942","targetHints":{"allow":["GET"]}}],"collection":[{"href":"https:\/\/www.europesays.com\/se\/wp-json\/wp\/v2\/posts"}],"about":[{"href":"https:\/\/www.europesays.com\/se\/wp-json\/wp\/v2\/types\/post"}],"author":[{"embeddable":true,"href":"https:\/\/www.europesays.com\/se\/wp-json\/wp\/v2\/users\/2"}],"replies":[{"embeddable":true,"href":"https:\/\/www.europesays.com\/se\/wp-json\/wp\/v2\/comments?post=113942"}],"version-history":[{"count":0,"href":"https:\/\/www.europesays.com\/se\/wp-json\/wp\/v2\/posts\/113942\/revisions"}],"wp:featuredmedia":[{"embeddable":true,"href":"https:\/\/www.europesays.com\/se\/wp-json\/wp\/v2\/media\/48542"}],"wp:attachment":[{"href":"https:\/\/www.europesays.com\/se\/wp-json\/wp\/v2\/media?parent=113942"}],"wp:term":[{"taxonomy":"category","embeddable":true,"href":"https:\/\/www.europesays.com\/se\/wp-json\/wp\/v2\/categories?post=113942"},{"taxonomy":"post_tag","embeddable":true,"href":"https:\/\/www.europesays.com\/se\/wp-json\/wp\/v2\/tags?post=113942"}],"curies":[{"name":"wp","href":"https:\/\/api.w.org\/{rel}","templated":true}]}}