{"id":113943,"date":"2025-12-22T14:13:14","date_gmt":"2025-12-22T14:13:14","guid":{"rendered":"https:\/\/www.europesays.com\/se\/113943\/"},"modified":"2025-12-22T14:13:14","modified_gmt":"2025-12-22T14:13:14","slug":"kamerabevakning-med-dronare-i-umea-2","status":"publish","type":"post","link":"https:\/\/www.europesays.com\/se\/113943\/","title":{"rendered":"Kamerabevakning med dr\u00f6nare i Ume\u00e5"},"content":{"rendered":"<p>            &#13;<br \/>\n                &#13;<br \/>\n                &#13;<br \/>\n                &#13;<br \/>\n                &#13;<br \/>\n                <img decoding=\"async\" src=\"https:\/\/www.europesays.com\/se\/wp-content\/uploads\/2025\/12\/1766412794_33_\" alt=\"Karta \u00f6ver bevakningsomr\u00e5det i Ume\u00e5 centrum, ut\u00f6kat omr\u00e5de markerat i gult.\" width=\"720\" height=\"614\" loading=\"lazy\"\/>&#13;<\/p>\n<p class=\"image-info\">&#13;<br \/>\n            Karta \u00f6ver bevakningsomr\u00e5det i Ume\u00e5 centrum, ut\u00f6kat omr\u00e5de markerat i gult. Bild: Polismyndigheten&#13;\n        <\/p>\n<p class=\"preamble\">&#13;<br \/>\n            Polisen har beslutat om tillf\u00e4lligt ut\u00f6kat omr\u00e5de f\u00f6r kamerabevakning med dr\u00f6nare i Ume\u00e5 centrum under ny\u00e5rsfirandet den 31 december\u2013den 1 januari.&#13;\n        <\/p>\n<p>Beslutet g\u00e4ller fr\u00e5n klockan 23:00 den 31 december till och med klockan 01:00 den 1 januari i omr\u00e5de enligt kartbild. Omr\u00e5det angr\u00e4nsar direkt till de platser d\u00e4r Polismyndigheten redan bedriver kamerabevakning.<\/p>\n<p>Syftet \u00e4r att f\u00f6rebygga, f\u00f6rhindra och uppt\u00e4cka brott samt underl\u00e4tta och m\u00f6jligg\u00f6ra utredning och bevisning av intr\u00e4ffade brott.<\/p>\n<p>Kyrkbron st\u00e4ngd<\/p>\n<p>Ume\u00e5 kommun har fattat beslut om att Kyrkbron kommer att vara avst\u00e4ngd f\u00f6r fordonstrafik klockan 23:30\u201300:30. P\u00e5 \u00f6vriga broar r\u00e5der stoppf\u00f6rbud.<\/p>\n<p>    Om kamerabevakning med dr\u00f6nare<\/p>\n<ul>\n<li>Polisen anv\u00e4nder UAS (unmanned aircraft system), det vill s\u00e4ga ett obemannat luftfartygssystem eller dr\u00f6narsystem.<\/li>\n<li>Polisen har r\u00e4tt att anv\u00e4nda kamerabevakning p\u00e5 allm\u00e4nna platser om intresset av bevakningen v\u00e4ger tyngre \u00e4n den enskildes intresse av att inte bli bevakad. N\u00e4r bed\u00f6mningen om kamera\u00f6vervakning g\u00f6rs tas s\u00e4rskild h\u00e4nsyn till om bevakningen beh\u00f6vs f\u00f6r att f\u00f6rebygga, f\u00f6rhindra eller uppt\u00e4cka brottslig verksamhet. H\u00e4nsyn tas \u00e4ven till om bevakningen g\u00f6rs f\u00f6r att utreda eller lagf\u00f6ra brott eller p\u00e5 en plats d\u00e4r det finns s\u00e4rskild anledning f\u00f6r risk f\u00f6r angrepp p\u00e5 n\u00e5gons liv, h\u00e4lsa, trygghet eller p\u00e5 egendom. Polisen har \u00e4ven r\u00e4tt att kamerabevaka i syfte att uppr\u00e4tth\u00e5lla allm\u00e4n ordning och s\u00e4kerhet.<\/li>\n<li>Filmmaterialet f\u00e5r polisen anv\u00e4nda i utrednings- och lagf\u00f6ringsarbete. Materialet kan komma att anv\u00e4ndas som bevismaterial i en r\u00e4tteg\u00e5ng, vilket kan vara avg\u00f6rande om det till exempel saknas vittnen.<\/li>\n<li>Beslutet om kamerabevakning ger inte polisen r\u00e4tt att filma in i bost\u00e4der utan endast p\u00e5 platser som \u00e4r allm\u00e4nna. D\u00e5 polisens dr\u00f6nare i regel flyger p\u00e5 h\u00f6ga h\u00f6jder \u00e4r det inte m\u00f6jligt att identifiera enskilda individer i filmen.<\/li>\n<li>L\u00e4s mer om hur polisen behandlar\u00a0<a href=\"https:\/\/polisen.se\/lagar-och-regler\/behandling-av-personuppgifter\/\" rel=\"nofollow noopener\" target=\"_blank\">personuppgifter<\/a>.<\/li>\n<\/ul>\n<p>&#13;<br \/>\n                    <strong>&#13;<br \/>\n                        Publicerad&#13;<br \/>\n                    <\/strong>&#13;<br \/>\n                    &#13;<br \/>\n                        22 december 2025 15.05&#13;<br \/>\n                    &#13;<br \/>\n                    <br \/>&#13;\n            <\/p>\n<p>        &#13;<br \/>\n    &#13;<br \/>\n    &#13;<\/p>\n","protected":false},"excerpt":{"rendered":"&#13; &#13; &#13; &#13; &#13; &#13; &#13; Karta \u00f6ver bevakningsomr\u00e5det i Ume\u00e5 centrum, ut\u00f6kat omr\u00e5de markerat i gult.&hellip;\n","protected":false},"author":2,"featured_media":54,"comment_status":"","ping_status":"","sticky":false,"template":"","format":"standard","meta":{"footnotes":""},"categories":[12],"tags":[22,23,26,27,17,21,24,25,28,29,15,16,18,34,31,33,32,30,19,20],"class_list":{"0":"post-113943","1":"post","2":"type-post","3":"status-publish","4":"format-standard","5":"has-post-thumbnail","7":"category-sverige","8":"tag-breaking-news","9":"tag-breakingnews","10":"tag-featured-news","11":"tag-featurednews","12":"tag-headlines","13":"tag-huvudnyheter","14":"tag-latest-news","15":"tag-latestnews","16":"tag-main-news","17":"tag-mainnews","18":"tag-news","19":"tag-nyheter","20":"tag-rubriker","21":"tag-se","22":"tag-svenska","23":"tag-sverige","24":"tag-sweden","25":"tag-swedish","26":"tag-top-stories","27":"tag-topstories"},"share_on_mastodon":{"url":"https:\/\/pubeurope.com\/@se\/115763636401773141","error":""},"_links":{"self":[{"href":"https:\/\/www.europesays.com\/se\/wp-json\/wp\/v2\/posts\/113943","targetHints":{"allow":["GET"]}}],"collection":[{"href":"https:\/\/www.europesays.com\/se\/wp-json\/wp\/v2\/posts"}],"about":[{"href":"https:\/\/www.europesays.com\/se\/wp-json\/wp\/v2\/types\/post"}],"author":[{"embeddable":true,"href":"https:\/\/www.europesays.com\/se\/wp-json\/wp\/v2\/users\/2"}],"replies":[{"embeddable":true,"href":"https:\/\/www.europesays.com\/se\/wp-json\/wp\/v2\/comments?post=113943"}],"version-history":[{"count":0,"href":"https:\/\/www.europesays.com\/se\/wp-json\/wp\/v2\/posts\/113943\/revisions"}],"wp:featuredmedia":[{"embeddable":true,"href":"https:\/\/www.europesays.com\/se\/wp-json\/wp\/v2\/media\/54"}],"wp:attachment":[{"href":"https:\/\/www.europesays.com\/se\/wp-json\/wp\/v2\/media?parent=113943"}],"wp:term":[{"taxonomy":"category","embeddable":true,"href":"https:\/\/www.europesays.com\/se\/wp-json\/wp\/v2\/categories?post=113943"},{"taxonomy":"post_tag","embeddable":true,"href":"https:\/\/www.europesays.com\/se\/wp-json\/wp\/v2\/tags?post=113943"}],"curies":[{"name":"wp","href":"https:\/\/api.w.org\/{rel}","templated":true}]}}